{"id":154780,"date":"2025-10-03T11:27:18","date_gmt":"2025-10-03T11:27:18","guid":{"rendered":"https:\/\/www.europesays.com\/es\/154780\/"},"modified":"2025-10-03T11:27:18","modified_gmt":"2025-10-03T11:27:18","slug":"pasarse-de-ambicion-si-podria-volverse-en-contra-de-pogacar","status":"publish","type":"post","link":"https:\/\/www.europesays.com\/es\/154780\/","title":{"rendered":"Pasarse de ambici\u00f3n s\u00ed podr\u00eda volverse en contra de Pogacar\u00a0"},"content":{"rendered":"<p>\t\t\t\t\t\t\t\t\t\t\t\t\t\t<a href=\"https:\/\/www.dtswiss.com\/es\" rel=\"nofollow noopener\" target=\"_blank\"><img loading=\"lazy\" decoding=\"async\" class=\"aligncenter wp-image-65007 size-full\" src=\"data:image\/svg+xml,%3Csvg%20xmlns=\" http:=\"\" alt=\"\" width=\"1024\" height=\"140\" data-lazy- data-lazy- data-lazy-src=\"https:\/\/www.europesays.com\/es\/wp-content\/uploads\/2025\/08\/joanseguidor-1024x140px-es-erc1100.png\"\/><\/a><br \/>\n<strong>Uijtdebroeks devuelve al Movistar a la \u00f3rbita de los transfers sonados\u00a0<\/strong><\/p>\n<p data-start=\"127\" data-end=\"448\">Por segunda vez en dos a\u00f1os, Cian Uijtdebroeks rompe un contrato antes de tiempo, aunque esta vez sin tanto rollo ni culebr\u00f3n.<\/p>\n<p data-start=\"127\" data-end=\"448\"><strong>El joven belga, que ten\u00eda contrato con Visma hasta 2027, ha decidido dar el salto a Movistar Team<\/strong>, con un contrato hasta 2029.<\/p>\n<p data-start=\"127\" data-end=\"448\">Ya lo hab\u00eda hecho antes: <strong>a finales de 2023 dej\u00f3 Bora-Hansgrohe para fichar por Visma<\/strong>.<\/p>\n<p><a class=\"wppaslink\" href=\"https:\/\/joanseguidor.com\/pas\/ccmm-valenciana\/44016\/0\" target=\"_blank\" rel=\"nofollow noopener\"><img decoding=\"async\" src=\"data:image\/svg+xml,%3Csvg%20xmlns=\" http:=\"\" alt=\"CCMM Valenciana\" border=\"0\" data-lazy-src=\"https:\/\/www.europesays.com\/es\/wp-content\/uploads\/2025\/10\/1759490837_91_tl-joanseguidorcom-1024x140-1.png\"\/><\/a><\/p>\n<p data-start=\"450\" data-end=\"920\">No es un movimiento cualquiera.<\/p>\n<p data-start=\"450\" data-end=\"920\">Que un ciclista rompa dos contratos seguidos no pasa desapercibido, y <strong>sit\u00faa a Movistar en el epicentro de los transfers m\u00e1s sonados<\/strong>.<\/p>\n<p data-start=\"450\" data-end=\"920\">Aunque conviene decirlo claro: <strong>Uijtdebroeks no llega como una estrella consolidada, sino como una promesa que ha visto frenada su progresi\u00f3n<\/strong>.<\/p>\n<p data-start=\"450\" data-end=\"920\">Con apenas 22 a\u00f1os, el campe\u00f3n del Porvenir 2022 todav\u00eda <a href=\"https:\/\/joanseguidor.com\/el-camino-de-vuelta-de-cian-uijtdebroeks\/\" target=\"_blank\" rel=\"noopener nofollow\">guarda mucho talento<\/a>, pero tambi\u00e9n llega con muchas dudas por lesiones y problemas de forma.<\/p>\n<p data-start=\"922\" data-end=\"1302\">En Visma lo explican as\u00ed: \u201cNo pod\u00edamos ofrecerle el papel y el calendario que \u00e9l considera esenciales para su desarrollo\u201d, dec\u00eda Richard Plugge, CEO del equipo.<\/p>\n<p data-start=\"922\" data-end=\"1302\">O sea, que no hay sitio para todos, cosa que sucede cuando se acapara tantas estrellas, v\u00e9ase <a href=\"https:\/\/joanseguidor.com\/juan-ayuso-sin-excusas-ni-techos-en-el-lidl-trek\/\" target=\"_blank\" rel=\"noopener nofollow\">Ayuso<\/a>.<\/p>\n<p data-start=\"922\" data-end=\"1302\">Y el propio Cian reconoce que busca dar un paso adelante: quiere crecer como corredor de clasificaci\u00f3n general en grandes vueltas, y <strong>cree que Movistar, con corredores como Enric Mas, es el entorno ideal para lograrlo<\/strong>.<\/p>\n<p data-start=\"922\" data-end=\"1302\">Por fin le ponen al lado a alguien con cara y ojos a Enric Mas.<\/p>\n<p data-start=\"1304\" data-end=\"1632\">Movistar lo ve como una apuesta de futuro. Eusebio Unzu\u00e9 se\u00f1ala que Cian \u201ctiene la capacidad de ilusionar, no solo por lo que puede lograr, sino tambi\u00e9n por lo que ya ha demostrado\u201d.<\/p>\n<p data-start=\"1304\" data-end=\"1632\">El belga llega con ganas de aprender, crecer y aportar, <strong>consciente de la historia y tradici\u00f3n del equipo espa\u00f1ol en las grandes vueltas<\/strong>.<\/p>\n<p data-start=\"1634\" data-end=\"2095\">Uijtdebroeks ha dejado claro que quiere abrir nuevos horizontes.<\/p>\n<p data-start=\"1634\" data-end=\"2095\"><a href=\"https:\/\/www.turismodecastellon.com\/es\/que-hacer\/rutaCicloturismo\" rel=\"nofollow noopener\" target=\"_blank\"><img loading=\"lazy\" decoding=\"async\" class=\"aligncenter wp-image-66569 size-medium\" src=\"data:image\/svg+xml,%3Csvg%20xmlns=\" http:=\"\" alt=\"\" width=\"300\" height=\"293\" data-lazy- data-lazy- data-lazy-src=\"https:\/\/www.europesays.com\/es\/wp-content\/uploads\/2025\/09\/bn-castellon-cycling-1024x1000-3-300x293.gif\"\/><\/a><\/p>\n<p data-start=\"1634\" data-end=\"2095\">\u201cVisma me ha dado mucho, pero ahora necesito afrontar nuevos retos\u201d, reconoce.<\/p>\n<p data-start=\"1634\" data-end=\"2095\">Su llegada pone a Movistar en la \u00f3rbita de los grandes movimientos del mercado, y alimenta expectativas: \u00bfser\u00e1 Cian la figura que recupere parte de la ilusi\u00f3n perdida del equipo?<\/p>\n<p data-start=\"1634\" data-end=\"2095\">O, por el contrario, \u00bfser\u00e1 otro talento emergente que no termina de explotar? Lo cierto es que su fichaje no dejar\u00e1 a nadie indiferente.<\/p>\n<p data-start=\"2097\" data-end=\"2248\"><strong>Movistar ya tiene su respuesta: dar cancha a un ciclista joven, con ambici\u00f3n, que llega con hambre de demostrar<\/strong>.<\/p>\n<p data-start=\"2097\" data-end=\"2248\">El pelot\u00f3n, mientras tanto, observa.<\/p>\n<p data-start=\"2097\" data-end=\"2248\"><img loading=\"lazy\" decoding=\"async\" class=\"aligncenter\" src=\"data:image\/svg+xml,%3Csvg%20xmlns=\" http:=\"\" alt=\"\" width=\"1024\" height=\"400\" data-lazy-src=\"https:\/\/www.europesays.com\/es\/wp-content\/uploads\/2025\/07\/1753913949_219_1024x400-cicloturisme-joanseguidor.jpg\"\/><\/p>\n","protected":false},"excerpt":{"rendered":"Uijtdebroeks devuelve al Movistar a la \u00f3rbita de los transfers sonados\u00a0 Por segunda vez en dos a\u00f1os, Cian&hellip;\n","protected":false},"author":2,"featured_media":154781,"comment_status":"","ping_status":"","sticky":false,"template":"","format":"standard","meta":{"footnotes":""},"categories":[273],"tags":[313,312,168,25,24,2548,23,167,463,2550],"class_list":{"0":"post-154780","1":"post","2":"type-post","3":"status-publish","4":"format-standard","5":"has-post-thumbnail","7":"category-ciclismo","8":"tag-ciclismo","9":"tag-cycling","10":"tag-deportes","11":"tag-es","12":"tag-espana","13":"tag-featured","14":"tag-spain","15":"tag-sports","16":"tag-tadej-pogacar","17":"tag-tourfrancia"},"share_on_mastodon":{"url":"","error":""},"_links":{"self":[{"href":"https:\/\/www.europesays.com\/es\/wp-json\/wp\/v2\/posts\/154780","targetHints":{"allow":["GET"]}}],"collection":[{"href":"https:\/\/www.europesays.com\/es\/wp-json\/wp\/v2\/posts"}],"about":[{"href":"https:\/\/www.europesays.com\/es\/wp-json\/wp\/v2\/types\/post"}],"author":[{"embeddable":true,"href":"https:\/\/www.europesays.com\/es\/wp-json\/wp\/v2\/users\/2"}],"replies":[{"embeddable":true,"href":"https:\/\/www.europesays.com\/es\/wp-json\/wp\/v2\/comments?post=154780"}],"version-history":[{"count":0,"href":"https:\/\/www.europesays.com\/es\/wp-json\/wp\/v2\/posts\/154780\/revisions"}],"wp:featuredmedia":[{"embeddable":true,"href":"https:\/\/www.europesays.com\/es\/wp-json\/wp\/v2\/media\/154781"}],"wp:attachment":[{"href":"https:\/\/www.europesays.com\/es\/wp-json\/wp\/v2\/media?parent=154780"}],"wp:term":[{"taxonomy":"category","embeddable":true,"href":"https:\/\/www.europesays.com\/es\/wp-json\/wp\/v2\/categories?post=154780"},{"taxonomy":"post_tag","embeddable":true,"href":"https:\/\/www.europesays.com\/es\/wp-json\/wp\/v2\/tags?post=154780"}],"curies":[{"name":"wp","href":"https:\/\/api.w.org\/{rel}","templated":true}]}}