{"id":154784,"date":"2025-10-03T11:29:14","date_gmt":"2025-10-03T11:29:14","guid":{"rendered":"https:\/\/www.europesays.com\/es\/154784\/"},"modified":"2025-10-03T11:29:14","modified_gmt":"2025-10-03T11:29:14","slug":"deberiamos-estar-mas-tiempo-del-partido-duros-atras-intensos","status":"publish","type":"post","link":"https:\/\/www.europesays.com\/es\/154784\/","title":{"rendered":"\u00abDeber\u00edamos estar m\u00e1s tiempo del partido duros atr\u00e1s, intensos\u00bb"},"content":{"rendered":"<p>\t\t\t\t\t\t\u00abSi llegamos a muchos finales de cuarto con tres o cuatro faltas por hacer, en esta Liga te lo penalizan mucho\u00bb, advierte el p\u00edvot extreme\u00f1o<br \/>\n\t\t\t\t\t\t\t\t\t\t\t\t<strong>30 sep 2025<\/strong> . Actualizado a las 22:23 h.\t\t\t\t\t\t<\/p>\n<p class=\"first-paragraph txt\">\u00c1lex Gal\u00e1n (Badajoz, 1999) es el comod\u00edn del Monbus Obradoiro en la pintura, el p\u00edvot que tanto puede desenvolverse en el cuatro como en el cinco y mezclar con cualquiera de los compa\u00f1eros del juego interior. El equipo reanud\u00f3 los entrenamientos ya sin el lesionado Goran Huskic y Epi todav\u00eda no ha reformulado la qu\u00edmica del colectivo, obligado por la lesi\u00f3n del serbio. Pero todo apunta a que el extreme\u00f1o ser\u00e1 la primera opci\u00f3n para atenuar esa baja, por su polivalencia, y que jugar\u00e1 como cinco.<\/p>\n<p class=\"txt\"><strong>\u2014\u00bfHa desempolvado ya el manual del cinco, por si acaso? <\/strong><\/p>\n<p class=\"txt\">\u2014De momento no hemos hablado nada. Creo que la posici\u00f3n, de momento, est\u00e1 bien cubierta con Aitor y Felipe. Pero si es lo que necesita Epi, por supuesto que estar\u00e9 ah\u00ed. Vamos a ver c\u00f3mo transcurre el partido y qu\u00e9 necesitamos.<\/p>\n<p class=\"txt\"><strong>\u2014\u00bfA usted le da igual jugar en el cuatro o en el cinco? <\/strong><\/p>\n<p class=\"txt\">\u2014Me siento c\u00f3modo en las dos. Creo que en el cinco, al final, sufro un poco m\u00e1s porque la gente es m\u00e1s grande que yo. Pero tambi\u00e9n me siento c\u00f3modo porque suelen ser m\u00e1s lentos. No tengo ning\u00fan problema con cualquiera de las dos. Solo hemos tenido la primera sesi\u00f3n despu\u00e9s del partido del pasado fin de semana.<\/p>\n<p class=\"txt\"><strong>\u2014\u00bfEn qu\u00e9 le cambia el chip? <\/strong><\/p>\n<p class=\"txt\">\u2014No me cambia en absolutamente nada. Simplemente, tenemos ganas de trabajar, que no vuelva a pasar lo que pas\u00f3 el fin de semana pasado, y poco m\u00e1s.<\/p>\n<p class=\"txt\"><strong>\u2014Hay cierta inquietud por dos aspectos. Uno es que encajando 97 puntos es muy dif\u00edcil ganar. <\/strong><\/p>\n<p class=\"txt\">\u2014Est\u00e1 claro. Es cierto que ellos tienen al final much\u00edsimo acierto en el tiro de tres, pero gran parte es responsabilidad nuestra. Y, obviamente, encajando tantos puntos, y m\u00e1s fuera de casa, es muy complicado ganar en esta liga.<\/p>\n<p class=\"txt\"><strong>\u2014Por una parte est\u00e1 el acierto del rival. Por otro, morder m\u00e1s y consumir m\u00e1s faltas. <\/strong><\/p>\n<p class=\"txt\">\u2014Si llegamos a muchos finales de cuarto con tres o cuatro faltas por hacer, en esta Liga te lo penalizan mucho. Yo tambi\u00e9n creo que deber\u00edamos estar m\u00e1s tiempo del partido duros atr\u00e1s, intensos. Al final eso se not\u00f3, se reflej\u00f3 en el resultado. Porque ellos s\u00ed que pueden meter mucho, pero, al final, quiz\u00e1s un poco, dejamos nosotros que se calentasen sus jugadores que m\u00e1s pueden anotar.<\/p>\n<p class=\"txt\"><strong>\u2014La otra cuesti\u00f3n, que tambi\u00e9n enlaza con la anterior, es el control del rebote. Y el Menorca ven\u00eda de flaquear en ese frente en pretemporada. <\/strong><\/p>\n<p class=\"txt\">\u2014Es algo en lo que hemos tenido problemas durante la pretemporada. Nos est\u00e1 costando y es algo en lo que tenemos que mejorar, porque hay muchas veces en las que si dominas el rebote dominas el partido.<\/p>\n<p class=\"txt\"><strong>\u2014De hecho, las dos veces que se acercaron a cinco puntos vienen cuando lograron aminorar su nivel de acierto y cerraron el rebote. <\/strong><\/p>\n<p class=\"txt\">\u2014S\u00ed. Es verdad que nos hicieron da\u00f1o con segundas opciones pero. Pero, adem\u00e1s, en momentos importantes, cuando nos conseguimos acercar en el marcador, lograron encadenar dos acciones buenas o fuimos nosotros los que cometimos un par de errores.<\/p>\n<p class=\"txt\"><strong>\u2014\u00bfLes llega el runr\u00fan del desasosiego, de que est\u00e1 faltando fiabilidad? <\/strong><\/p>\n<p class=\"txt\">\u2014Nosotros seguimos centrados en lo que tenemos que hacer. Seamos los que seamos vamos a intentar hacerlo lo mejor posible para llevarnos la victoria el s\u00e1bado. Y no hay mucho m\u00e1s que decir.<\/p>\n<p class=\"txt\"><strong>\u2014\u00bfPor d\u00f3nde cree que puede venir el margen de mejora? <\/strong><\/p>\n<p class=\"txt\">\u2014Debemos mejorar en pasar m\u00e1s tiempo de partido concentrados en las cosas que tenemos que hacer, estar duros atr\u00e1s, cerrar el rebote, coger rebotes y, a partir de ah\u00ed, en ataque, creo que ir\u00e1n saliendo las cosas solas. Va todo unido.<\/p>\n<p>&#13;<br \/>\n\tArchivado en:&#13;<br \/>\n\t\t\t\t\t<a href=\"https:\/\/www.lavozdegalicia.es\/temas\/obradoiro\/\" target=\"_blank\" class=\"mg-l\" rel=\"nofollow noopener\">Obradoiro<\/a>&#13;<br \/>\n\t&#13;<\/p>\n","protected":false},"excerpt":{"rendered":"\u00abSi llegamos a muchos finales de cuarto con tres o cuatro faltas por hacer, en esta Liga te&hellip;\n","protected":false},"author":2,"featured_media":154785,"comment_status":"","ping_status":"","sticky":false,"template":"","format":"standard","meta":{"footnotes":""},"categories":[269],"tags":[299,298,168,25,24,10281,23,167],"class_list":{"0":"post-154784","1":"post","2":"type-post","3":"status-publish","4":"format-standard","5":"has-post-thumbnail","7":"category-baloncesto","8":"tag-baloncesto","9":"tag-basketball","10":"tag-deportes","11":"tag-es","12":"tag-espana","13":"tag-obradoiro","14":"tag-spain","15":"tag-sports"},"share_on_mastodon":{"url":"","error":""},"_links":{"self":[{"href":"https:\/\/www.europesays.com\/es\/wp-json\/wp\/v2\/posts\/154784","targetHints":{"allow":["GET"]}}],"collection":[{"href":"https:\/\/www.europesays.com\/es\/wp-json\/wp\/v2\/posts"}],"about":[{"href":"https:\/\/www.europesays.com\/es\/wp-json\/wp\/v2\/types\/post"}],"author":[{"embeddable":true,"href":"https:\/\/www.europesays.com\/es\/wp-json\/wp\/v2\/users\/2"}],"replies":[{"embeddable":true,"href":"https:\/\/www.europesays.com\/es\/wp-json\/wp\/v2\/comments?post=154784"}],"version-history":[{"count":0,"href":"https:\/\/www.europesays.com\/es\/wp-json\/wp\/v2\/posts\/154784\/revisions"}],"wp:featuredmedia":[{"embeddable":true,"href":"https:\/\/www.europesays.com\/es\/wp-json\/wp\/v2\/media\/154785"}],"wp:attachment":[{"href":"https:\/\/www.europesays.com\/es\/wp-json\/wp\/v2\/media?parent=154784"}],"wp:term":[{"taxonomy":"category","embeddable":true,"href":"https:\/\/www.europesays.com\/es\/wp-json\/wp\/v2\/categories?post=154784"},{"taxonomy":"post_tag","embeddable":true,"href":"https:\/\/www.europesays.com\/es\/wp-json\/wp\/v2\/tags?post=154784"}],"curies":[{"name":"wp","href":"https:\/\/api.w.org\/{rel}","templated":true}]}}