{"id":154786,"date":"2025-10-03T11:30:14","date_gmt":"2025-10-03T11:30:14","guid":{"rendered":"https:\/\/www.europesays.com\/es\/154786\/"},"modified":"2025-10-03T11:30:14","modified_gmt":"2025-10-03T11:30:14","slug":"la-roma-y-de-rossi-rescinden-contrato-un-ano-despues-de-su-destitucion","status":"publish","type":"post","link":"https:\/\/www.europesays.com\/es\/154786\/","title":{"rendered":"La Roma y De Rossi rescinden contrato un a\u00f1o despu\u00e9s de su destituci\u00f3n"},"content":{"rendered":"<p data-mrf-recirculation=\"Links P\u00e1rrafos\" class=\"ue-c-article__paragraph paragraph ue-c-article--first-letter-highlighted\">Daniele De Rossi y la Roma se despiden definitivamente. Tras la destituci\u00f3n del pasado mes de septiembre de 2024, el ex-centrocampista de la selecci\u00f3n italiana se qued\u00f3 sin equipo, pero con todav\u00eda tres a\u00f1os restantes de contrato que deb\u00edan ser pagados. Sin embargo, <strong>seg\u00fan cuenta Corriere dello Sport, la familia Friedkin, propietaria de la AS Roma, y Daniele De Rossi, han decidido desde hace una semana finalizar el contrato que ligaba al entrenador romano con los \u00abgiallorossi\u00bb, renunciando as\u00ed a gran parte del dinero que ten\u00edan que cobrar tanto De Rossi como su staff.<\/strong> Un gesto que demuestra el afecto que a\u00fan le guarda la leyenda romanista al que ha sido el club de su vida.<\/p>\n<p>Una ruptura en buenos t\u00e9rminos<\/p>\n<p data-mrf-recirculation=\"Links P\u00e1rrafos\" class=\"ue-c-article__paragraph paragraph\">A pesar de la temprana destituci\u00f3n que recibi\u00f3 Daniele De Rossi la pasada temporada, en la que parec\u00eda que la relaci\u00f3n entre el t\u00e9cnico \u00abgiallorosso\u00bb y la directiva estaba rota. Nada m\u00e1s lejos de la realidad. <strong>Corriere dello Sport informa que la relaci\u00f3n no solo no est\u00e1 rota, si no que ha acabado en muy buenos t\u00e9rminos.<\/strong> No por nada, hace unas semanas, De Rossi se present\u00f3 en Trigoria, la ciudad deportiva de la Roma, para la inauguraci\u00f3n del campo dedicado a Giacomo Losi, leyenda romanista fallecida en febrero del a\u00f1o pasado.<\/p>\n<p data-mrf-recirculation=\"Links P\u00e1rrafos\" class=\"ue-c-article__paragraph paragraph\">Asimismo, <strong>con esta decisi\u00f3n el t\u00e9cnico romano queda libre para poder dirigir a un nuevo equipo<\/strong> y la Roma se ahorra el sueldo que ten\u00eda que pagarle a <strong>Daniele de Rossi<\/strong> y a su staff, <strong>dejando la puerta abierta para un posible regreso en el futuro.<\/strong><\/p>\n","protected":false},"excerpt":{"rendered":"Daniele De Rossi y la Roma se despiden definitivamente. Tras la destituci\u00f3n del pasado mes de septiembre de&hellip;\n","protected":false},"author":2,"featured_media":154787,"comment_status":"","ping_status":"","sticky":false,"template":"","format":"standard","meta":{"footnotes":""},"categories":[268],"tags":[168,25,24,280,282,281,23,167],"class_list":{"0":"post-154786","1":"post","2":"type-post","3":"status-publish","4":"format-standard","5":"has-post-thumbnail","7":"category-futbol","8":"tag-deportes","9":"tag-es","10":"tag-espana","11":"tag-football","12":"tag-futbol","13":"tag-soccer","14":"tag-spain","15":"tag-sports"},"share_on_mastodon":{"url":"","error":""},"_links":{"self":[{"href":"https:\/\/www.europesays.com\/es\/wp-json\/wp\/v2\/posts\/154786","targetHints":{"allow":["GET"]}}],"collection":[{"href":"https:\/\/www.europesays.com\/es\/wp-json\/wp\/v2\/posts"}],"about":[{"href":"https:\/\/www.europesays.com\/es\/wp-json\/wp\/v2\/types\/post"}],"author":[{"embeddable":true,"href":"https:\/\/www.europesays.com\/es\/wp-json\/wp\/v2\/users\/2"}],"replies":[{"embeddable":true,"href":"https:\/\/www.europesays.com\/es\/wp-json\/wp\/v2\/comments?post=154786"}],"version-history":[{"count":0,"href":"https:\/\/www.europesays.com\/es\/wp-json\/wp\/v2\/posts\/154786\/revisions"}],"wp:featuredmedia":[{"embeddable":true,"href":"https:\/\/www.europesays.com\/es\/wp-json\/wp\/v2\/media\/154787"}],"wp:attachment":[{"href":"https:\/\/www.europesays.com\/es\/wp-json\/wp\/v2\/media?parent=154786"}],"wp:term":[{"taxonomy":"category","embeddable":true,"href":"https:\/\/www.europesays.com\/es\/wp-json\/wp\/v2\/categories?post=154786"},{"taxonomy":"post_tag","embeddable":true,"href":"https:\/\/www.europesays.com\/es\/wp-json\/wp\/v2\/tags?post=154786"}],"curies":[{"name":"wp","href":"https:\/\/api.w.org\/{rel}","templated":true}]}}