{"id":154788,"date":"2025-10-03T11:32:18","date_gmt":"2025-10-03T11:32:18","guid":{"rendered":"https:\/\/www.europesays.com\/es\/154788\/"},"modified":"2025-10-03T11:32:18","modified_gmt":"2025-10-03T11:32:18","slug":"una-frida-muy-afectuosa-muy-generosa-y-con-sentido-del-humor","status":"publish","type":"post","link":"https:\/\/www.europesays.com\/es\/154788\/","title":{"rendered":"Una Frida muy afectuosa, muy generosa y con sentido del humor"},"content":{"rendered":"<p class=\"description\"><b>\u00a1Oferta especial!<\/b> Suscr\u00edbete por solo 1\u20ac al mes a la revista Viajes National Geographic. <b>-76% de descuento. \u00a1Termina pronto!<\/b><\/p>\n<p><a href=\"https:\/\/tienda.rba.es\/revistas\/landing-oferta-septiembre-ngmv?ORIGIN=REF&amp;rba_source=viajes.nationalgeographic&amp;&#010;rba_medium=referral&amp;rba_campaign=oferta-especial-2025&amp;rba_term=viajesnationalgeographic&amp;rba_content=fns\" target=\"_blank\" class=\"more-link\" data-ga4_event=\"custom_event\" data-ga4_event_name=\"click_cta\" data-ga4_link_url=\"https:\/\/tienda.rba.es\/revistas\/landing-oferta-septiembre-ngmv?ORIGIN=REF&amp;rba_source=viajes.nationalgeographic&amp;&#010;rba_medium=referral&amp;rba_campaign=oferta-especial-2025&amp;rba_term=viajesnationalgeographic&amp;rba_content=fns\" data-ga4_content_type=\"lead\" data-ga4_element=\"article_phrase\" rel=\"nofollow noopener\">APROVECHA<\/a><\/p>\n<p>Bajo una trampilla oculta bajo una alfombra <strong>en una vivienda familiar de Frida Kahlo, la artista manten\u00eda un taller con la serenidad de un santuari<\/strong>o. En ese espacio oscuro y de techos bajos se rodeaba de colecciones que reflejaban su mirada hacia una belleza poco convencional: insectos disecados, escenas religiosas pintadas sobre l\u00e1minas de aceite y mu\u00f1ecas asi\u00e1ticas lacadas con vestimentas antiguas. Seg\u00fan su familia, Kahlo pod\u00eda pasar all\u00ed horas o incluso d\u00edas, escribiendo, pintando y refugi\u00e1ndose del caos que a veces afloraba en su vida en la superficie.<\/p>\n<p>\u00a0<\/p>\n<p>\u00abEs como su refugio m\u00e1s sagrado\u00bb, se\u00f1al\u00f3 Ad\u00e1n Garc\u00eda Fajardo, director del nuevo Museo Casa Kahlo en Ciudad de M\u00e9xico, durante una visita guiada a la bodega a principios de septiembre. <strong>El museo, instalado en una casa de color rojo arcilla<\/strong><strong>que ha permanecido en manos de mujeres de la familia Kahlo durante cuatro generaciones<\/strong>, abri\u00f3 por primera vez al p\u00fablico el pasado s\u00e1bado 27 de septiembre, ofreciendo <strong>una perspectiva distinta de la vida de la artista mexicana<\/strong> en una ciudad ya repleta de homenajes. La bodega constituye su pieza central. Junto a una mesa de dibujo cubierta de pinceles y vitrinas con objetos curiosos, la sala exhibe ahora decenas de fotograf\u00edas y cartas reveladoras escritas por Kahlo, muchas de ellas nunca antes mostradas del archivo familiar.<\/p>\n<p>\u00a0<\/p>\n<p>&#13;&#13;<\/p>\n<p>Cargando v\u00eddeo: Las maravillas naturales de M\u00e9xico<\/p>\n<p>Las maravillas naturales de M\u00e9xico<\/p>\n<p>\u00a0<\/p>\n<p>UNA ARTISTA CONVERTIDA EN EMBLEMA<img loading=\"lazy\" decoding=\"async\"   src=\"https:\/\/www.europesays.com\/es\/wp-content\/uploads\/2025\/10\/gettyimages_c3d746c0_515253870_250930155157_1200x1621.webp.webp\" alt=\"GettyImages\" class=\"lazyload\" width=\"1200\" height=\"1621\" data-aspectratio=\"1200\/1621\"\/><br \/>\n&#13;Foto: Getty Images<\/p>\n<p>Hoy la figura de Frida Kahlo es un icono cultural cuya influencia trasciende fronteras y generaciones.<\/p>\n<p><strong>M\u00e1s de setenta a\u00f1os despu\u00e9s de su muerte, Kahlo se cuenta entre los iconos culturales m\u00e1s reconocibles<\/strong>, con un rostro de mirada seria bajo la caracter\u00edstica ceja unida, reproducido en todo tipo de soportes, desde cojines hasta la gran pantalla. Una avalancha de biograf\u00edas, documentales, libros infantiles y monograf\u00edas art\u00edsticas ha recordado los detalles de su extraordinaria historia: el accidente de autob\u00fas a los 18 a\u00f1os que la dej\u00f3 con dolores cr\u00f3nicos y su tormentoso matrimonio con el gigante del muralismo mexicano, Diego Rivera.<\/p>\n<p><a href=\"https:\/\/viajes.nationalgeographic.com.es\/a\/encantador-pueblo-aragon-construido-sobre-laberinto-rocoso_23537\" class=\"rel\" rel=\"nofollow noopener\" target=\"_blank\">&#13;&#13;<img loading=\"lazy\" decoding=\"async\" src=\"https:\/\/www.europesays.com\/es\/wp-content\/uploads\/2025\/10\/alquezar_580af6ed_442077820_251001162644_550x807.webp.webp\" alt=\"Alqu\u00e9zar\" class=\"imagenRelacionado lazyload\" width=\"550\" height=\"807\" data-aspectratio=\"550\/807\"\/>&#13;&#13;<\/p>\n<p class=\"relatedTitle\">Seguir viajando<\/p>\n<p class=\"supertitle\">Una conquista imposible<\/p>\n<p class=\"title\">El encantador pueblo de Arag\u00f3n construido sobre un laberinto rocoso<\/p>\n<p class=\"subtitle\">Este pueblo-fortaleza es un capricho urbano que se ha sometido con buen criterio a la orograf\u00eda disparatada de la Sierra de Guara.<\/p>\n<p><a href=\"https:\/\/viajes.nationalgeographic.com.es\/a\/encantador-pueblo-aragon-construido-sobre-laberinto-rocoso_23537\" class=\"readarticle\" rel=\"nofollow noopener\" target=\"_blank\">Leer art\u00edculo<\/a><\/p>\n<p><\/a><\/p>\n<p>En Ciudad de M\u00e9xico, <strong>la Casa Azul \u2014donde Kahlo creci\u00f3 y m\u00e1s tarde vivi\u00f3 con Rivera\u2014 es un lugar de peregrinaci\u00f3n<\/strong> repleto de recuerdos familiares y muchas de sus obras m\u00e1s c\u00e9lebres. Sus pinturas, con un imaginario profundamente personal dispuesto en escenas a menudo on\u00edricas, siguen alcanzando cifras asombrosas en las subastas. Y <strong>retrospectivas constantes, como la prevista para el pr\u00f3ximo a\u00f1o en el Museo de Bellas Artes de Houston y la Tate Modern de Londres<\/strong>, han analizado su influencia en el surrealismo, la moda y su condici\u00f3n de emblema de movimientos sociales como el feminismo y la reivindicaci\u00f3n de los derechos LGTBI.<\/p>\n<p>\u00a0<\/p>\n<p>\u00bfQuieres viajar por los pueblos m\u00e1s monumentales de Espa\u00f1a? <strong><a href=\"https:\/\/participa.nationalgeographic.com.es\/quiz\/1654292_1125\/pueblos-monumentales.html\" target=\"_blank\" rel=\"nofollow noopener\">\u00a1Descarga gratis nuestro eBook<\/a><\/strong> y descubre cu\u00e1les son!<\/p>\n<p>\u00a0<\/p>\n<p>\u00a0<\/p>\n<p>\u00a0<\/p>\n<p>HOGAR FAMILIAR DE LOS KAHLO<img loading=\"lazy\" decoding=\"async\"   src=\"https:\/\/www.europesays.com\/es\/wp-content\/uploads\/2025\/10\/museo-frida-2_718f3780_250930153327_1200x1191.webp.webp\" alt=\"Museo Frida 2\" class=\"lazyload\" width=\"1200\" height=\"1191\" data-aspectratio=\"1200\/1191\"\/><\/p>\n<p>&#13;&#13;Foto: Rafael Gamo \/ Rockwell Group&#13;<\/p>\n<p><strong>Dise\u00f1ado por el estudio Rockwell Group<\/strong>, el patio de la Casa Roja ha sido restaurado para reflejar las distintas generaciones que habitaron la vivienda. Un joven \u00e1rbol de pomelo \u2014motivo del mural pintado por Frida en la cocina\u2014 se alza en una maceta de piedra de cantera, elaborada por los c\u00e9lebres canteros de la localidad de Escol\u00e1sticas. Frente al \u00e1rbol, una talla en el pavimento reproduce una de las alfombras personales de Cristina Kahlo que sol\u00eda colocarse en la entrada de la casa, dando la bienvenida a quienes cruzaban el umbral.<\/p>\n<p>\u00a0<\/p>\n<p>Aun as\u00ed, existen facetas de Kahlo que el mundo desconoce.\u00a0\u00abTodo el mundo dice: \u201c<strong>Era muy resiliente, muy valiente y fuerte incluso a pesar del dolor f\u00edsico.<\/strong> Nunca sonre\u00eda\u201d. \u00bfSaben por qu\u00e9? \u00a1Le faltaba un diente! Por eso nunca sonre\u00eda\u00bb, explica Mara de Anda, sobrina bisnieta de Kahlo, quien junto a su madre impuls\u00f3 la creaci\u00f3n del nuevo Museo Casa Kahlo.\u00a0<strong>El museo se despliega como una memoria familiar a lo largo de las estancias de la casa rehabilitada<\/strong>, iluminando aspectos menos conocidos de la vida de Kahlo, como su car\u00e1cter, su infancia y los v\u00ednculos que mantuvo con sus padres y hermanos.<\/p>\n<p>\u00a0<\/p>\n<p>En el vest\u00edbulo, <strong>un \u00e1rbol geneal\u00f3gico traza la ascendencia de los Kahlo junto a fotograf\u00edas antiguas tomadas por Guillermo Kahlo, padre de Frida<\/strong>, que se convirti\u00f3 en fot\u00f3grafo profesional en M\u00e9xico tras emigrar desde Alemania. Muy cerca se expone una copia en gelatina de plata que muestra a una Frida de rostro dulce, con cuatro a\u00f1os, vestida de blanco y con calcetines altos, as\u00ed como una de sus primeras obras: una sencilla casa geom\u00e9trica y un \u00e1rbol bordados sobre un lienzo.\u00a0<\/p>\n<p><a href=\"https:\/\/viajes.nationalgeographic.com.es\/a\/lugares-ciudad-mexico-que-turista-no-ve_19294\" class=\"rel\" rel=\"nofollow noopener\" target=\"_blank\">&#13;&#13;<img loading=\"lazy\" decoding=\"async\" src=\"https:\/\/www.europesays.com\/es\/wp-content\/uploads\/2025\/10\/bellas-artes_a27732f2_1397899487_230508130342_550x807.jpg\" alt=\"Bellas Artes\" class=\"imagenRelacionado lazyload\" width=\"550\" height=\"807\" data-aspectratio=\"550\/807\"\/>&#13;&#13;<\/p>\n<p class=\"relatedTitle\">Seguir viajando<\/p>\n<p class=\"supertitle\">La gu\u00eda chilanga<\/p>\n<p class=\"title\">Los 14 lugares m\u00e1s infravalorados de Ciudad de M\u00e9xico<\/p>\n<p class=\"subtitle\">La capital azteca es un universo de est\u00edmulos dif\u00edcil de ordenar pero que, si se profundiza en ella, regala hallazgos inesperados.<\/p>\n<p><a href=\"https:\/\/viajes.nationalgeographic.com.es\/a\/lugares-ciudad-mexico-que-turista-no-ve_19294\" class=\"readarticle\" rel=\"nofollow noopener\" target=\"_blank\">Leer art\u00edculo<\/a><\/p>\n<p><\/a><\/p>\n<p>\u00a0<\/p>\n<p>SU FACETA M\u00c1S FAMILIAR<img loading=\"lazy\" decoding=\"async\"   src=\"https:\/\/www.europesays.com\/es\/wp-content\/uploads\/2025\/10\/casa-azul_d92194bd_250930153404_1200x800.webp.webp\" alt=\"Casa Azul\" class=\"lazyload\" width=\"1200\" height=\"800\" data-aspectratio=\"1200\/800\"\/><br \/>\n&#13;Foto: Adobe Stock<\/p>\n<p>La Casa Azul, a unos pocos metros de la Casa Kahlo, fue el escenario vital donde Frida plasm\u00f3 gran parte de su universo art\u00edstico y personal.<\/p>\n<p><strong>La madre de Kahlo, Matilde Calder\u00f3n, compr\u00f3 en 1930 la casa que hoy ocupa el museo<\/strong>, despu\u00e9s de que Kahlo y Rivera se instalaran en la Casa Azul, a tres manzanas de distancia, en el barrio colonial de Coyoac\u00e1n. La propiedad, de estilo neocolonial mexicano y conocida tambi\u00e9n como Casa Roja, pas\u00f3 despu\u00e9s de Calder\u00f3n a sus cuatro hijas y m\u00e1s tarde a Cristina Kahlo, la \u00fanica de las hermanas que tuvo descendencia. <strong>Frida solo residi\u00f3 en la vivienda unos meses, mientras se remodelaba su taller en la Casa Azul<\/strong>, aunque fue una presencia constante en la casa, tanto en su refugio subterr\u00e1neo como en la cocina junto a Cristina, a quien llamaba su otra mitad, seg\u00fan recuerda la familia.<\/p>\n<p>\u00a0<\/p>\n<p><strong>PARA LEER M\u00c1S:\u00a0<a href=\"https:\/\/viajes.nationalgeographic.com.es\/a\/barrio-ciudad-mexico-dividido-unido-por-frida-diego-rivera_18682\" rel=\"nofollow noopener\" target=\"_blank\">El barrio de Ciudad de M\u00e9xico dividido (y unido) por Frida y Diego Rivera<\/a><\/strong><\/p>\n<p>\u00a0<\/p>\n<p>OTRA HISTORIA DE VIDA<img loading=\"lazy\" decoding=\"async\"   src=\"https:\/\/www.europesays.com\/es\/wp-content\/uploads\/2025\/10\/gettyimages-2237053672-1_7ea6deea_250930154302_1200x900.webp.webp\" alt=\"GettyImages 2237053672 (1)\" class=\"lazyload\" width=\"1200\" height=\"900\" data-aspectratio=\"1200\/900\"\/><br \/>\n&#13;Foto: Getty Images<\/p>\n<p>La nieta y sobrina nieta Frida frente al bodeg\u00f3n Bandeja de Amapolas.<\/p>\n<p>El museo conserva pocas obras originales de Kahlo, a diferencia de la Casa Azul, gestionada por un fideicomiso administrado por el Banco de M\u00e9xico. Sin embargo, dos piezas expuestas son reveladoras de su estilo y de los temas recurrentes en su producci\u00f3n. <strong>Bandeja de amapolas, un exuberante bodeg\u00f3n pintado por Kahlo en una fuente cuando era adolescente<\/strong>, anticipa el inter\u00e9s por los motivos naturales al que regresar\u00eda a lo largo de su carrera. <strong>En la pared de la cocina se encuentra el \u00fanico mural conocido de la artista,<\/strong> que representa una bandada de gorriones portando una cinta con un ep\u00edgrafe ir\u00f3nico que se\u00f1ala la estancia como lugar de reuni\u00f3n de gorrones.<\/p>\n<p>\u00a0<\/p>\n<p>Gran parte de la colecci\u00f3n, incluidas las cartas intercambiadas entre Kahlo y su familia, procede de un archivo que Isolda Pinedo Kahlo, hija de Cristina, reuni\u00f3 durante d\u00e9cadas en la Casa Roja, donde residi\u00f3. Otras cartas fueron cedidas por el National Museum of Women in the Arts de Washington, que conserva numerosos escritos de Kahlo legados a su m\u00e9dico tras su muerte. En conjunto, <strong>el volumen de la correspondencia es tan vasto \u2014se calcula que Kahlo escrib\u00eda dos o tres cartas al d\u00eda durante su vida<\/strong>\u2014 que los expertos la consideran ya tanto autora literaria como pintora.<\/p>\n<p><a href=\"https:\/\/viajes.nationalgeographic.com.es\/a\/mayor-secreto-costero-mexico-esta-caribe_23353\" class=\"rel\" rel=\"nofollow noopener\" target=\"_blank\">&#13;&#13;<img loading=\"lazy\" decoding=\"async\" src=\"https:\/\/www.europesays.com\/es\/wp-content\/uploads\/2025\/10\/kayak_4e4ee38d_250903143855_550x807.webp.webp\" alt=\"Kayak \" class=\"imagenRelacionado lazyload\" width=\"550\" height=\"807\" data-aspectratio=\"550\/807\"\/>&#13;&#13;<\/p>\n<p class=\"relatedTitle\">Seguir viajando<\/p>\n<p class=\"supertitle\">La Laguna Arco Iris <\/p>\n<p class=\"title\">El mayor secreto costero de M\u00e9xico est\u00e1 en el Caribe<\/p>\n<p class=\"subtitle\">Este enclave destaca por sus vestigios mayas, su hist\u00f3rico fuerte, el colorido centro urbano y una laguna deslumbrante.<\/p>\n<p><a href=\"https:\/\/viajes.nationalgeographic.com.es\/a\/mayor-secreto-costero-mexico-esta-caribe_23353\" class=\"readarticle\" rel=\"nofollow noopener\" target=\"_blank\">Leer art\u00edculo<\/a><\/p>\n<p><\/a><\/p>\n<p>\u00a0<\/p>\n<p>UNA TRAYECTORIA EPISTOLAR<img loading=\"lazy\" decoding=\"async\"   src=\"https:\/\/www.europesays.com\/es\/wp-content\/uploads\/2025\/10\/gettyimages_f377c0f2_482217898_250930154647_1200x788.webp.webp\" alt=\"GettyImages\" class=\"lazyload\" width=\"1200\" height=\"788\" data-aspectratio=\"1200\/788\"\/><br \/>\n&#13;Foto: Getty Images<\/p>\n<p>Se conserva un importante n\u00famero de cartas escritas por Frida Kahlo a lo largo de su vida.<\/p>\n<p><strong>\u00abAqu\u00ed se descubrir\u00e1 a una Frida muy afectuosa, muy generosa. Siempre tuvo sentido del humor<\/strong>\u00bb, afirma Adriana Miranda, comisaria jefa del Museo Casa Kahlo.\u00a0Las primeras cartas, enviadas tras la marcha de Kahlo con Rivera a Estados Unidos \u2014donde \u00e9l hab\u00eda sido contratado para pintar murales en Detroit, Nueva York y San Francisco\u2014, reflejan la nostalgia de una joven de 22 a\u00f1os.<\/p>\n<p data-end=\"1402\" data-is-last-node=\"\" data-is-only-node=\"\" data-start=\"1248\">\u00a0<\/p>\n<p data-end=\"1402\" data-is-last-node=\"\" data-is-only-node=\"\" data-start=\"1248\">\u00ab\u00bfC\u00f3mo est\u00e1n mis animalitos?\u00bb, escribe en una de las cartas. \u00abDenle al gatito amarillo m\u00e1s golosinas que a los dem\u00e1s\u00bb. En otra, redactada meses antes de su muerte en 1954, Kahlo lamenta sus dificultades con la infertilidad al tiempo que celebra el nacimiento de la hija de Isolda: \u00abSabes cu\u00e1nto te quiero, ahora a\u00fan m\u00e1s, porque habi\u00e9ndote entregado, me das a tu ni\u00f1a, y as\u00ed ahora tengo dos amores. Los mismos que quise tener vivos en mi vientre hace muchos a\u00f1os\u00bb.\u00a0<strong>Con frecuencia, se desped\u00eda con un apodo: Fridu, t\u00eda Fisita o Friduchi.<\/strong><\/p>\n<p>\u00a0<\/p>\n<p data-end=\"1040\" data-is-last-node=\"\" data-is-only-node=\"\" data-start=\"542\">\u00a0<\/p>\n<p>LA FAMILIA COMO EJE VERTEBRADOR<\/p>\n<p data-end=\"1040\" data-is-last-node=\"\" data-is-only-node=\"\" data-start=\"542\"><img loading=\"lazy\" decoding=\"async\"   src=\"https:\/\/www.europesays.com\/es\/wp-content\/uploads\/2025\/10\/rockwell-kahlo-0001_c2d666d1_250930153838_1200x927.webp.webp\" alt=\"Rockwell Kahlo 0001\" class=\"lazyload\" width=\"1200\" height=\"927\" data-aspectratio=\"1200\/927\"\/><br \/>\n&#13;Foto: Rafael Gamo<\/p>\n<p>El museo expone una colecci\u00f3n que refleja el estrecho v\u00ednculo entre Frida Kahlo y su familia.<\/p>\n<p>&#13;<\/p>\n<p data-end=\"1040\" data-is-last-node=\"\" data-is-only-node=\"\" data-start=\"542\"><strong>Las cartas \u00abcambiaron por completo el panorama\u00bb de lo que se sab\u00eda sobre la vida de Kahlo<\/strong>, se\u00f1ala Luis-Mart\u00edn Lozano, destacado especialista en la artista y exdirector del Museo de Arte Moderno de M\u00e9xico. En 2007, Lozano fue el primer historiador del arte en obtener un acceso amplio a los archivos familiares gracias a Mara Romeo, hija de Isolda, y a Mara de Anda, su hija, conocidas conjuntamente como las Maras. Su investigaci\u00f3n se public\u00f3 en el libro Frida Kahlo: El c\u00edrculo de los afectos.<\/p>\n<p>\u00a0<\/p>\n<p>\u00abDescubrimos que <strong>la familia fue de una importancia enorme para Kahlo<\/strong>\u00bb, afirma Lozano en una entrevista. \u00abNo importaba que tuviera una vida internacional muy interesante, que fuera artista, que fuera comunista, que mantuviera relaciones bisexuales. Ten\u00eda una familia que era su ancla\u00bb.\u00a0\u00abComo especialista, esto resulta interesante porque permite explicar muchos elementos que aparecen en sus cuadros. <strong>El simbolismo de numerosos aspectos de su obra est\u00e1 relacionado con esos afectos personales<\/strong>\u00bb, a\u00f1ade.<\/p>\n<p><a href=\"https:\/\/viajes.nationalgeographic.com.es\/a\/templos-guatemala-busca-origen-cultura-maya-mas-alla-mexico_22013\" class=\"rel\" rel=\"nofollow noopener\" target=\"_blank\">&#13;&#13;<img loading=\"lazy\" decoding=\"async\" src=\"https:\/\/www.europesays.com\/es\/wp-content\/uploads\/2025\/10\/quirigua_fbf578cc_250213155833_550x807.webp.webp\" alt=\"Quirigu\u00e1\" class=\"imagenRelacionado lazyload\" width=\"550\" height=\"807\" data-aspectratio=\"550\/807\"\/>&#13;&#13;<\/p>\n<p class=\"relatedTitle\">Seguir viajando<\/p>\n<p class=\"supertitle\">ruinas mayas<\/p>\n<p class=\"title\">Templos de Guatemala: en busca del origen de la cultura maya m\u00e1s all\u00e1 de M\u00e9xico<\/p>\n<p class=\"subtitle\">La regi\u00f3n guatemalteca del Pet\u00e9n guarda algunas de las ciudades m\u00e1s importantes de la civilizaci\u00f3n de Mesoam\u00e9rica.<\/p>\n<p><a href=\"https:\/\/viajes.nationalgeographic.com.es\/a\/templos-guatemala-busca-origen-cultura-maya-mas-alla-mexico_22013\" class=\"readarticle\" rel=\"nofollow noopener\" target=\"_blank\">Leer art\u00edculo<\/a><\/p>\n<p><\/a><\/p>\n<p>\u00a0<\/p>\n<p>LA \u00abMARCA FRIDA KAHLO\u00bb<img loading=\"lazy\" decoding=\"async\"   src=\"https:\/\/www.europesays.com\/es\/wp-content\/uploads\/2025\/10\/gettyimages_fdddb58b_1185894654_250930145056_1200x1803.webp.webp\" alt=\"GettyImages\" class=\"lazyload\" width=\"1200\" height=\"1803\" data-aspectratio=\"1200\/1803\"\/><br \/>\n&#13;Foto: Getty Images<\/p>\n<p>El lanzamiento de Mattel de una Barbie inspirada en Frida supuso una demanda por parte de la familia.<\/p>\n<p>La inauguraci\u00f3n del museo coincide con el auge extraordinario del valor de la marca Frida Kahlo. Este mes, <strong>la pintura El sue\u00f1o (La cama), realizada en 1940 <\/strong>y en la que la artista se representa cubierta de enredaderas mientras yace en una cama bajo un esqueleto, <strong>saldr\u00e1 a subasta en Sotheby\u2019s con un precio estimado de entre 40 y 60 millones de d\u00f3lare<\/strong>s, lo que superar\u00eda su propio r\u00e9cord como la obra latinoamericana m\u00e1s cara jam\u00e1s vendida en una puja.<\/p>\n<p>\u00a0<\/p>\n<p>La propiedad de <strong>las marcas que controlan el nombre y la imagen de Kahlo <\/strong>ha sido objeto de disputas. Tras la muerte de la artista, sus derechos de propiedad intelectual, seg\u00fan la legislaci\u00f3n mexicana, pasaron a Isolda y m\u00e1s tarde a una sociedad de licencias fundada por Romeo junto a un empresario venezolano. Sin embargo, la r\u00e1pida comercializaci\u00f3n de la figura de la pintora deriv\u00f3 en conflictos entre la familia y el grupo. En 2018, Romeo present\u00f3 una demanda despu\u00e9s de que Mattel anunciara el lanzamiento de una Barbie inspirada en Kahlo, logrando una orden judicial que detuvo temporalmente su venta en M\u00e9xico. La mu\u00f1eca, se\u00f1al\u00f3 Romeo entonces, \u00abdebi\u00f3 ser mucho m\u00e1s mexicana, con la piel m\u00e1s oscura, con ceja unida, y no tan delgada, porque Frida no era tan delgada\u00bb.<\/p>\n<p>\u00a0<\/p>\n<p><a href=\"https:\/\/www.whatsapp.com\/channel\/0029Va858M88vd1KkudYW539\u201d rel=\u201cnofollow\u201d target=\u201c_blank\" rel=\"nofollow noopener\" target=\"_blank\"><strong>\u00a1Viajes National Geographic, directo en tu Whatsapp! S\u00edguenos para descubrir lugares fascinantes, destinos sorprendentes y sabores impresionantes.<\/strong><\/a><\/p>\n<p>\u00a0<\/p>\n<p>\u00ab<strong>Nuestro objetivo como familia siempre ha sido proteger a Frida y darla a conocer<\/strong>\u00bb, afirma de Anda.\u00a0La transformaci\u00f3n de la Casa Roja en museo representa hasta ahora el mayor paso en la redefinici\u00f3n del legado de Kahlo. El proyecto llevaba gest\u00e1ndose veinte a\u00f1os, explica de Anda, mientras ella y su madre revisaban y catalogaban los recuerdos de su abuela para exhibirlos. El jard\u00edn central de la vivienda fue remodelado como patio para acoger mejor al p\u00fablico esperado y se a\u00f1adi\u00f3 una escalera iluminada que desciende a la bodega. Hace dos a\u00f1os, en el \u00faltimo acto de preparaci\u00f3n, la familia encontr\u00f3 un nuevo hogar para Romeo, que a\u00fan resid\u00eda en la Casa Roja.<\/p>\n<p>\u00abEso es lo m\u00e1gico de esta casa: la responsabilidad que tenemos como familia de compartirla con el mundo\u00bb, afirma de Anda. \u00ab<strong>Es necesario contar la verdadera historia, con las cartas aut\u00e9nticas, con los objetos reales que le pertenecieron a ella, a su familia\u00bb.<\/strong><\/p>\n","protected":false},"excerpt":{"rendered":"\u00a1Oferta especial! Suscr\u00edbete por solo 1\u20ac al mes a la revista Viajes National Geographic. -76% de descuento. \u00a1Termina&hellip;\n","protected":false},"author":2,"featured_media":154789,"comment_status":"","ping_status":"","sticky":false,"template":"","format":"standard","meta":{"footnotes":""},"categories":[173],"tags":[229,233,231,230,119,232,234,146,147,25,24,1408,448,1407,1409,23,226],"class_list":{"0":"post-154788","1":"post","2":"type-post","3":"status-publish","4":"format-standard","5":"has-post-thumbnail","7":"category-arte-y-diseno","8":"tag-arte","9":"tag-arte-y-diseno","10":"tag-arts","11":"tag-arts-and-design","12":"tag-ciencia","13":"tag-design","14":"tag-diseno","15":"tag-entertainment","16":"tag-entretenimiento","17":"tag-es","18":"tag-espana","19":"tag-geographic","20":"tag-historia","21":"tag-national","22":"tag-naturaleza","23":"tag-spain","24":"tag-viajes"},"share_on_mastodon":{"url":"","error":""},"_links":{"self":[{"href":"https:\/\/www.europesays.com\/es\/wp-json\/wp\/v2\/posts\/154788","targetHints":{"allow":["GET"]}}],"collection":[{"href":"https:\/\/www.europesays.com\/es\/wp-json\/wp\/v2\/posts"}],"about":[{"href":"https:\/\/www.europesays.com\/es\/wp-json\/wp\/v2\/types\/post"}],"author":[{"embeddable":true,"href":"https:\/\/www.europesays.com\/es\/wp-json\/wp\/v2\/users\/2"}],"replies":[{"embeddable":true,"href":"https:\/\/www.europesays.com\/es\/wp-json\/wp\/v2\/comments?post=154788"}],"version-history":[{"count":0,"href":"https:\/\/www.europesays.com\/es\/wp-json\/wp\/v2\/posts\/154788\/revisions"}],"wp:featuredmedia":[{"embeddable":true,"href":"https:\/\/www.europesays.com\/es\/wp-json\/wp\/v2\/media\/154789"}],"wp:attachment":[{"href":"https:\/\/www.europesays.com\/es\/wp-json\/wp\/v2\/media?parent=154788"}],"wp:term":[{"taxonomy":"category","embeddable":true,"href":"https:\/\/www.europesays.com\/es\/wp-json\/wp\/v2\/categories?post=154788"},{"taxonomy":"post_tag","embeddable":true,"href":"https:\/\/www.europesays.com\/es\/wp-json\/wp\/v2\/tags?post=154788"}],"curies":[{"name":"wp","href":"https:\/\/api.w.org\/{rel}","templated":true}]}}