{"id":154790,"date":"2025-10-03T11:33:16","date_gmt":"2025-10-03T11:33:16","guid":{"rendered":"https:\/\/www.europesays.com\/es\/154790\/"},"modified":"2025-10-03T11:33:16","modified_gmt":"2025-10-03T11:33:16","slug":"la-libreria-de-leon-que-cumple-80-anos-y-mantiene-vivo-el-legado-de-su-fundador","status":"publish","type":"post","link":"https:\/\/www.europesays.com\/es\/154790\/","title":{"rendered":"La librer\u00eda de Le\u00f3n que cumple 80 a\u00f1os y mantiene vivo el legado de su fundador"},"content":{"rendered":"<p><a class=\"v-mdl-ath__fig-a\" href=\"https:\/\/www.leonoticias.com\/autor\/leonoticias-2282.html\" title=\"A.G.B\" rel=\"nofollow noopener\" target=\"_blank\"><br \/>\n<img decoding=\"async\" class=\"v-mdl-ath__img\" src=\"https:\/\/www.europesays.com\/es\/wp-content\/uploads\/2025\/07\/autor-2282-foto-1.jpeg\" alt=\"A.G.B\"\/><br \/>\n<\/a><\/p>\n<p class=\"v-mdl-ath__p v-mdl-ath__p--6\">\nViernes, 3 de octubre 2025, 08:12<\/p>\n<p class=\"v-p\">Lo que en 1945 comenz\u00f3 como el sue\u00f1o de un leon\u00e9s amante de los libros que quer\u00eda difundir y divulgar la cultura en peque\u00f1o formato, 80 a\u00f1os despu\u00e9s se ha convertido en uno de los negocios referentes de Le\u00f3n y un centro de saber que pocos igualan en una de las capitales de Espa\u00f1a con m\u00e1s librer\u00edas por habitante.<\/p>\n<p class=\"v-p\">La Librer\u00eda Pastor celebra este mes de octubre el 80 aniversario de su creaci\u00f3n. Ahora ubicada en pleno epicentro de la ciudad, mirando a Santo Domingo, el germen de este negocio emblem\u00e1tico de la capital se encontraba en el casco antiguo, en un peque\u00f1o local en el n\u00famero 2 de la calle Pozo que Jes\u00fas Pastor Pastor inaugur\u00f3 el 8 de octubre de 1945.<\/p>\n<p class=\"v-p\">Con tes\u00f3n, dedicaci\u00f3n y una <a href=\"https:\/\/www.leonoticias.com\/culturas\/libros\/refugio-libros-agora-poesia-leon-20240816081039-nt.html\" data-voc-vtm-id=\"in-text-traffic\" title=\"gran pasi\u00f3n por los libros\" data-mrf-link=\"www.leonoticias.com\" rel=\"nofollow noopener\" target=\"_blank\">gran pasi\u00f3n por los libros<\/a>, Jes\u00fas Pastor permaneci\u00f3 en el local de Pozo atendiendo a los clientes y difundiendo la lectura hasta 1962. Fue entonces cuando tuvo lugar el traslado del negocio hacia la zona que ahora ocupa, la por entonces llamada avenida General Sanjurjo (hoy Gran V\u00eda de San Marcos) esquina con la plaza de Santo Domingo. <\/p>\n<p><img decoding=\"async\" loading=\"lazy\" src=\"https:\/\/www.europesays.com\/es\/wp-content\/uploads\/2025\/10\/pastor (3)-kKRE-U2303252762615ZtE-650x455@Leonoticias.jpg\" class=\"v-a-img\" width=\"650\" height=\"455\" alt=\"Librer\u00eda Jes\u00fas Pastor en su segundo emplazamiento en la actual Grran V\u00eda de San Marcos.\" data-voc-vtm-id=\"in-text-traffic\"\/><\/p>\n<p>Librer\u00eda Jes\u00fas Pastor en su segundo emplazamiento en la actual Grran V\u00eda de San Marcos.<\/p>\n<p>Librer\u00eda Pastor<\/p>\n<p><img loading=\"lazy\" decoding=\"async\" src=\"https:\/\/www.europesays.com\/es\/wp-content\/uploads\/2025\/10\/pastor (3)-kKRE-U2303252762615YmD-1920x1344@Leonoticias.jpg\" class=\"v-mdl__img-z\" width=\"1920\" height=\"1344\" alt=\"\"\/><\/p>\n<p class=\"v-p\">El edificio que albergaba la Librer\u00eda Pastor, el convento de las Agustinas Recoletas, fue derribado. La propiedad pas\u00f3 a manos del Banco Industrial de Le\u00f3n que levant\u00f3 el gran complejo de Santo Domingo de estilo brutalista que desde 1971 alberga, ahora s\u00ed, la actual librer\u00eda Pastor.<\/p>\n<p>Los a\u00f1os 80 y la expansi\u00f3n del negocio: un nuevo local y una gran ampliaci\u00f3n<\/p>\n<p class=\"v-p\">La bonanza del negocio y la <a href=\"https:\/\/www.leonoticias.com\/culturas\/libros\/tierra-milenaria-inspiracion-dia-del-libro-leon-20220423192501-nt.html\" data-voc-vtm-id=\"in-text-traffic\" title=\"fidelidad de los clientes leoneses\" data-mrf-link=\"www.leonoticias.com\" rel=\"nofollow noopener\" target=\"_blank\">fidelidad de los clientes leoneses<\/a>, \u00e1vidos lectores como refleja el dato de que Le\u00f3n es una de las ciudades de Espa\u00f1a con m\u00e1s librer\u00edas por habitante, permiti\u00f3 que Jes\u00fas Pastor adquiriera en 1978 otro local comercial en el mismo complejo, a pocos metros del original, de 300 metros cuadrados que dedic\u00f3 a libros m\u00e1s t\u00e9cnicos, sobre Le\u00f3n y de literatura infantil y juvenil. En la actualidad, se centra en este \u00faltimo grupo de libros adem\u00e1s de ser papeler\u00eda y punto clave de libros de texto.<\/p>\n<p><img decoding=\"async\" loading=\"lazy\" src=\"https:\/\/www.europesays.com\/es\/wp-content\/uploads\/2025\/10\/pastor (4)-kKRE-U2303252762615tKE-650x455@Leonoticias.jpg\" class=\"v-a-img\" width=\"650\" height=\"455\" alt=\"Jes\u00fas Pastor Pastor leyendo.\" data-voc-vtm-id=\"in-text-traffic\"\/><\/p>\n<p>Jes\u00fas Pastor Pastor leyendo.<\/p>\n<p>Librer\u00eda Pastor<\/p>\n<p><img loading=\"lazy\" decoding=\"async\" src=\"https:\/\/www.europesays.com\/es\/wp-content\/uploads\/2025\/10\/pastor (4)-kKRE-U2303252762615XEG-1920x1344@Leonoticias.jpg\" class=\"v-mdl__img-z\" width=\"1920\" height=\"1344\" alt=\"\"\/><\/p>\n<p class=\"v-p\">Ya entrada la d\u00e9cada de los a\u00f1os 1980, los hijos de Jes\u00fas Pastor Pastor se incorporaron al negocio convirti\u00e9ndose en una empresa familiar, Librer\u00eda Pastor S.A, que en 1986 acometi\u00f3 la \u00faltima gran reforma que dar\u00eda vida a la librer\u00eda tal y como la conocemos hoy, ampliando el local de Santo Domingo con otra planta de m\u00e1s de 400 metros cuadrados y convirtiendo la zona baja en librer\u00eda general y la alta, en un espacio con secciones cuidadas y una miscel\u00e1nea de tem\u00e1ticas desde ciencia hasta humanidades pasando por libros t\u00e9cnicos y de autores e historias leonesas.<\/p>\n<p>Lector y librero, dos oficios \u00abapasionantes\u00bb<\/p>\n<p class=\"v-p\">La acogida fue tan buena que en la misma d\u00e9cada la empresa familiar decid\u00eda fundar Ediciones Leonesas S.A, una editorial dedicada a la publicaci\u00f3n de libros de marcado inter\u00e9s local y que ha sido distinguida en varias ocasiones con diferentes premios por su calidad editorial.<\/p>\n<p><img decoding=\"async\" loading=\"lazy\" src=\"https:\/\/www.europesays.com\/es\/wp-content\/uploads\/2025\/10\/pastor (2)-kKRE-U2303252762615A0H-650x455@Leonoticias.jpg\" class=\"v-a-img\" width=\"650\" height=\"455\" alt=\"La plaza de Santo Domingo en la d\u00e9cada de los 60.\" data-voc-vtm-id=\"in-text-traffic\"\/><\/p>\n<p>La plaza de Santo Domingo en la d\u00e9cada de los 60.<\/p>\n<p>Librer\u00eda Pastor<\/p>\n<p><img loading=\"lazy\" decoding=\"async\" src=\"https:\/\/www.europesays.com\/es\/wp-content\/uploads\/2025\/10\/pastor (2)-kKRE-U2303252762615oTE-1920x1344@Leonoticias.jpg\" class=\"v-mdl__img-z\" width=\"1920\" height=\"1344\" alt=\"\"\/><\/p>\n<p class=\"v-p\">Este 2025 la Librer\u00eda Pastor sopla las 80 velas manteniendo muy vivo el legado de su fundador, Jes\u00fas Pastor Pastor, quien siempre apost\u00f3 por los escritores de su tierra como signo fundamental de la identidad leonesa. Porque, explican desde la librer\u00eda, mantienen presente igual que hizo Jes\u00fas que el libro es \u00abun veh\u00edculo eficaz en la propagaci\u00f3n de la cultura\u00bb. Por su aniversario, la librer\u00eda har\u00e1 un descuento a los lectores en las compras el pr\u00f3ximo 8 de octubre para celebrar que \u00abtanto ser librero como ser lector son dos oficios apasionantes\u00bb.<\/p>\n<p>Reporta un error<\/p>\n","protected":false},"excerpt":{"rendered":"Viernes, 3 de octubre 2025, 08:12 Lo que en 1945 comenz\u00f3 como el sue\u00f1o de un leon\u00e9s amante&hellip;\n","protected":false},"author":2,"featured_media":154791,"comment_status":"","ping_status":"","sticky":false,"template":"","format":"standard","meta":{"footnotes":""},"categories":[172],"tags":[988,224,7677,146,147,25,24,16887,4108,11532,225,5968,910,23,1852],"class_list":{"0":"post-154790","1":"post","2":"type-post","3":"status-publish","4":"format-standard","5":"has-post-thumbnail","7":"category-libros","8":"tag-anos","9":"tag-books","10":"tag-cumple","11":"tag-entertainment","12":"tag-entretenimiento","13":"tag-es","14":"tag-espana","15":"tag-fundador","16":"tag-leon","17":"tag-libreria","18":"tag-libros","19":"tag-mantiene","20":"tag-recuerdo","21":"tag-spain","22":"tag-vivo"},"share_on_mastodon":{"url":"","error":""},"_links":{"self":[{"href":"https:\/\/www.europesays.com\/es\/wp-json\/wp\/v2\/posts\/154790","targetHints":{"allow":["GET"]}}],"collection":[{"href":"https:\/\/www.europesays.com\/es\/wp-json\/wp\/v2\/posts"}],"about":[{"href":"https:\/\/www.europesays.com\/es\/wp-json\/wp\/v2\/types\/post"}],"author":[{"embeddable":true,"href":"https:\/\/www.europesays.com\/es\/wp-json\/wp\/v2\/users\/2"}],"replies":[{"embeddable":true,"href":"https:\/\/www.europesays.com\/es\/wp-json\/wp\/v2\/comments?post=154790"}],"version-history":[{"count":0,"href":"https:\/\/www.europesays.com\/es\/wp-json\/wp\/v2\/posts\/154790\/revisions"}],"wp:featuredmedia":[{"embeddable":true,"href":"https:\/\/www.europesays.com\/es\/wp-json\/wp\/v2\/media\/154791"}],"wp:attachment":[{"href":"https:\/\/www.europesays.com\/es\/wp-json\/wp\/v2\/media?parent=154790"}],"wp:term":[{"taxonomy":"category","embeddable":true,"href":"https:\/\/www.europesays.com\/es\/wp-json\/wp\/v2\/categories?post=154790"},{"taxonomy":"post_tag","embeddable":true,"href":"https:\/\/www.europesays.com\/es\/wp-json\/wp\/v2\/tags?post=154790"}],"curies":[{"name":"wp","href":"https:\/\/api.w.org\/{rel}","templated":true}]}}