{"id":1548,"date":"2025-07-25T06:20:07","date_gmt":"2025-07-25T06:20:07","guid":{"rendered":"https:\/\/www.europesays.com\/es\/1548\/"},"modified":"2025-07-25T06:20:07","modified_gmt":"2025-07-25T06:20:07","slug":"querian-probar-mis-frenos-la-respuesta-de-pogacar-tras-chocar-con-el-coche-del-equipo-de-vingegaard-mas-deportes","status":"publish","type":"post","link":"https:\/\/www.europesays.com\/es\/1548\/","title":{"rendered":"\u00abQuer\u00edan probar mis frenos\u00bb: la respuesta de Pogacar tras chocar con el coche del equipo de Vingegaard | M\u00e1s deportes"},"content":{"rendered":"<p>Pogacar est\u00e1 cada vez m\u00e1s cerca de conseguir su cuarto Tour de Francia superando en 4&#8217;15\u00bb a Jonas Vingegaard. La etapa 18 con final en Courchevel Col de la Loze, que dictar\u00e1 sentencia entre ambos ciclistas, dej\u00f3 una de las an\u00e9cdotas de esta edici\u00f3n, cuando el esloveno se choc\u00f3 ligeramente con el coche del Visma, el de su principal rival.<\/p>\n<p>El golpe no tuvo ninguna consecuencia, y Pogacar se tom\u00f3 con humor el lance. \u00abNos dirig\u00edamos hacia la salida, igual que los coches. Nosotros \u00edbamos detr\u00e1s del coche Visma-Lease a Bike, quiz\u00e1s demasiado cerca, pero&#8230; \u00bfquiz\u00e1s su conductor de repente quiso probar mis frenos?\u00bb, brome\u00f3 el maillot amarillo, seg\u00fan recoge el portal ITV Cycling.<\/p>\n<p>Pogacar aport\u00f3 alg\u00fan detalle m\u00e1s sobre un peque\u00f1o incidente que no pas\u00f3 a mayores. \u00abNo estaba preparado para ello porque no entend\u00eda por qu\u00e9 ten\u00eda que frenar con tanta urgencia. Golpe\u00e9 el coche, pero est\u00e1 bien\u00bb, sigui\u00f3 el campe\u00f3n del Mundo y ganador de tres Tours.<\/p>\n<p>Este suceso coincide en una jornada negra para el ciclismo espa\u00f1ol. Carlos Rodr\u00edguez, que se cay\u00f3 este mi\u00e9rcoles, no inici\u00f3 la etapa al conocerse que sufre una <a href=\"https:\/\/cadenaser.com\/nacional\/2025\/07\/24\/carlos-rodriguez-dice-adios-al-tour-y-a-la-temporada-sufre-una-fractura-de-pelvis-cadena-ser\/\" target=\"_blank\" rel=\"noreferrer nofollow noopener\" title=\"https:\/\/cadenaser.com\/nacional\/2025\/07\/24\/carlos-rodriguez-dice-adios-al-tour-y-a-la-temporada-sufre-una-fractura-de-pelvis-cadena-ser\/\">fractura en la pelvis<\/a>, por lo que se vio obligado a retirarse de la ronda gala, despidi\u00e9ndose as\u00ed de sus aspiraciones y de participar en La Vuelta y el Mundial. Por si fuera poco, <a href=\"https:\/\/cadenaser.com\/nacional\/2025\/07\/24\/enric-mas-abandona-el-tour-de-francia-en-la-etapa-18-cadena-ser\/\" target=\"_blank\" rel=\"noreferrer nofollow noopener\" title=\"https:\/\/cadenaser.com\/nacional\/2025\/07\/24\/enric-mas-abandona-el-tour-de-francia-en-la-etapa-18-cadena-ser\/\">Enric Mas tambi\u00e9n abandon\u00f3 el Tour de Francia<\/a> en el trascurso de la decimoctava etapa, jornada reina en los Alpes.<\/p>\n<p>Mas se baj\u00f3 de la bicicleta antes del ascenso del segundo puerto del d\u00eda, el Col de la Madeleine, despu\u00e9s de que el balear se metiera en el grupo delantero en el primer puerto, el Glandon. El l\u00edder del Movistar, protagonista hace dos d\u00edas por su escapada en el Mont Ventoux, donde fue atrapado a 4 km de meta, abandon\u00f3 el Tour por tercera vez en siete participaciones. Mas era de decimoctavo en la general a 53&#8217;44\u00bb minutos del l\u00edder, el esloveno Tadej Pogacar.<\/p>\n","protected":false},"excerpt":{"rendered":"Pogacar est\u00e1 cada vez m\u00e1s cerca de conseguir su cuarto Tour de Francia superando en 4&#8217;15\u00bb a Jonas&hellip;\n","protected":false},"author":2,"featured_media":1549,"comment_status":"","ping_status":"","sticky":false,"template":"","format":"standard","meta":{"footnotes":""},"categories":[273],"tags":[745,313,312,746,168,25,24,747,748,23,167,749],"class_list":{"0":"post-1548","1":"post","2":"type-post","3":"status-publish","4":"format-standard","5":"has-post-thumbnail","7":"category-ciclismo","8":"tag-bicycle","9":"tag-ciclismo","10":"tag-cycling","11":"tag-cyclist","12":"tag-deportes","13":"tag-es","14":"tag-espana","15":"tag-helmet","16":"tag-road-cycling","17":"tag-spain","18":"tag-sports","19":"tag-tdf"},"share_on_mastodon":{"url":"","error":""},"_links":{"self":[{"href":"https:\/\/www.europesays.com\/es\/wp-json\/wp\/v2\/posts\/1548","targetHints":{"allow":["GET"]}}],"collection":[{"href":"https:\/\/www.europesays.com\/es\/wp-json\/wp\/v2\/posts"}],"about":[{"href":"https:\/\/www.europesays.com\/es\/wp-json\/wp\/v2\/types\/post"}],"author":[{"embeddable":true,"href":"https:\/\/www.europesays.com\/es\/wp-json\/wp\/v2\/users\/2"}],"replies":[{"embeddable":true,"href":"https:\/\/www.europesays.com\/es\/wp-json\/wp\/v2\/comments?post=1548"}],"version-history":[{"count":0,"href":"https:\/\/www.europesays.com\/es\/wp-json\/wp\/v2\/posts\/1548\/revisions"}],"wp:featuredmedia":[{"embeddable":true,"href":"https:\/\/www.europesays.com\/es\/wp-json\/wp\/v2\/media\/1549"}],"wp:attachment":[{"href":"https:\/\/www.europesays.com\/es\/wp-json\/wp\/v2\/media?parent=1548"}],"wp:term":[{"taxonomy":"category","embeddable":true,"href":"https:\/\/www.europesays.com\/es\/wp-json\/wp\/v2\/categories?post=1548"},{"taxonomy":"post_tag","embeddable":true,"href":"https:\/\/www.europesays.com\/es\/wp-json\/wp\/v2\/tags?post=1548"}],"curies":[{"name":"wp","href":"https:\/\/api.w.org\/{rel}","templated":true}]}}