{"id":154818,"date":"2025-10-03T11:53:06","date_gmt":"2025-10-03T11:53:06","guid":{"rendered":"https:\/\/www.europesays.com\/es\/154818\/"},"modified":"2025-10-03T11:53:06","modified_gmt":"2025-10-03T11:53:06","slug":"la-primera-noche-europea-reune-a-uefa-instituciones-y-representantes-del-mundo-del-futbol-en-montjuic","status":"publish","type":"post","link":"https:\/\/www.europesays.com\/es\/154818\/","title":{"rendered":"La primera noche europea re\u00fane a UEFA, instituciones y representantes del mundo del f\u00fatbol en Montju\u00efc"},"content":{"rendered":"<p>El primer partido del FC Barcelona como local en la <strong>UEFA Champions League 2024\/25<\/strong>, disputado en el <strong>Estadi Ol\u00edmpic Llu\u00eds Companys<\/strong>, vivi\u00f3 un palco con presencia institucional y deportiva de primer nivel.<\/p>\n<p>Entre los invitados asistieron el <strong>sr. Aleksander \u010ceferin, presidente de la UEFA, y SR. Theodore Theodoridis, secretario general de la UEFA<\/strong>, que mantuvieron con la presidencia del Club una conversaci\u00f3n destacada sobre temas de actualidad del Bar\u00e7a, la competici\u00f3n y la pr\u00f3xima apertura del Spotify Camp Nou, llamado a convertirse en uno de los estadios ic\u00f3nicos de Europa.<\/p>\n<p>Tambi\u00e9n estuvieron presentes el <strong>seleccionador de Portugal, Robert Mart\u00ednez, y la Excma. D\u00aa. Elisabeth Baume-Schneider, ministra del Gobierno de Suiza<\/strong>, que compartieron la velada europea desde el palco azulgrana.<\/p>\n<p>Una noche que, m\u00e1s all\u00e1 del terreno de juego, reforz\u00f3 el Estadi Ol\u00edmpic como punto de encuentro institucional e internacional en la primera cita europea como locales.<\/p>\n","protected":false},"excerpt":{"rendered":"El primer partido del FC Barcelona como local en la UEFA Champions League 2024\/25, disputado en el Estadi&hellip;\n","protected":false},"author":2,"featured_media":154819,"comment_status":"","ping_status":"","sticky":false,"template":"","format":"standard","meta":{"footnotes":""},"categories":[268],"tags":[168,25,24,280,282,281,23,167,2288],"class_list":{"0":"post-154818","1":"post","2":"type-post","3":"status-publish","4":"format-standard","5":"has-post-thumbnail","7":"category-futbol","8":"tag-deportes","9":"tag-es","10":"tag-espana","11":"tag-football","12":"tag-futbol","13":"tag-soccer","14":"tag-spain","15":"tag-sports","16":"tag-text"},"share_on_mastodon":{"url":"","error":""},"_links":{"self":[{"href":"https:\/\/www.europesays.com\/es\/wp-json\/wp\/v2\/posts\/154818","targetHints":{"allow":["GET"]}}],"collection":[{"href":"https:\/\/www.europesays.com\/es\/wp-json\/wp\/v2\/posts"}],"about":[{"href":"https:\/\/www.europesays.com\/es\/wp-json\/wp\/v2\/types\/post"}],"author":[{"embeddable":true,"href":"https:\/\/www.europesays.com\/es\/wp-json\/wp\/v2\/users\/2"}],"replies":[{"embeddable":true,"href":"https:\/\/www.europesays.com\/es\/wp-json\/wp\/v2\/comments?post=154818"}],"version-history":[{"count":0,"href":"https:\/\/www.europesays.com\/es\/wp-json\/wp\/v2\/posts\/154818\/revisions"}],"wp:featuredmedia":[{"embeddable":true,"href":"https:\/\/www.europesays.com\/es\/wp-json\/wp\/v2\/media\/154819"}],"wp:attachment":[{"href":"https:\/\/www.europesays.com\/es\/wp-json\/wp\/v2\/media?parent=154818"}],"wp:term":[{"taxonomy":"category","embeddable":true,"href":"https:\/\/www.europesays.com\/es\/wp-json\/wp\/v2\/categories?post=154818"},{"taxonomy":"post_tag","embeddable":true,"href":"https:\/\/www.europesays.com\/es\/wp-json\/wp\/v2\/tags?post=154818"}],"curies":[{"name":"wp","href":"https:\/\/api.w.org\/{rel}","templated":true}]}}