{"id":154822,"date":"2025-10-03T11:56:12","date_gmt":"2025-10-03T11:56:12","guid":{"rendered":"https:\/\/www.europesays.com\/es\/154822\/"},"modified":"2025-10-03T11:56:12","modified_gmt":"2025-10-03T11:56:12","slug":"brian-baker-bad-religion-lanza-the-road-libro-de-fotografia","status":"publish","type":"post","link":"https:\/\/www.europesays.com\/es\/154822\/","title":{"rendered":"Brian Baker (Bad Religion) lanza &#8216;The Road&#8217;, libro de fotograf\u00eda"},"content":{"rendered":"<p>        <a href=\"https:\/\/www.rockandrollarmy.com\/magazine\/wp-content\/uploads\/2025\/10\/Road-1-800x617-brian_baker.jpg\" data-caption=\"\" rel=\"nofollow noopener\" target=\"_blank\"><img loading=\"lazy\" decoding=\"async\" width=\"696\" height=\"537\" class=\"entry-thumb td-modal-image lazy\" src=\"https:\/\/www.europesays.com\/es\/wp-content\/uploads\/2025\/10\/Road-1-800x617-brian_baker-696x537.jpg\"  data- alt=\"\" title=\"Road-1-800x617-brian_baker\"\/><\/a><\/p>\n<p>El guitarrista estadounidense <strong>Brian Baker<\/strong>, actualmente miembro de Bad Religion y de un par de proyectos paralelos m\u00e1s, adem\u00e1s de haber formado parte de bandas como Minor Threat, Junkyard o Dag Nasty, ver\u00e1 editado este mes de noviembre en el mercado anglosaj\u00f3n <strong>\u201cThe Road\u201d<\/strong>, libro en el que recoge algunas de sus fotograf\u00edas realizadas durante sus giras.<\/p>\n<p>Esto es lo que ha comentado Brian Baker al respecto:<\/p>\n<p style=\"text-align: center;\">\u201c\u00a1Estoy encantado de anunciar que este oto\u00f1o (el 4 de noviembre concretamente) saldr\u00e1 a la venta mi libro de fotograf\u00edas, gracias a mis amigos de Akashic Books! Este libro recopila fotos que he tomado durante mis giras y en otros lugares durante los \u00faltimos 20 a\u00f1os (b\u00e1sicamente, desde que inventaron las c\u00e1maras que tambi\u00e9n permiten enviar mensajes de texto y pedir pizza). No podr\u00eda estar m\u00e1s satisfecho con el resultado.<\/p>\n<p style=\"text-align: center;\">El libro se titula \u2018The Road\u2019 y eso es precisamente lo que voy a hacer este oto\u00f1o: hablar de \u00e9l con algunos viejos amigos (y algunos nuevos) en determinadas ciudades. [\u2026]\u00a0<\/p>\n<p style=\"text-align: center;\">Espero veros all\u00ed.<\/p>\n<p style=\"text-align: center;\">Brian\u201d<\/p>\n<p>\u00a0<\/p>\n<p>Comentarios<\/p>\n<p> Comentarios<\/p>\n<p><a rel=\"sponsored nofollow noopener\" href=\"https:\/\/www.awin1.com\/cread.php?s=3385919&amp;v=39922&amp;q=458493&amp;r=1473164\" target=\"_blank\">&#13;<br \/>\n    <img decoding=\"async\" class=\"lazy\" src=\"https:\/\/www.europesays.com\/es\/wp-content\/uploads\/2025\/10\/cshow\" border=\"0\"\/>&#13;<br \/>\n<\/a><\/p>\n","protected":false},"excerpt":{"rendered":"El guitarrista estadounidense Brian Baker, actualmente miembro de Bad Religion y de un par de proyectos paralelos m\u00e1s,&hellip;\n","protected":false},"author":2,"featured_media":154823,"comment_status":"","ping_status":"","sticky":false,"template":"","format":"standard","meta":{"footnotes":""},"categories":[172],"tags":[224,146,147,25,24,225,23],"class_list":{"0":"post-154822","1":"post","2":"type-post","3":"status-publish","4":"format-standard","5":"has-post-thumbnail","7":"category-libros","8":"tag-books","9":"tag-entertainment","10":"tag-entretenimiento","11":"tag-es","12":"tag-espana","13":"tag-libros","14":"tag-spain"},"share_on_mastodon":{"url":"","error":""},"_links":{"self":[{"href":"https:\/\/www.europesays.com\/es\/wp-json\/wp\/v2\/posts\/154822","targetHints":{"allow":["GET"]}}],"collection":[{"href":"https:\/\/www.europesays.com\/es\/wp-json\/wp\/v2\/posts"}],"about":[{"href":"https:\/\/www.europesays.com\/es\/wp-json\/wp\/v2\/types\/post"}],"author":[{"embeddable":true,"href":"https:\/\/www.europesays.com\/es\/wp-json\/wp\/v2\/users\/2"}],"replies":[{"embeddable":true,"href":"https:\/\/www.europesays.com\/es\/wp-json\/wp\/v2\/comments?post=154822"}],"version-history":[{"count":0,"href":"https:\/\/www.europesays.com\/es\/wp-json\/wp\/v2\/posts\/154822\/revisions"}],"wp:featuredmedia":[{"embeddable":true,"href":"https:\/\/www.europesays.com\/es\/wp-json\/wp\/v2\/media\/154823"}],"wp:attachment":[{"href":"https:\/\/www.europesays.com\/es\/wp-json\/wp\/v2\/media?parent=154822"}],"wp:term":[{"taxonomy":"category","embeddable":true,"href":"https:\/\/www.europesays.com\/es\/wp-json\/wp\/v2\/categories?post=154822"},{"taxonomy":"post_tag","embeddable":true,"href":"https:\/\/www.europesays.com\/es\/wp-json\/wp\/v2\/tags?post=154822"}],"curies":[{"name":"wp","href":"https:\/\/api.w.org\/{rel}","templated":true}]}}