{"id":154842,"date":"2025-10-03T12:09:09","date_gmt":"2025-10-03T12:09:09","guid":{"rendered":"https:\/\/www.europesays.com\/es\/154842\/"},"modified":"2025-10-03T12:09:09","modified_gmt":"2025-10-03T12:09:09","slug":"cartel-y-horario-de-la-feria-de-otono","status":"publish","type":"post","link":"https:\/\/www.europesays.com\/es\/154842\/","title":{"rendered":"cartel, y horario de la Feria de Oto\u00f1o"},"content":{"rendered":"<p data-mrf-recirculation=\"Links P\u00e1rrafos\" class=\"ue-c-article__paragraph paragraph ue-c-article--first-letter-highlighted\">La Feria de Oto\u00f1o 2025 <strong>contin\u00faa este viernes 3 de octubre en la plaza de toros de Las Ventas de Madrid con un cartel de primer nivel<\/strong>. El ciclo, que se celebra del 28 de septiembre al 12 de octubre, <strong>re\u00fane a algunas de las principales figuras del toreo junto a ganader\u00edas de prestigio<\/strong> y supone el gran cierre de la temporada taurina en la capital antes del invierno. La Monumental madrile\u00f1a vuelve a ser epicentro de la afici\u00f3n, con una feria que ha colgado miles de abonos y que concentra la expectaci\u00f3n de los amantes de la tauromaquia.<\/p>\n<p><img decoding=\"async\" width=\"990\" height=\"557\" class=\"ue-c-article__image lazyload\" alt=\"Plaza de toros de Las Ventas.\" loading=\"lazy\" src=\"https:\/\/www.europesays.com\/es\/wp-content\/uploads\/2025\/10\/15840175607576.jpeg\"\/>Cartel en Las Ventas del viernes 3 de octubre<\/p>\n<p data-mrf-recirculation=\"Links P\u00e1rrafos\" class=\"ue-c-article__paragraph paragraph\">El cartel de este viernes re\u00fane a <strong>Emilio de Justo, Borja Jim\u00e9nez y Tom\u00e1s Rufo<\/strong>, tres toreros en distintos momentos de sus carreras pero con el reto com\u00fan de triunfar en la primera plaza del mundo. Los diestros se medir\u00e1n a un encierro con toros de <strong>Victoriano del R\u00edo y Toros de Cort\u00e9s<\/strong>, hierros habituales en los carteles de m\u00e1xima categor\u00eda y muy exigentes en el ruedo madrile\u00f1o.<\/p>\n<p>A qu\u00e9 hora es la corrida en Las Ventas del 3 octubre<\/p>\n<p data-mrf-recirculation=\"Links P\u00e1rrafos\" class=\"ue-c-article__paragraph paragraph\">La corrida comenzar\u00e1 <strong>a las 18:00 horas en la plaza de toros de Las Ventas (Calle Alcal\u00e1, 237)<\/strong>.<\/p>\n<p>En cuanto a la retransmisi\u00f3n, la corrida de este viernes no ser\u00e1 televisada en directo, por lo que solo los aficionados presentes en la plaza podr\u00e1n disfrutar del festejo. <strong>La \u00fanica tarde prevista para televisi\u00f3n en esta Feria de Oto\u00f1o ser\u00e1 la del domingo 12 de octubre<\/strong>, D\u00eda de la Hispanidad, que emitir\u00e1 Telemadrid y \u00c0 Punt.<\/p>\n","protected":false},"excerpt":{"rendered":"La Feria de Oto\u00f1o 2025 contin\u00faa este viernes 3 de octubre en la plaza de toros de Las&hellip;\n","protected":false},"author":2,"featured_media":154843,"comment_status":"","ping_status":"","sticky":false,"template":"","format":"standard","meta":{"footnotes":""},"categories":[277],"tags":[373,168,25,24,23,167,374],"class_list":{"0":"post-154842","1":"post","2":"type-post","3":"status-publish","4":"format-standard","5":"has-post-thumbnail","7":"category-toreo","8":"tag-bullfighting","9":"tag-deportes","10":"tag-es","11":"tag-espana","12":"tag-spain","13":"tag-sports","14":"tag-toreo"},"share_on_mastodon":{"url":"","error":""},"_links":{"self":[{"href":"https:\/\/www.europesays.com\/es\/wp-json\/wp\/v2\/posts\/154842","targetHints":{"allow":["GET"]}}],"collection":[{"href":"https:\/\/www.europesays.com\/es\/wp-json\/wp\/v2\/posts"}],"about":[{"href":"https:\/\/www.europesays.com\/es\/wp-json\/wp\/v2\/types\/post"}],"author":[{"embeddable":true,"href":"https:\/\/www.europesays.com\/es\/wp-json\/wp\/v2\/users\/2"}],"replies":[{"embeddable":true,"href":"https:\/\/www.europesays.com\/es\/wp-json\/wp\/v2\/comments?post=154842"}],"version-history":[{"count":0,"href":"https:\/\/www.europesays.com\/es\/wp-json\/wp\/v2\/posts\/154842\/revisions"}],"wp:featuredmedia":[{"embeddable":true,"href":"https:\/\/www.europesays.com\/es\/wp-json\/wp\/v2\/media\/154843"}],"wp:attachment":[{"href":"https:\/\/www.europesays.com\/es\/wp-json\/wp\/v2\/media?parent=154842"}],"wp:term":[{"taxonomy":"category","embeddable":true,"href":"https:\/\/www.europesays.com\/es\/wp-json\/wp\/v2\/categories?post=154842"},{"taxonomy":"post_tag","embeddable":true,"href":"https:\/\/www.europesays.com\/es\/wp-json\/wp\/v2\/tags?post=154842"}],"curies":[{"name":"wp","href":"https:\/\/api.w.org\/{rel}","templated":true}]}}