{"id":154844,"date":"2025-10-03T12:12:10","date_gmt":"2025-10-03T12:12:10","guid":{"rendered":"https:\/\/www.europesays.com\/es\/154844\/"},"modified":"2025-10-03T12:12:10","modified_gmt":"2025-10-03T12:12:10","slug":"la-atp-admite-el-error-por-sancionar-a-medveded-por-falta-de-esfuerzo","status":"publish","type":"post","link":"https:\/\/www.europesays.com\/es\/154844\/","title":{"rendered":"La ATP admite el error por sancionar a Medveded por \u00abfalta de esfuerzo\u00bb"},"content":{"rendered":"<p class=\"mb-4 text-lg md:leading-8 break-words\">Londres, 30 sep (EFE).- La ATP admiti\u00f3 que castigar a Daniil Medvedev por \u00abfalta de esfuerzo\u00bb durante su partido contra Learner Tien en Pek\u00edn fue un error y que el jugador ruso no recibir\u00e1 una multa por ello.<\/p>\n<p class=\"mb-4 text-lg md:leading-8 break-words\">Medvedev se tuvo que retirar este martes del partido de semifinales contra Tien despu\u00e9s de sufrir calambres y no poder competir en el tercer set del encuentro, cuando iba 4-0 abajo.<\/p>\n<p class=\"mb-4 text-lg md:leading-8 break-words\">El juez de silla de dicho partido le impuso una advertencia por \u00abfalta de esfuerzo\u00bb que la ATP calific\u00f3 como un error, cuando \u00e9ste apenas se pod\u00eda mover, lo que llev\u00f3 al moscovita a proclamar: \u00ab\u00bfPor qu\u00e9 todos los \u00e1rbitros tratan de intimidarme?\u00bb.<\/p>\n<p><img alt=\"\" loading=\"lazy\" width=\"960\" height=\"657\" decoding=\"async\" data-nimg=\"1\" class=\"rounded-lg\" style=\"color:transparent\" src=\"https:\/\/www.europesays.com\/es\/wp-content\/uploads\/2025\/10\/931a783531788cc6c0cbdbac6eef57b7.jpeg\"\/><\/p>\n<p class=\"mb-4 text-lg md:leading-8 break-words\">\u00abDespu\u00e9s de revisar el incidente durante la semifinal de Daniil Medvedev en Pek\u00edn, la ATP ha determinado que la advertencia por falta de esfuerzo fue un error. Esto ha sido comunicado a Medvedev y a su equipo despu\u00e9s del encuentro y no se le aplicar\u00e1 multa alguna\u00bb, manifest\u00f3 la ATP.<\/p>\n<p class=\"mb-4 text-lg md:leading-8 break-words\">Durante el encuentro, Medvedev mantuvo una discusi\u00f3n con el juez de silla, Adel Nour, en la que le reproch\u00f3 que le hubiese puesto tal &#8216;warning&#8217; cuando apenas pod\u00eda moverse con normalidad.<\/p>\n<p class=\"mb-4 text-lg md:leading-8 break-words\">\u00abSi le digo algo malo, me descalifica, pero, \u00bfqu\u00e9 le voy a decir?\u00bb, dijo Medvedev al supervisor de la ATP presente en el partido. Nour replic\u00f3 que entend\u00eda que Medvedev no se encontraba bien, pero que tiene que verse que \u00abest\u00e1n jugando\u00bb.<\/p>\n<p class=\"mb-4 text-lg md:leading-8 break-words\">\u00abEstoy haciendo todo lo que puedo. \u00bfQui\u00e9n eres t\u00fa para decidir esto? Quiero hacer algo malo, pero no puedo porque me descalificar\u00edan. No he dicho nada, porque despu\u00e9s del US Open estoy tratando de portarme bien\u00bb, agreg\u00f3 el ruso, que fue multado con 36.000 euros de multa tras su derrota de primera ronda en Nueva York por \u00abconducta poco profesional\u00bb y por romper la raqueta.<\/p>\n<p class=\"mb-4 text-lg md:leading-8 break-words\">(c) Agencia EFE<\/p>\n","protected":false},"excerpt":{"rendered":"Londres, 30 sep (EFE).- La ATP admiti\u00f3 que castigar a Daniil Medvedev por \u00abfalta de esfuerzo\u00bb durante su&hellip;\n","protected":false},"author":2,"featured_media":154845,"comment_status":"","ping_status":"","sticky":false,"template":"","format":"standard","meta":{"footnotes":""},"categories":[274],"tags":[46511,1691,26591,168,995,25,24,46510,7228,23,167,327,326],"class_list":{"0":"post-154844","1":"post","2":"type-post","3":"status-publish","4":"format-standard","5":"has-post-thumbnail","7":"category-tenis","8":"tag-adel-nour","9":"tag-atp","10":"tag-daniil-medvedev","11":"tag-deportes","12":"tag-efe","13":"tag-es","14":"tag-espana","15":"tag-learner-tien","16":"tag-londres","17":"tag-spain","18":"tag-sports","19":"tag-tenis","20":"tag-tennis"},"share_on_mastodon":{"url":"","error":""},"_links":{"self":[{"href":"https:\/\/www.europesays.com\/es\/wp-json\/wp\/v2\/posts\/154844","targetHints":{"allow":["GET"]}}],"collection":[{"href":"https:\/\/www.europesays.com\/es\/wp-json\/wp\/v2\/posts"}],"about":[{"href":"https:\/\/www.europesays.com\/es\/wp-json\/wp\/v2\/types\/post"}],"author":[{"embeddable":true,"href":"https:\/\/www.europesays.com\/es\/wp-json\/wp\/v2\/users\/2"}],"replies":[{"embeddable":true,"href":"https:\/\/www.europesays.com\/es\/wp-json\/wp\/v2\/comments?post=154844"}],"version-history":[{"count":0,"href":"https:\/\/www.europesays.com\/es\/wp-json\/wp\/v2\/posts\/154844\/revisions"}],"wp:featuredmedia":[{"embeddable":true,"href":"https:\/\/www.europesays.com\/es\/wp-json\/wp\/v2\/media\/154845"}],"wp:attachment":[{"href":"https:\/\/www.europesays.com\/es\/wp-json\/wp\/v2\/media?parent=154844"}],"wp:term":[{"taxonomy":"category","embeddable":true,"href":"https:\/\/www.europesays.com\/es\/wp-json\/wp\/v2\/categories?post=154844"},{"taxonomy":"post_tag","embeddable":true,"href":"https:\/\/www.europesays.com\/es\/wp-json\/wp\/v2\/tags?post=154844"}],"curies":[{"name":"wp","href":"https:\/\/api.w.org\/{rel}","templated":true}]}}