{"id":154848,"date":"2025-10-03T12:15:22","date_gmt":"2025-10-03T12:15:22","guid":{"rendered":"https:\/\/www.europesays.com\/es\/154848\/"},"modified":"2025-10-03T12:15:22","modified_gmt":"2025-10-03T12:15:22","slug":"al-horford-llega-a-golden-state-junto-a-una-sorpresa-mas-para-apoyar-a-curry","status":"publish","type":"post","link":"https:\/\/www.europesays.com\/es\/154848\/","title":{"rendered":"Al Horford llega a Golden State junto a una sorpresa m\u00e1s para apoyar a Curry"},"content":{"rendered":"<p data-gtm-element-container=\"modulo-texto-link\" class=\"paragraph\">La <strong><a href=\"https:\/\/www.mundodeportivo.com\/us\/baloncesto\/nba\/20250929\/731423\/warriors-cierran-contrato-multianual-refuerzo-acompanar-curry.html\" title=\"Los Warriors cierran contrato multianual con un refuerzo para acompa\u00f1ar a Curry\" target=\"_blank\" rel=\"nofollow noopener\">llegada de Al Horford a Golden State<\/a> <\/strong>se transform\u00f3 en una <strong>noticia de gran impacto<\/strong> dentro de la NBA, ya que el veterano interior <strong>aportar\u00e1 experiencia y liderazgo <\/strong>en un equipo que busca recuperar protagonismo bajo el mando de <strong>Curry<\/strong>.\u00a0<\/p>\n<p data-gtm-element-container=\"modulo-texto-link\" class=\"paragraph\">La sorpresa fue inmediata: <strong>la franquicia tambi\u00e9n asegur\u00f3 a otra pieza clave<\/strong> que refuerza el plan deportivo de la organizaci\u00f3n.<\/p>\n<p>Al Horford y la compa\u00f1\u00eda inesperada para Curry en Golden State<\/p>\n<p data-gtm-element-container=\"modulo-texto-link\" class=\"paragraph\">El acuerdo de Horford por varias temporadas confirm\u00f3 la apuesta del equipo californiano de la <strong><a href=\"https:\/\/www.mundodeportivo.com\/us\/baloncesto\/nba\/20250929\/731389\/nba-rompio-reglas-historias-ocultas-detras-dorsales-retirados-pertenecieron-dos-estrellas.html\" title=\"Cuando la NBA rompi\u00f3 las reglas: las historias ocultas detr\u00e1s de los dorsales retirados que pertenecieron a dos estrellas\" target=\"_blank\" rel=\"nofollow noopener\">NBA<\/a><\/strong> por sumar jerarqu\u00eda en la pintura. Pero la <strong>novedad m\u00e1s llamativa fue el regreso de De\u2019Anthony Melton<\/strong>, quien ya hab\u00eda vestido la camiseta de los Warriors antes de sufrir una dura lesi\u00f3n.<\/p>\n<p>        Lee tambi\u00e9n<\/p>\n<p>    Gustavo Rubio<\/p>\n<p>             <img loading=\"lazy\" decoding=\"async\" data-full-src=\"https:\/\/www.mundodeportivo.com\/us\/uploads\/2025\/09\/29\/68dae201e9ae3.jpeg\" alt=\"Horizontal\" src=\"https:\/\/www.europesays.com\/es\/wp-content\/uploads\/2025\/10\/68dae201e9ae3.jpeg\" class=\"lazy\" width=\"104\" height=\"108\"\/><\/p>\n<ul>\n<li>\n<strong>Melton regresa tras un paso breve <\/strong>pero prometedor en San Francisco<\/li>\n<li>Su recuperaci\u00f3n lo coloca como <strong>alternativa inmediata en la rotaci\u00f3n<\/strong>\n<\/li>\n<li>El<strong> intercambio con Dennis Schroder lo hab\u00eda alejado del equipo<\/strong>\n<\/li>\n<li>Horford asegura solidez defensiva y un tiro perimetral de calidad<\/li>\n<li>El nuevo plan responde a la <strong>necesidad de balancear juventud y experiencia<\/strong>\n<\/li>\n<\/ul>\n<p data-gtm-element-container=\"modulo-texto-link\" class=\"paragraph\"><strong>Melton arriba a la <\/strong><a href=\"https:\/\/www.mundodeportivo.com\/us\/baloncesto\/nba\/20250925\/731181\/drama-vive-russell-westbrook-inicio-nba-equipo-futuro-incierto.html\" title=\"El drama que vive Russell Westbrook antes del inicio de la NBA: sin equipo y con un futuro incierto\" target=\"_blank\" rel=\"nofollow noopener\">franquicia<\/a><strong> de la NBA<\/strong> para ofrecer frescura y defensa en el per\u00edmetro, aspectos que escasearon en la \u00faltima campa\u00f1a.<\/p>\n<p>                <img loading=\"lazy\" decoding=\"async\" data-full-src=\"https:\/\/www.mundodeportivo.com\/us\/uploads\/2022\/03\/29\/6242e896f08dd.jpeg\" alt=\"Horizontal\" width=\"449\" height=\"299\" src=\"https:\/\/www.europesays.com\/es\/wp-content\/uploads\/2025\/10\/6242e896f08dd.jpeg\" class=\"lazy\"\/><\/p>\n<p class=\"caption-title \">Golden State apuesta por un equilibrio entre veteran\u00eda y juventud con estas incorporaciones.<\/p>\n<p>                    MATTHEW A. SMITH \/ EFE<\/p>\n<p>El impacto real de los refuerzos en los Warriors<\/p>\n<p data-gtm-element-container=\"modulo-texto-link\" class=\"paragraph\">La <strong>incorporaci\u00f3n <\/strong>de <strong>Horford y Melton ampl\u00eda la plantilla<\/strong>, tambi\u00e9n <strong>env\u00eda un mensaje claro <\/strong>a la liga: <strong>Golden State mantiene su ambici\u00f3n competitiva<\/strong>. La experiencia de uno y la intensidad del otro abren un panorama m\u00e1s equilibrado frente a rivales con planteles renovados.<\/p>\n<p data-gtm-element-container=\"modulo-texto-link\" class=\"paragraph\">Con este movimiento, la franquicia confirma que <strong>su proyecto<\/strong> <strong>no se limita a sostener la figura de Curry<\/strong>, sino que busca rodearlo con piezas capaces de marcar la diferencia en ambos costados de la cancha.<\/p>\n","protected":false},"excerpt":{"rendered":"La llegada de Al Horford a Golden State se transform\u00f3 en una noticia de gran impacto dentro de&hellip;\n","protected":false},"author":2,"featured_media":154849,"comment_status":"","ping_status":"","sticky":false,"template":"","format":"standard","meta":{"footnotes":""},"categories":[269],"tags":[299,298,168,25,24,23,167],"class_list":{"0":"post-154848","1":"post","2":"type-post","3":"status-publish","4":"format-standard","5":"has-post-thumbnail","7":"category-baloncesto","8":"tag-baloncesto","9":"tag-basketball","10":"tag-deportes","11":"tag-es","12":"tag-espana","13":"tag-spain","14":"tag-sports"},"share_on_mastodon":{"url":"","error":""},"_links":{"self":[{"href":"https:\/\/www.europesays.com\/es\/wp-json\/wp\/v2\/posts\/154848","targetHints":{"allow":["GET"]}}],"collection":[{"href":"https:\/\/www.europesays.com\/es\/wp-json\/wp\/v2\/posts"}],"about":[{"href":"https:\/\/www.europesays.com\/es\/wp-json\/wp\/v2\/types\/post"}],"author":[{"embeddable":true,"href":"https:\/\/www.europesays.com\/es\/wp-json\/wp\/v2\/users\/2"}],"replies":[{"embeddable":true,"href":"https:\/\/www.europesays.com\/es\/wp-json\/wp\/v2\/comments?post=154848"}],"version-history":[{"count":0,"href":"https:\/\/www.europesays.com\/es\/wp-json\/wp\/v2\/posts\/154848\/revisions"}],"wp:featuredmedia":[{"embeddable":true,"href":"https:\/\/www.europesays.com\/es\/wp-json\/wp\/v2\/media\/154849"}],"wp:attachment":[{"href":"https:\/\/www.europesays.com\/es\/wp-json\/wp\/v2\/media?parent=154848"}],"wp:term":[{"taxonomy":"category","embeddable":true,"href":"https:\/\/www.europesays.com\/es\/wp-json\/wp\/v2\/categories?post=154848"},{"taxonomy":"post_tag","embeddable":true,"href":"https:\/\/www.europesays.com\/es\/wp-json\/wp\/v2\/tags?post=154848"}],"curies":[{"name":"wp","href":"https:\/\/api.w.org\/{rel}","templated":true}]}}