{"id":154852,"date":"2025-10-03T12:18:19","date_gmt":"2025-10-03T12:18:19","guid":{"rendered":"https:\/\/www.europesays.com\/es\/154852\/"},"modified":"2025-10-03T12:18:19","modified_gmt":"2025-10-03T12:18:19","slug":"cuando-solo-haciamos-36-fotos-al-ano","status":"publish","type":"post","link":"https:\/\/www.europesays.com\/es\/154852\/","title":{"rendered":"Cuando s\u00f3lo hac\u00edamos 36 fotos al a\u00f1o"},"content":{"rendered":"<p>En el a\u00f1o 2000, en Espa\u00f1a, cada habitante disparaba unas 36 fotos de media al a\u00f1o. Un carrete para doce meses; tres fotos al mes; una foto cada diez d\u00edas. Nada que ver con las 30 que registra mi m\u00f3vil, las 63 de mi compa\u00f1era de mesa en la redacci\u00f3n o las 256 de mi otro compa\u00f1ero que estuvo una semana de vacaciones. \u201cY tengo muchas m\u00e1s en otra c\u00e1mara\u201d, asegura.<\/p>\n<p>Cuando hace 25 o 30 a\u00f1os se hac\u00eda una foto, esta se pensaba, preparaba y se ejecutaba con cierta idea de lo que finalmente esperabas ver impreso. Ese era el gran final de toda foto, su revelado, su impresi\u00f3n. Ese era el gran momento de la <a href=\"https:\/\/www.elindependiente.com\/tendencias\/fotografia\/\" rel=\"nofollow noopener\" target=\"_blank\">fotograf\u00eda<\/a>, el recoger las im\u00e1genes reveladas y revivir los viajes, encargar copias porque en esta salgo muy bien y esa t\u00edrala que vaya foto me has hecho. Esa copia o las dos, la buena y la mala, ahora se env\u00eda en un mensaje y se acumula en los centenares de fotos que haces y que te llegan a tu tel\u00e9fono.\u00a0<\/p>\n<p>\u00abImaginad hacer s\u00f3lo 36 fotos en todo un a\u00f1o. Hoy nos parece imposible, casi absurdo\u00bb, reflexiona <strong>Eduardo L\u00f3pez, director de Imaging y Recording Media de Fujifilm Espa\u00f1a<\/strong>. Aquella era dorada del carrete fotogr\u00e1fico y la cultura de la imagen f\u00edsica acab\u00f3 de forma fulminante con la digitalizaci\u00f3n global, que transform\u00f3 para siempre la manera de capturar, compartir y recordar nuestros momentos.<\/p>\n<p>Un cambio que lleg\u00f3 como un tsunami. \u201cEn el 2000, la facturaci\u00f3n de carretes rozaba los 300 millones de euros en Espa\u00f1a. Era un negocio recurrente: se compraba un carrete, se hac\u00edan las fotos y se volv\u00eda a la tienda a revelar. Incluso, por fidelidad, te regalaban otro carrete\u00bb. El ciclo era sencillo y universal, pero la llegada de la digitalizaci\u00f3n cambi\u00f3 radicalmente el escenario: \u201cFujifilm tuvo que reinventarse y acelerar procesos de transformaci\u00f3n a una velocidad brutal para sobrevivir. Muchas de las marcas emblem\u00e1ticas han desaparecido, nosotros fuimos capaces de diversificar y persistir\u201d. Se refiere a marcas que casi desaparecieron como <strong>Agfa<\/strong>, <strong><a href=\"https:\/\/www.elindependiente.com\/economia\/estrellas-estrellados\/2016\/10\/16\/agonia-kodak-pelotazo\/\" rel=\"nofollow noopener\" target=\"_blank\">Kodak <\/a><\/strong>o <strong>Polaroid<\/strong>.\u00a0<\/p>\n<p>La digitalizaci\u00f3n no fue un proceso aislado, sino parte de una ola global que afect\u00f3 todos los sectores como la m\u00fasica y el v\u00eddeo. La fotograf\u00eda fue uno de los m\u00e1s golpeados, antes del a\u00f1o 2000, el 60% de la facturaci\u00f3n mundial de Fujifilm proven\u00eda exclusivamente de la fotograf\u00eda. \u201cHoy, ese porcentaje apenas representa el 17% del negocio global. En 2024, la empresa creci\u00f3 2,5 veces respecto al a\u00f1o 2000, pero diversificando en \u00e1reas como la impresi\u00f3n para empresas, la medicina diagn\u00f3stica o la industria de componentes\u201d, explica L\u00f3pez.\u00a0<\/p>\n<p>Del carrete al iPhone<\/p>\n<p>Del auge de los carretes y c\u00e1maras anal\u00f3gicas se pas\u00f3 al boom de las digitales entre 2000 y 2005, hasta alcanzar casi 600 millones de euros de facturaci\u00f3n en ese segmento. Un momento con una gran competencia en la que entraron muchas m\u00e1s empresas a hacer c\u00e1maras. \u201cDe los cuatro o cinco fabricantes de carretes, pasamos a decenas de empresas peleando el mercado digital, pero apenas sobrevivieron unas pocas\u201d, destaca. Como en todo tsunami no hubo s\u00f3lo una ola. \u201cY de repente en 2007 aparece el iPhone con c\u00e1mara, y el mercado vuelve a desplomarse\u201d.\u00a0<\/p>\n<p>La aparici\u00f3n de las c\u00e1maras r\u00e9flex digitales, que ofrec\u00edan funcionalidades que los tel\u00e9fonos m\u00f3viles no pod\u00edan igualar, hizo revivir el mercado. Pero volvi\u00f3 a caer hasta que pasada la pandemia, ha crecido de nuevo con el concepto de la c\u00e1mara mirrorless o sin espejo. Las c\u00e1maras r\u00e9flex digitales est\u00e1n siendo reemplazadas por modelos m\u00e1s peque\u00f1os. Actualmente, el negocio de las c\u00e1maras digitales es de 100 millones de euros en Espa\u00f1a, significativamente menor que los 600 millones alcanzados en 2005. \u201cLas c\u00e1maras sin espejo reposicionaron el negocio, pero el volumen econ\u00f3mico actual es mucho menor, aunque el margen comercial es m\u00e1s elevado\u201d, asegura L\u00f3pez.<\/p>\n<p>El resurgir de la foto impresa<\/p>\n<p>En paralelo, desde 2010 se produjo una tendencia creciente en las c\u00e1maras instant\u00e1neas. Este fen\u00f3meno, que comenz\u00f3 en pa\u00edses asi\u00e1ticos como Jap\u00f3n y Tailandia, est\u00e1 siendo impulsado por j\u00f3venes, especialmente mujeres de 16 a\u00f1os, que han crecido en una cultura totalmente digital y desean experimentar la posibilidad de tocar y ver la fotograf\u00eda.<\/p>\n<p>\u201cEn Espa\u00f1a, tras tocar m\u00ednimos de apenas siete u ocho millones de euros, el mercado anal\u00f3gico repunta por la tendencia de chicas de 16 a\u00f1os que buscan vivir la experiencia f\u00edsica del disparo y la foto impresa. Primero se dio en Asia, ahora est\u00e1 consolidado en Europa y Espa\u00f1a\u201d, explica L\u00f3pez. Fujifilm ha vendido m\u00e1s de 100 millones de c\u00e1maras instant\u00e1neas y ha configurado un ecosistema propio con modelos y consumibles recurrentes.<\/p>\n<p><img loading=\"lazy\" decoding=\"async\" width=\"816\" height=\"544\" src=\"data:image\/svg+xml,%3Csvg%20xmlns=\" http:=\"\" alt=\"Carrete de fotos de Fujifilm.\" class=\"wp-image-4274963\" data-lazy- data-lazy- data-lazy-src=\"https:\/\/www.europesays.com\/es\/wp-content\/uploads\/2025\/10\/pics-films-negative-and-reversal-01-1.jpg\"\/>Carrete de fotos de Fujifilm.<\/p>\n<p>La clave: la impresi\u00f3n\u00a0<\/p>\n<p>Para Fujifilm el gran negocio de la fotograf\u00eda sigue siendo la impresi\u00f3n. \u201cAntes s\u00f3lo pod\u00edas imprimir copias, ahora el abanico incluye \u00e1lbumes, cojines, camisetas, tazas\u2026 Cualquier elemento es susceptible de ser personalizado con una imagen\u201d. Aunque la copia tradicional decrece, productos como fotolibros y regalos personalizados generan cada vez m\u00e1s valor.<\/p>\n<p>\u201cInstagram y las redes sociales han hecho posible compartir im\u00e1genes con todo el planeta, pero tambi\u00e9n han generado un consumo ef\u00edmero y han restado importancia a la fotograf\u00eda profesional y al valor art\u00edstico. Cualquiera dice \u2018yo tambi\u00e9n puedo hacerlo\u2019, pero s\u00f3lo el fot\u00f3grafo sabe transmitir lo que quiere expresar\u201d, reflexiona el directivo.<\/p>\n<p>Para alargar y potenciar esa vida palpable de la fotograf\u00eda la empresa japonesa ha empezado a crear tiendas en lugares emblem\u00e1ticos para potenciar la experiencia anal\u00f3gica de la fotograf\u00eda y el arte de la fotograf\u00eda. La apertura de tiendas propias reforzar\u00e1 su cercan\u00eda con los consumidores, en una estrategia mundial que pone el foco en quienes buscan personalizar y dar significado a sus im\u00e1genes. \u201cEl tel\u00e9fono m\u00f3vil, lejos de ser nuestro enemigo, es nuestro principal aliado. Todas esas fotos tienen potencial de impresi\u00f3n y generaci\u00f3n de valor emocional y econ\u00f3mico\u201d.\u00a0<\/p>\n<p>En Londres abrieron su primera tienda, <strong>House of Photography<\/strong>, La Casa de la Fotograf\u00eda, y\u00a0tendr\u00e1 a finales de a\u00f1o cinco tiendas en Europa. La primera se abri\u00f3 en Londres y la \u00faltima ser\u00e1 la de <strong>Barcelona <\/strong>que se abre en noviembre en <strong>Gran de Gr\u00e0cia<\/strong>. \u201cAqu\u00ed queremos ense\u00f1ar a los consumidores, no a tomar fotos sino a hacer fotos. Es el hogar para los fot\u00f3grafos y amantes de la fotograf\u00eda\u201d, afirma Theo Georghiades, director de este proyecto de tiendas en Europa. \u201cMadrid est\u00e1 en la lista\u201d, aseguran desde la empresa. \u201cCada tienda necesita su estudio de mercado y vamos despacio, pero en unos a\u00f1os estaremos en Madrid tambi\u00e9n\u201d, asegura Georghiades.<\/p>\n","protected":false},"excerpt":{"rendered":"En el a\u00f1o 2000, en Espa\u00f1a, cada habitante disparaba unas 36 fotos de media al a\u00f1o. Un carrete&hellip;\n","protected":false},"author":2,"featured_media":154853,"comment_status":"","ping_status":"","sticky":false,"template":"","format":"standard","meta":{"footnotes":""},"categories":[173],"tags":[229,233,231,230,232,234,146,147,25,24,244,19218,4286,492,23],"class_list":{"0":"post-154852","1":"post","2":"type-post","3":"status-publish","4":"format-standard","5":"has-post-thumbnail","7":"category-arte-y-diseno","8":"tag-arte","9":"tag-arte-y-diseno","10":"tag-arts","11":"tag-arts-and-design","12":"tag-design","13":"tag-diseno","14":"tag-entertainment","15":"tag-entretenimiento","16":"tag-es","17":"tag-espana","18":"tag-fotografia","19":"tag-redaccion","20":"tag-reportajes","21":"tag-sociedad","22":"tag-spain"},"share_on_mastodon":{"url":"","error":""},"_links":{"self":[{"href":"https:\/\/www.europesays.com\/es\/wp-json\/wp\/v2\/posts\/154852","targetHints":{"allow":["GET"]}}],"collection":[{"href":"https:\/\/www.europesays.com\/es\/wp-json\/wp\/v2\/posts"}],"about":[{"href":"https:\/\/www.europesays.com\/es\/wp-json\/wp\/v2\/types\/post"}],"author":[{"embeddable":true,"href":"https:\/\/www.europesays.com\/es\/wp-json\/wp\/v2\/users\/2"}],"replies":[{"embeddable":true,"href":"https:\/\/www.europesays.com\/es\/wp-json\/wp\/v2\/comments?post=154852"}],"version-history":[{"count":0,"href":"https:\/\/www.europesays.com\/es\/wp-json\/wp\/v2\/posts\/154852\/revisions"}],"wp:featuredmedia":[{"embeddable":true,"href":"https:\/\/www.europesays.com\/es\/wp-json\/wp\/v2\/media\/154853"}],"wp:attachment":[{"href":"https:\/\/www.europesays.com\/es\/wp-json\/wp\/v2\/media?parent=154852"}],"wp:term":[{"taxonomy":"category","embeddable":true,"href":"https:\/\/www.europesays.com\/es\/wp-json\/wp\/v2\/categories?post=154852"},{"taxonomy":"post_tag","embeddable":true,"href":"https:\/\/www.europesays.com\/es\/wp-json\/wp\/v2\/tags?post=154852"}],"curies":[{"name":"wp","href":"https:\/\/api.w.org\/{rel}","templated":true}]}}