{"id":154854,"date":"2025-10-03T12:19:07","date_gmt":"2025-10-03T12:19:07","guid":{"rendered":"https:\/\/www.europesays.com\/es\/154854\/"},"modified":"2025-10-03T12:19:07","modified_gmt":"2025-10-03T12:19:07","slug":"la-eivissa-magica-vuelve-a-las-librerias-en-una-reedicion-con-material-extra-ocio-y-cultura","status":"publish","type":"post","link":"https:\/\/www.europesays.com\/es\/154854\/","title":{"rendered":"La &#8216;Eivissa M\u00e1gica&#8217; vuelve a las librer\u00edas en una reedici\u00f3n con material extra | Ocio y cultura"},"content":{"rendered":"<p class=\"loc\">Ibiza<\/p>\n<p>Esta semana, en nuestro &#8216;Tiempo de Libros&#8217;, nos ha faltado nuestro librero de cabecera, Pedro Gonz\u00e1lez, pero nos ha dado una recomendaci\u00f3n: el libro &#8216;Eivissa M\u00e1gica&#8217;, del periodista Carlos Garrido, que ha vuelto a las librer\u00edas, d\u00e9cadas despu\u00e9s, de la mano de la editora Marina Forteza, con la que hemos compartido unos minutos en &#8216;Hoy por Hoy para Ibiza y Formentera&#8217;.<\/p>\n<p>Nos ha contado qu\u00e9 la ha llevado a embarcarse en el proyecto de reedici\u00f3n de la pentalog\u00eda &#8216;las Islas M\u00e1gicas&#8217;, que cuenta tambi\u00e9n con libros dedicados a Mallorca, Menorca, Formentera y Cabrera, en los que el autor repasa el sustrato m\u00edtico y legendario de las Islas Baleares. <\/p>\n<p>El libro dedicado a Ibiza ya est\u00e1 disponible en las librer\u00edas Sa Cultural y Mediterr\u00e1nea. <\/p>\n","protected":false},"excerpt":{"rendered":"Ibiza Esta semana, en nuestro &#8216;Tiempo de Libros&#8217;, nos ha faltado nuestro librero de cabecera, Pedro Gonz\u00e1lez, pero&hellip;\n","protected":false},"author":2,"featured_media":154855,"comment_status":"","ping_status":"","sticky":false,"template":"","format":"standard","meta":{"footnotes":""},"categories":[172],"tags":[224,146,147,25,24,225,23],"class_list":{"0":"post-154854","1":"post","2":"type-post","3":"status-publish","4":"format-standard","5":"has-post-thumbnail","7":"category-libros","8":"tag-books","9":"tag-entertainment","10":"tag-entretenimiento","11":"tag-es","12":"tag-espana","13":"tag-libros","14":"tag-spain"},"share_on_mastodon":{"url":"","error":""},"_links":{"self":[{"href":"https:\/\/www.europesays.com\/es\/wp-json\/wp\/v2\/posts\/154854","targetHints":{"allow":["GET"]}}],"collection":[{"href":"https:\/\/www.europesays.com\/es\/wp-json\/wp\/v2\/posts"}],"about":[{"href":"https:\/\/www.europesays.com\/es\/wp-json\/wp\/v2\/types\/post"}],"author":[{"embeddable":true,"href":"https:\/\/www.europesays.com\/es\/wp-json\/wp\/v2\/users\/2"}],"replies":[{"embeddable":true,"href":"https:\/\/www.europesays.com\/es\/wp-json\/wp\/v2\/comments?post=154854"}],"version-history":[{"count":0,"href":"https:\/\/www.europesays.com\/es\/wp-json\/wp\/v2\/posts\/154854\/revisions"}],"wp:featuredmedia":[{"embeddable":true,"href":"https:\/\/www.europesays.com\/es\/wp-json\/wp\/v2\/media\/154855"}],"wp:attachment":[{"href":"https:\/\/www.europesays.com\/es\/wp-json\/wp\/v2\/media?parent=154854"}],"wp:term":[{"taxonomy":"category","embeddable":true,"href":"https:\/\/www.europesays.com\/es\/wp-json\/wp\/v2\/categories?post=154854"},{"taxonomy":"post_tag","embeddable":true,"href":"https:\/\/www.europesays.com\/es\/wp-json\/wp\/v2\/tags?post=154854"}],"curies":[{"name":"wp","href":"https:\/\/api.w.org\/{rel}","templated":true}]}}