{"id":154857,"date":"2025-10-03T12:21:14","date_gmt":"2025-10-03T12:21:14","guid":{"rendered":"https:\/\/www.europesays.com\/es\/154857\/"},"modified":"2025-10-03T12:21:14","modified_gmt":"2025-10-03T12:21:14","slug":"la-exmetro-se-rebautizo-como-metro-power-hits-y-larga-con-su-programacion-solo-musical","status":"publish","type":"post","link":"https:\/\/www.europesays.com\/es\/154857\/","title":{"rendered":"La exMetro se rebautiz\u00f3 como Metro Power Hits y larga con su programaci\u00f3n solo musical"},"content":{"rendered":"<p class=\"com-paragraph  --capital --s\">Finalmente, el pr\u00f3ximo lunes 6 de octubre, Grupo Alpha Media, relanza la FM 95.1 (frecuencia que ten\u00eda hasta fines de agosto Metro) bajo el nombre de MPH (Metro Power Hits).\u00a0<\/p>\n<p class=\"com-paragraph   --s\"><strong>Se trata de una radio musical enfocada en \u00e9xitos de los 2000 hasta hoy. Durante septiembre, <\/strong><strong>La Previa<\/strong><strong> funcion\u00f3 como per\u00edodo de ajuste on-air.<\/strong><\/p>\n<p class=\"com-paragraph   --s\">La programaci\u00f3n y los contenidos art\u00edsticos estar\u00e1n a cargo de Juli\u00e1n Pento Echeverr\u00eda (ganador del Mart\u00edn Fierro como musicalizador de las FM\u00a0Blue 100.7 y Rock &amp; Pop 95.9), y ser\u00e1 dividida en cuatro segmentos horarios (7 a 10, 10 a 13, 13 a 19 y 19 a 22). <\/p>\n<p class=\"com-paragraph   --s\">Sebasti\u00e1n Padr\u00f3n es el nuevo Coordinador de las AM del Grupo Octubre. Como se inform\u00f3, Padr\u00f3n renunci\u00f3 a comienzos de agosto como gerente de programaci\u00f3n de Radio 10 y las FM de Indalo MEDIA, tras casi cuatro a\u00f1os, debido a desacuerdos con la nueva estrategia de integraci\u00f3n del Grupo Indalo entre radios, TV y plataformas digitales (liderada por Nicol\u00e1s Bocache).\u00a0\u00a0\u00a0<\/p>\n<p class=\"com-paragraph   --s\">Padr\u00f3n asumir\u00e1 esta semana la coordinaci\u00f3n de las AM del Grupo Octubre que son La AM 750 y Radio Continental AM 590, bajo el ala de Gisela Marziotta.\u00a0\u00a0<\/p>\n<p class=\"com-paragraph   --s\"><strong>El hist\u00f3rico productor de Gustavo \u201cEl Gato\u201d Sylvestre present\u00f3 un proyecto de jerarquizaci\u00f3n para acomodar ambas radios desde diferentes lados,<\/strong> tanto como los temas de art\u00edstica y marketing, m\u00e1s all\u00e1 de la programaci\u00f3n y grilla horaria e informativos.<\/p>\n<p class=\"com-paragraph   --s\">Este verano Cadena Cool vuelve a hacer temporada en Pinamar. Esta vez compartir\u00e1 balneario con el canal de streaming\u00a0Luzu TV que tendr\u00e1 un estudio totalmente renovado, un balneario clave lleno de p\u00fablico joven. Cabe recordar que Cool y Luzu comparten socio: Mart\u00edn Rojas, quien busc\u00f3 de manera estrat\u00e9gica que ambas marcas convivan en ese balneario. <\/p>\n<p class=\"com-paragraph   --s\">Mientras Cool apostar\u00e1 fuerte a las radios con algunas notas on demand, Luzu har\u00e1 su \u00e9xito de todo el a\u00f1o v\u00eda streaming con el regreso a Pinamar del programa Nadie dice nada (comandado por Nico Occhiato). Adem\u00e1s, ambos grupos de medios llevar\u00e1n sus otras dos marcas MicroStream y Resumido.\u00a0Por \u00faltimo, hay que tener presente, que Cool, es la cadena de radios m\u00e1s importante de la Provincia de Buenos Aires con base en La Plata en 103.7.\u00a0<\/p>\n<p>Nico Occhiato habl\u00f3 sobre la clase pol\u00edtica en Nadie dice nada (Luzu Tv)<\/p>\n","protected":false},"excerpt":{"rendered":"Finalmente, el pr\u00f3ximo lunes 6 de octubre, Grupo Alpha Media, relanza la FM 95.1 (frecuencia que ten\u00eda hasta&hellip;\n","protected":false},"author":2,"featured_media":154858,"comment_status":"","ping_status":"","sticky":false,"template":"","format":"standard","meta":{"footnotes":""},"categories":[170],"tags":[146,147,25,24,184,185,23],"class_list":{"0":"post-154857","1":"post","2":"type-post","3":"status-publish","4":"format-standard","5":"has-post-thumbnail","7":"category-musica","8":"tag-entertainment","9":"tag-entretenimiento","10":"tag-es","11":"tag-espana","12":"tag-music","13":"tag-musica","14":"tag-spain"},"share_on_mastodon":{"url":"","error":""},"_links":{"self":[{"href":"https:\/\/www.europesays.com\/es\/wp-json\/wp\/v2\/posts\/154857","targetHints":{"allow":["GET"]}}],"collection":[{"href":"https:\/\/www.europesays.com\/es\/wp-json\/wp\/v2\/posts"}],"about":[{"href":"https:\/\/www.europesays.com\/es\/wp-json\/wp\/v2\/types\/post"}],"author":[{"embeddable":true,"href":"https:\/\/www.europesays.com\/es\/wp-json\/wp\/v2\/users\/2"}],"replies":[{"embeddable":true,"href":"https:\/\/www.europesays.com\/es\/wp-json\/wp\/v2\/comments?post=154857"}],"version-history":[{"count":0,"href":"https:\/\/www.europesays.com\/es\/wp-json\/wp\/v2\/posts\/154857\/revisions"}],"wp:featuredmedia":[{"embeddable":true,"href":"https:\/\/www.europesays.com\/es\/wp-json\/wp\/v2\/media\/154858"}],"wp:attachment":[{"href":"https:\/\/www.europesays.com\/es\/wp-json\/wp\/v2\/media?parent=154857"}],"wp:term":[{"taxonomy":"category","embeddable":true,"href":"https:\/\/www.europesays.com\/es\/wp-json\/wp\/v2\/categories?post=154857"},{"taxonomy":"post_tag","embeddable":true,"href":"https:\/\/www.europesays.com\/es\/wp-json\/wp\/v2\/tags?post=154857"}],"curies":[{"name":"wp","href":"https:\/\/api.w.org\/{rel}","templated":true}]}}