{"id":154863,"date":"2025-10-03T12:25:14","date_gmt":"2025-10-03T12:25:14","guid":{"rendered":"https:\/\/www.europesays.com\/es\/154863\/"},"modified":"2025-10-03T12:25:14","modified_gmt":"2025-10-03T12:25:14","slug":"muere-javier-manrique-a-los-56-anos-actor-de-camera-cafe-y-el-dia-de-la-bestia","status":"publish","type":"post","link":"https:\/\/www.europesays.com\/es\/154863\/","title":{"rendered":"Muere Javier Manrique a los 56 a\u00f1os, actor de &#8216;C\u00e1mera Caf\u00e9&#8217; y &#8216;El d\u00eda de la bestia&#8217;"},"content":{"rendered":"<p>OBITUARIO<\/p>\n<p>Tuvo papeles importantes en series relevantes de nuestro pa\u00eds desde finales de los 80. Asimismo, tuvo una prol\u00edfica carrera en el cine. En su \u00faltima etapa se hab\u00eda centrado en la representaci\u00f3n de j\u00f3venes actores. <\/p>\n<p class=\"articleSignature-name\"> ondacero.es | Agencias <\/p>\n<p class=\"articleSignature-datecontent\">Madrid | <strong>03.10.2025 14:09 <\/strong><\/p>\n<p><img loading=\"lazy\" decoding=\"async\" title=\"Muere Javier Manrique a los 56 a\u00f1os, actor de 'C\u00e1mera Caf\u00e9' y 'El d\u00eda de la bestia' \" alt=\"Muere Javier Manrique a los 56 a\u00f1os, actor de 'C\u00e1mera Caf\u00e9' y 'El d\u00eda de la bestia' \" width=\"480\" height=\"270\" src=\"https:\/\/www.europesays.com\/es\/wp-content\/uploads\/2025\/10\/muere-javier-manrique-56-anos-actor-camera-cafe-dia-bestia_70.jpg\"\/>Muere Javier Manrique a los 56 a\u00f1os, actor de &#8216;C\u00e1mera Caf\u00e9&#8217; y &#8216;El d\u00eda de la bestia&#8217; | Academia de las Artes y las Ciencias Cinematogr\u00e1ficas de Espa\u00f1a<\/p>\n","protected":false},"excerpt":{"rendered":"OBITUARIO Tuvo papeles importantes en series relevantes de nuestro pa\u00eds desde finales de los 80. Asimismo, tuvo una&hellip;\n","protected":false},"author":2,"featured_media":154864,"comment_status":"","ping_status":"","sticky":false,"template":"","format":"standard","meta":{"footnotes":""},"categories":[91],"tags":[146,147,25,24,23],"class_list":{"0":"post-154863","1":"post","2":"type-post","3":"status-publish","4":"format-standard","5":"has-post-thumbnail","7":"category-entretenimiento","8":"tag-entertainment","9":"tag-entretenimiento","10":"tag-es","11":"tag-espana","12":"tag-spain"},"share_on_mastodon":{"url":"","error":""},"_links":{"self":[{"href":"https:\/\/www.europesays.com\/es\/wp-json\/wp\/v2\/posts\/154863","targetHints":{"allow":["GET"]}}],"collection":[{"href":"https:\/\/www.europesays.com\/es\/wp-json\/wp\/v2\/posts"}],"about":[{"href":"https:\/\/www.europesays.com\/es\/wp-json\/wp\/v2\/types\/post"}],"author":[{"embeddable":true,"href":"https:\/\/www.europesays.com\/es\/wp-json\/wp\/v2\/users\/2"}],"replies":[{"embeddable":true,"href":"https:\/\/www.europesays.com\/es\/wp-json\/wp\/v2\/comments?post=154863"}],"version-history":[{"count":0,"href":"https:\/\/www.europesays.com\/es\/wp-json\/wp\/v2\/posts\/154863\/revisions"}],"wp:featuredmedia":[{"embeddable":true,"href":"https:\/\/www.europesays.com\/es\/wp-json\/wp\/v2\/media\/154864"}],"wp:attachment":[{"href":"https:\/\/www.europesays.com\/es\/wp-json\/wp\/v2\/media?parent=154863"}],"wp:term":[{"taxonomy":"category","embeddable":true,"href":"https:\/\/www.europesays.com\/es\/wp-json\/wp\/v2\/categories?post=154863"},{"taxonomy":"post_tag","embeddable":true,"href":"https:\/\/www.europesays.com\/es\/wp-json\/wp\/v2\/tags?post=154863"}],"curies":[{"name":"wp","href":"https:\/\/api.w.org\/{rel}","templated":true}]}}