{"id":154868,"date":"2025-10-03T12:28:08","date_gmt":"2025-10-03T12:28:08","guid":{"rendered":"https:\/\/www.europesays.com\/es\/154868\/"},"modified":"2025-10-03T12:28:08","modified_gmt":"2025-10-03T12:28:08","slug":"sarah-mullally-es-elegida-arzobispa-de-canterbury-y-sera-la-primera-mujer-en-liderar-la-iglesia-anglicana-en-sus-casi-500-anos-de-historia","status":"publish","type":"post","link":"https:\/\/www.europesays.com\/es\/154868\/","title":{"rendered":"Sarah Mullally es elegida arzobispa de Canterbury y ser\u00e1 la primera mujer en liderar la Iglesia anglicana en sus casi 500 a\u00f1os de historia"},"content":{"rendered":"<p><img fetchpriority=\"high\" decoding=\"async\" src=\"https:\/\/ichef.bbci.co.uk\/ace\/ws\/640\/cpsprodpb\/e339\/live\/6685c3d0-a047-11f0-af31-9d0b79382753.jpg.webp\"   alt=\"Sarah Mullally\" loading=\"eager\" width=\"895\" height=\"503\" style=\"aspect-ratio:895 \/ 503\" class=\"bbc-139onq\"\/><\/p>\n<p class=\"bbc-by8ykd\" role=\"text\">Fuente de la imagen, Getty Images<\/p>\n<p>Pie de foto, El puesto que ahora ocupar\u00e1 Mullally estuvo vacante durante casi un a\u00f1o por un esc\u00e1ndalo de abusos en la Iglesia de Inglatera. <strong id=\"article-byline\" aria-hidden=\"true\" class=\"bbc-m04vo2\">Informaci\u00f3n del art\u00edculo<\/strong><\/p>\n<p dir=\"ltr\" class=\"bbc-hhl7in e17g058b0\"><b>Por primera vez en casi 500 a\u00f1os de historia, la Iglesia de Inglaterra eligi\u00f3 a una mujer como l\u00edder. Sarah Mullally, de 63 a\u00f1os, fue nombrada primera Arzobispa de Canterbury.<\/b><\/p>\n<p dir=\"ltr\" class=\"bbc-hhl7in e17g058b0\">El Arzobispo de Canterbury es considerado el jefe espiritual de la Iglesia Anglicana en todo el mundo.<\/p>\n<p dir=\"ltr\" class=\"bbc-hhl7in e17g058b0\">Tambi\u00e9n desempe\u00f1a un papel importante en la vida p\u00fablica, ocupando un esca\u00f1o en la C\u00e1mara de los Lores del Parlamento de Reino Unido.<\/p>\n<p dir=\"ltr\" class=\"bbc-hhl7in e17g058b0\">Esto significa que participa en debates, habla sobre pol\u00edtica p\u00fablica \u2014incluyendo temas relacionados con libertad religiosa\u2014 y asiste a eventos de importancia nacional.<\/p>\n<p dir=\"ltr\" class=\"bbc-hhl7in e17g058b0\">En sus primeras palabras tras su confirmaci\u00f3n, Mullally afirm\u00f3 que, si bien el cargo representa una \u00abenorme responsabilidad\u00bb, siente una sensaci\u00f3n de \u00abpaz y confianza en que Dios la guiar\u00e1\u00bb.<\/p>\n<p dir=\"ltr\" class=\"bbc-hhl7in e17g058b0\">Mullally es la cl\u00e9riga n\u00famero 106 en asumir el cargo. Ser\u00e1 confirmada en una ceremonia legal prevista para enero en la Catedral de Canterbury. <\/p>\n<p dir=\"ltr\" class=\"bbc-hhl7in e17g058b0\">El puesto que ocupa ahora estuvo vacante durante casi un a\u00f1o despu\u00e9s de que su predecesor, Justin Welby, anunciara su dimisi\u00f3n por la mala gesti\u00f3n de un esc\u00e1ndalo de abuso sexual infantil que fue muy pol\u00e9mico en Reino Unido.<\/p>\n<p dir=\"ltr\" class=\"bbc-hhl7in e17g058b0\">Una revisi\u00f3n independiente concluy\u00f3 que el abogado y l\u00edder de un campamento cristiano, John Smyth \u2014el abusador en serie m\u00e1s prol\u00edfico asociado con la Iglesia\u2014, podr\u00eda haber sido llevado ante la justicia si Welby lo hubiera denunciado formalmente a la polic\u00eda en 2013.<\/p>\n<p><img decoding=\"async\" src=\"https:\/\/ichef.bbci.co.uk\/ace\/ws\/640\/cpsprodpb\/ef1e\/live\/4ad63d20-a044-11f0-9251-31c97a45eb73.jpg.webp\"   alt=\"Sarah Mullally durante el servicio de investidura como 133.\u00aa Obispa de Londres en la Catedral de San Pablo en 2018.\" loading=\"lazy\" width=\"1024\" height=\"576\" style=\"aspect-ratio:1024 \/ 576\" class=\"bbc-139onq\"\/><\/p>\n<p class=\"bbc-by8ykd\" role=\"text\">Fuente de la imagen, Getty Images<\/p>\n<p>Pie de foto, M\u00e1s de 40 de los 108 obispos de Inglaterra son ahora mujeres.<\/p>\n<p dir=\"ltr\" class=\"bbc-hhl7in e17g058b0\">El esc\u00e1ndalo conmocion\u00f3 a Reino Unido y provoc\u00f3 llamados para que la Iglesia de Inglaterra, cuya cabeza es el monarca brit\u00e1nico, fuera reformada. <\/p>\n<p dir=\"ltr\" class=\"bbc-hhl7in e17g058b0\">\u00abHoy en d\u00eda, en todo nuestro pa\u00eds, nos enfrentamos a complejas cuestiones morales y pol\u00edticas. El derecho de las personas con enfermedades terminales a acabar con su vida. Nuestra respuesta a las personas que huyen de la guerra y la persecuci\u00f3n en busca de seguridad y refugio\u00bb, dijo Mullally. <\/p>\n<p dir=\"ltr\" class=\"bbc-hhl7in e17g058b0\">\u00abTambi\u00e9n las presiones sobre las comunidades que han sido ignoradas y subestimadas. La profunda pregunta de qui\u00e9nes somos como naci\u00f3n en un mundo que a menudo est\u00e1 al borde del abismo\u00bb.<\/p>\n<p>El Rey, cabeza de la Iglesia<\/p>\n<p dir=\"ltr\" class=\"bbc-hhl7in e17g058b0\">Aunque t\u00e9cnicamente, el rey Carlos III es la cabeza de la Iglesia de Inglaterra, quien ostenta el cargo de Arzobispo de Canterbury es el cl\u00e9rigo de mayor rango y el l\u00edder espiritual de la Iglesia y de la Comuni\u00f3n Anglicana mundial.<\/p>\n<p dir=\"ltr\" class=\"bbc-hhl7in e17g058b0\">La Iglesia de Inglaterra cuenta con unos 20 millones de miembros bautizados, pero se estima que el n\u00famero de feligreses regulares es de poco menos de un mill\u00f3n, seg\u00fan cifras de 2022.<\/p>\n<p dir=\"ltr\" class=\"bbc-hhl7in e17g058b0\">La Iglesia Anglicana se convirti\u00f3 en la iglesia estatal establecida tras la separaci\u00f3n del rey Enrique VIII de la Iglesia Cat\u00f3lica Romana en la d\u00e9cada de 1530.<\/p>\n<p dir=\"ltr\" class=\"bbc-hhl7in e17g058b0\">No es la primera vez que Mullally es pionera. En 1999, antes de ordenarse sacerdotisa, se convirti\u00f3 en la jefa de enfermer\u00eda m\u00e1s joven de la historia de Inglaterra.  Se describe a s\u00ed misma como feminista.<\/p>\n<p><img decoding=\"async\" src=\"https:\/\/ichef.bbci.co.uk\/ace\/ws\/640\/cpsprodpb\/361d\/live\/ac821510-a041-11f0-af31-9d0b79382753.jpg.webp\"   alt=\"Mullally en una ceremonia leyendo. \" loading=\"lazy\" width=\"1024\" height=\"576\" style=\"aspect-ratio:1024 \/ 576\" class=\"bbc-139onq\"\/><\/p>\n<p class=\"bbc-by8ykd\" role=\"text\">Fuente de la imagen, Getty Images<\/p>\n<p>Pie de foto, Mullally fue ordenada sacerdotisa en 2002 y se convirti\u00f3 en la primera obispa de Londres en 2018.<\/p>\n<p dir=\"ltr\" class=\"bbc-hhl7in e17g058b0\">En 2002, fue ordenada sacerdotisa y se convirti\u00f3 en la primera obispa de Londres en 2018, cargo que ocup\u00f3 durante siete a\u00f1os, siendo la tercera miembro m\u00e1s antigua del clero de la Iglesia. <\/p>\n<p dir=\"ltr\" class=\"bbc-hhl7in e17g058b0\">Las mujeres solo pueden ser sacerdotisas en la Iglesia de Inglaterra desde mediados de la d\u00e9cada de 1990. Y solo pueden ser ordenadas obispas desde 2014, tras a\u00f1os de encarnizadas disputas entre facciones.<\/p>\n<p>Mujeres en el sacerdocio<\/p>\n<p dir=\"ltr\" class=\"bbc-hhl7in e17g058b0\">Sin embargo, hay obispos de alto rango en la Iglesia de Inglaterra que se oponen abiertamente a que las mujeres se unan al sacerdocio, y mucho menos a que dirijan la instituci\u00f3n.<\/p>\n<p dir=\"ltr\" class=\"bbc-hhl7in e17g058b0\">\u00abLa legislaci\u00f3n exige que los Arzobispos de Canterbury se jubilen a los 70 a\u00f1os, lo que quiz\u00e1s sea una de las razones por las que algunos no consideraban a Sarah Mullally como una de las principales candidatas para ser seleccionada. En cambio, ha hecho historia\u00bb, dijo el corresponsal de Asuntos Religiosos de la BBC, Aleem Maqbool.<\/p>\n<p><img decoding=\"async\" src=\"https:\/\/ichef.bbci.co.uk\/ace\/ws\/640\/cpsprodpb\/2bb9\/live\/ed57a2e0-a040-11f0-af31-9d0b79382753.jpg.webp\"   alt=\"Sarah Mullally con camisa violeta, sonrie abrindo los brazos en frente de la escalinata de la catedral de St. Paul en Londres\" loading=\"lazy\" width=\"943\" height=\"530\" style=\"aspect-ratio:943 \/ 530\" class=\"bbc-139onq\"\/><\/p>\n<p class=\"bbc-by8ykd\" role=\"text\">Fuente de la imagen, Getty Images<\/p>\n<p>Pie de foto, El primer ministro Keir Starmer celebr\u00f3 el nombramiento de la primera mujer en ocupar el cargo.<\/p>\n<p dir=\"ltr\" class=\"bbc-hhl7in e17g058b0\">Una de las funciones de Mullally en su anterior cargo como obispa de Londres fue presidir un organismo que intentaba orientar la decisi\u00f3n de la Iglesia de Inglaterra sobre la bendici\u00f3n de los matrimonios entre personas del mismo sexo.<\/p>\n<p dir=\"ltr\" class=\"bbc-hhl7in e17g058b0\">Mullally describi\u00f3 la decisi\u00f3n de permitir finalmente que los sacerdotes bendigan a las parejas del mismo sexo en 2023 como \u00abun momento de esperanza para la Iglesia\u00bb.<\/p>\n<p dir=\"ltr\" class=\"bbc-hhl7in e17g058b0\">Sin embargo, aludiendo a las profundas divisiones que a\u00fan existen en la Iglesia sobre este tema, dijo: \u00abS\u00e9 que lo que hemos propuesto como camino a seguir no es suficiente para muchos, pero s\u00ed demasiado para otros\u00bb.<\/p>\n<p>Proyecto de muerte asistida<\/p>\n<p dir=\"ltr\" class=\"bbc-hhl7in e17g058b0\">En los pr\u00f3ximos meses, como miembro de la C\u00e1mara de los Lores, Mullally tendr\u00e1 que votar el proyecto de ley sobre muerte asistida que se debate actualmente en el Parlamento de Westminster.<\/p>\n<p dir=\"ltr\" class=\"bbc-hhl7in e17g058b0\">Se opone a la legislaci\u00f3n abiertamente. <\/p>\n<p dir=\"ltr\" class=\"bbc-hhl7in e17g058b0\">\u00abDebemos oponernos a una ley que pone en riesgo a las personas vulnerables y, en su lugar, trabajar para mejorar la financiaci\u00f3n y el acceso a los servicios de cuidados paliativos que tanto se necesitan\u00bb.<\/p>\n<p dir=\"ltr\" class=\"bbc-hhl7in e17g058b0\">En su primera visita como arzobispa electa, estuvo en una iglesia local y ayud\u00f3 a empacar paquetes de alimentos.<\/p>\n<p><img decoding=\"async\" src=\"https:\/\/ichef.bbci.co.uk\/ace\/ws\/640\/cpsprodpb\/f880\/live\/ae305af0-a039-11f0-928c-71dbb8619e94.png.webp\"   alt=\"L\u00ednea gris de separaci\u00f3n\" loading=\"lazy\" width=\"800\" height=\"100\" style=\"aspect-ratio:800 \/ 100\" class=\"bbc-139onq\"\/><\/p>\n<p dir=\"ltr\" class=\"bbc-hhl7in e17g058b0\"><a href=\"https:\/\/www.bbc.com\/mundo\/send\/u184973209\" class=\"focusIndicatorReducedWidth bbc-n8oauk e1p3sufg0\" rel=\"nofollow noopener\" target=\"_blank\">Suscr\u00edbete aqu\u00ed<\/a> a nuestro nuevo newsletter para recibir cada viernes una selecci\u00f3n de nuestro mejor contenido de la semana.<\/p>\n<p dir=\"ltr\" class=\"bbc-hhl7in e17g058b0\">Y recuerda que puedes recibir notificaciones en nuestra app. Descarga la \u00faltima versi\u00f3n y act\u00edvalas.<\/p>\n","protected":false},"excerpt":{"rendered":"Fuente de la imagen, Getty Images Pie de foto, El puesto que ahora ocupar\u00e1 Mullally estuvo vacante durante&hellip;\n","protected":false},"author":2,"featured_media":154869,"comment_status":"","ping_status":"","sticky":false,"template":"","format":"standard","meta":{"footnotes":""},"categories":[42],"tags":[17,18,13,14,11,61,62,63,64,19,20,9,10,15,16,12,21,22,65,66,67],"class_list":{"0":"post-154868","1":"post","2":"type-post","3":"status-publish","4":"format-standard","5":"has-post-thumbnail","7":"category-internacional","8":"tag-breaking-news","9":"tag-breakingnews","10":"tag-featured-news","11":"tag-featurednews","12":"tag-headlines","13":"tag-internacional","14":"tag-international","15":"tag-international-news","16":"tag-internationalnews","17":"tag-latest-news","18":"tag-latestnews","19":"tag-news","20":"tag-noticias","21":"tag-noticias-destacadas","22":"tag-noticiasdestacadas","23":"tag-titulares","24":"tag-ultimas-noticias","25":"tag-ultimasnoticias","26":"tag-world","27":"tag-world-news","28":"tag-worldnews"},"share_on_mastodon":{"url":"","error":""},"_links":{"self":[{"href":"https:\/\/www.europesays.com\/es\/wp-json\/wp\/v2\/posts\/154868","targetHints":{"allow":["GET"]}}],"collection":[{"href":"https:\/\/www.europesays.com\/es\/wp-json\/wp\/v2\/posts"}],"about":[{"href":"https:\/\/www.europesays.com\/es\/wp-json\/wp\/v2\/types\/post"}],"author":[{"embeddable":true,"href":"https:\/\/www.europesays.com\/es\/wp-json\/wp\/v2\/users\/2"}],"replies":[{"embeddable":true,"href":"https:\/\/www.europesays.com\/es\/wp-json\/wp\/v2\/comments?post=154868"}],"version-history":[{"count":0,"href":"https:\/\/www.europesays.com\/es\/wp-json\/wp\/v2\/posts\/154868\/revisions"}],"wp:featuredmedia":[{"embeddable":true,"href":"https:\/\/www.europesays.com\/es\/wp-json\/wp\/v2\/media\/154869"}],"wp:attachment":[{"href":"https:\/\/www.europesays.com\/es\/wp-json\/wp\/v2\/media?parent=154868"}],"wp:term":[{"taxonomy":"category","embeddable":true,"href":"https:\/\/www.europesays.com\/es\/wp-json\/wp\/v2\/categories?post=154868"},{"taxonomy":"post_tag","embeddable":true,"href":"https:\/\/www.europesays.com\/es\/wp-json\/wp\/v2\/tags?post=154868"}],"curies":[{"name":"wp","href":"https:\/\/api.w.org\/{rel}","templated":true}]}}