{"id":154870,"date":"2025-10-03T12:29:04","date_gmt":"2025-10-03T12:29:04","guid":{"rendered":"https:\/\/www.europesays.com\/es\/154870\/"},"modified":"2025-10-03T12:29:04","modified_gmt":"2025-10-03T12:29:04","slug":"pedro-ruiz-claro-sobre-lo-que-va-a-pasar-en-espana-tras-las-proximas-elecciones-generales-ganara-quien-ganase","status":"publish","type":"post","link":"https:\/\/www.europesays.com\/es\/154870\/","title":{"rendered":"Pedro Ruiz, claro sobre lo que va a pasar en Espa\u00f1a tras las pr\u00f3ximas elecciones generales: \u00abGanara quien ganase&#8230;\u00bb"},"content":{"rendered":"<p><img decoding=\"async\" class=\"voc-author__img\" src=\"https:\/\/www.europesays.com\/es\/wp-content\/uploads\/2025\/10\/autor-5052-foto-4.png\" alt=\"M. A.\"\/><\/p>\n<p>02\/10\/2025<br \/>\n<br \/><strong><br \/>\nActualizado 03\/10\/2025 a las 10:23h.<br \/>\n<\/strong><\/p>\n<p class=\"voc-p\" style=\"\">La falta de <a href=\"https:\/\/www.abc.es\/espana\/diputado-chunta-aragonesista-sumar-insta-sanchez-convocar-20250930114230-nt.html\" title=\"www.abc.es\" data-voc-vtm-id=\"in-text-traffic\" data-mrf-link=\"www.abc.es\" rel=\"nofollow noopener\" target=\"_blank\">Presupuestos Generales del Estado<\/a>, sumado a los \u00faltimos esc\u00e1ndalos de corrupci\u00f3n que han salpicado al <strong>Gobierno de Pedro S\u00e1nchez<\/strong> durante estos meses, han catapultado esta ca\u00edda de los socialistas de cara a unas futuras elecciones, todav\u00eda sin fecha. La <strong>convulsi\u00f3n permanente<\/strong> que vive ahora la pol\u00edtica espa\u00f1ola tampoco ha ayudado a reforzar al Gobierno, que se ha ido desgastando en las tendencias electorales de estos \u00faltimos meses. <\/p>\n<p class=\"voc-p\" style=\"\">As\u00ed lo reflejan las <strong>\u00faltimas encuestas<\/strong>, como la que public\u00f3 <a href=\"https:\/\/www.abc.es\/espana\/derechas-amplian-ventaja-suman-198-escanos-20250915205210-nt.html\" title=\"www.abc.es\" data-voc-vtm-id=\"in-text-traffic\" data-mrf-link=\"www.abc.es\" rel=\"nofollow noopener\" target=\"_blank\">ABC junto a GAD3<\/a> a principios de septiembre, que sit\u00faan al PSOE y sus socios muy por debajo de partidos conservadores como <strong>PP y Vo<\/strong>x en cuanto a intenci\u00f3n de voto. Y es que, de darse unas elecciones a d\u00eda de hoy, <strong>Pedro S\u00e1nchez estar\u00eda lejos de revalidar la presidencia<\/strong>, que acabar\u00eda cediendo ante el popular Alberto N\u00fa\u00f1ez Feij\u00f3o.<\/p>\n<p class=\"voc-p\" style=\"\">No parece que este escenario vaya a cumplirse de momento pues, aunque muchos <strong>han exigido un adelanto electoral<\/strong>, <a href=\"https:\/\/www.abc.es\/espana\/elecciones-mocion-crisis-gobierno-sanchez-descarta-decision-20250612180716-nt.html\" title=\"www.abc.es\" data-voc-vtm-id=\"in-text-traffic\" data-mrf-link=\"www.abc.es\" rel=\"nofollow noopener\" target=\"_blank\">el Gobierno lo ha descartado<\/a> por el momento. Desde la oposici\u00f3n creen que volver a las urnas pr\u00f3ximamente es el camino a seguir ante esta falta de confianza, mientras que el presidente del Ejecutivo ha asegurado en m\u00e1s de una ocasi\u00f3n <strong>su intenci\u00f3n de agotar la legislatura<\/strong>, por lo que tendremos que esperar hasta 2027 para unas nuevas generales.<\/p>\n<p class=\"voc-p\" style=\"\">Diferente es la visi\u00f3n que tienen en algunas de las comunidades aut\u00f3nomas gobernadas por el PP, donde, seg\u00fan <a href=\"https:\/\/www.abc.es\/espana\/varias-comunidades-pp-sopesan-adelantar-elecciones-2026-20250929182414-nt.html\" title=\"www.abc.es\" data-voc-vtm-id=\"in-text-traffic\" data-mrf-link=\"www.abc.es\" rel=\"nofollow noopener\" target=\"_blank\">desvel\u00f3 ABC hace unos d\u00edas<\/a>, se est\u00e1n <strong>planteando adelantar las elecciones<\/strong> de cara al pr\u00f3ximo a\u00f1o. Los pr\u00f3ximos comicios regionales ser\u00e1n los de Castilla y Le\u00f3n, que se celebrar\u00e1n <a href=\"https:\/\/www.abc.es\/espana\/castilla-leon\/elecciones-castilla-leon-marzo-adelanto-electoral-nacional-20250916182107-nt.html\" title=\"www.abc.es\" data-voc-vtm-id=\"in-text-traffic\" data-mrf-link=\"www.abc.es\" rel=\"nofollow noopener\" target=\"_blank\">en marzo de 2026<\/a>, aunque territorios como <strong>Arag\u00f3n, Andaluc\u00eda o Extremadura<\/strong> tambi\u00e9n podr\u00edan sumarse en los siguientes meses.<\/p>\n<p>\nPedro Ruiz se pronuncia sobre lo que va a pasar en las pr\u00f3ximas elecciones generales\n<\/p>\n<p class=\"voc-p\" style=\"\">Sobre toda esta situaci\u00f3n y lo que suceder\u00eda en un posible adelanto electoral ha hablado <strong>Pedro Ruiz<\/strong>, acostumbrado a opinar sobre todo tipo de <a href=\"https:\/\/www.abc.es\/recreo\/pedro-ruiz-dicen-encuestas-sobre-proximas-elecciones-20250923090042-nt.html\" data-voc-vtm-id=\"in-text-traffic\" title=\"noticias de actualidad\" rel=\"nofollow noopener\" target=\"_blank\">noticias de actualidad<\/a>. El presentador de televisi\u00f3n apenas tiene pelos en la lengua a la hora de expresar su visi\u00f3n pol\u00edtica y <strong>se ha declarado \u00ababstencionista\u00bb<\/strong> en m\u00e1s de una ocasi\u00f3n, asegurando que <strong>\u00abno ha votado nunca\u00bb <\/strong>porque \u00abno se votar\u00eda ni a s\u00ed mismo\u00bb.<\/p>\n<p class=\"voc-p\" style=\"\">El catal\u00e1n tampoco ha dudado en hacerlo ahora para hablar de la creciente crispaci\u00f3n pol\u00edtica y de los cambios que est\u00e1n produci\u00e9ndose en la opini\u00f3n p\u00fablica. \u00ab<strong>Huele a elecciones. Por nada en concreto, pero por todo en general<\/strong>\u00bb, ha comenzado asegurando este en un mensaje publicado en su cuenta de X (antes Twitter), donde suele compartir algunas de sus opiniones. <\/p>\n<p class=\"voc-p\" style=\"\">Para el presentador, parece cada vez m\u00e1s claro que la actualidad y las \u00faltimas pol\u00e9micas que se han producido en el PSOE nos est\u00e1 guiando hacia un adelanto en los comicios. Algo que, de darse, <strong>cambiar\u00eda poco la situaci\u00f3n<\/strong> que se vive en Espa\u00f1a, admite el catal\u00e1n. <\/p>\n<blockquote class=\"twitter-tweet\">\n<p lang=\"es\" dir=\"ltr\">Huele a elecciones. Por nada en concreto pero por todo en general. En el caso de que eso ocurriera, tampoco veo un cambio en el ambiente general. Ganara quien ganase hay mucha crispaci\u00f3n que desmontar.<\/p>\n<p>\u2014 Pedro Ruiz (@ElPedroRuiz) <a href=\"https:\/\/twitter.com\/ElPedroRuiz\/status\/1972970995070939146?ref_src=twsrc%5Etfw\" rel=\"nofollow noopener\" target=\"_blank\">September 30, 2025<\/a><\/p><\/blockquote>\n<p class=\"voc-p\" style=\"\">\u00abEn el caso de que eso ocurriera, tampoco veo un cambio en el ambiente general. <strong>Ganara quien ganase, hay mucha crispaci\u00f3n que desmontar<\/strong>\u00bb, ha sentenciado Pedro Ruiz en este mensaje en redes sociales.<\/p>\n<p>Reportar un error<\/p>\n<p><script async src=\"https:\/\/platform.twitter.com\/widgets.js\" charset=\"utf-8\"><\/script><\/p>\n","protected":false},"excerpt":{"rendered":"02\/10\/2025 Actualizado 03\/10\/2025 a las 10:23h. La falta de Presupuestos Generales del Estado, sumado a los \u00faltimos esc\u00e1ndalos&hellip;\n","protected":false},"author":2,"featured_media":154871,"comment_status":"","ping_status":"","sticky":false,"template":"","format":"standard","meta":{"footnotes":""},"categories":[8],"tags":[17,18,7807,4374,25,24,13,14,39381,46512,42214,11,19,20,9,10,15,16,4797,1822,7411,5106,57,23,12,575,21,22],"class_list":{"0":"post-154870","1":"post","2":"type-post","3":"status-publish","4":"format-standard","5":"has-post-thumbnail","7":"category-espana","8":"tag-breaking-news","9":"tag-breakingnews","10":"tag-claro","11":"tag-elecciones","12":"tag-es","13":"tag-espana","14":"tag-featured-news","15":"tag-featurednews","16":"tag-ganara","17":"tag-ganase","18":"tag-generales","19":"tag-headlines","20":"tag-latest-news","21":"tag-latestnews","22":"tag-news","23":"tag-noticias","24":"tag-noticias-destacadas","25":"tag-noticiasdestacadas","26":"tag-pasar","27":"tag-pedro","28":"tag-proximas","29":"tag-ruiz","30":"tag-sobre","31":"tag-spain","32":"tag-titulares","33":"tag-tras","34":"tag-ultimas-noticias","35":"tag-ultimasnoticias"},"share_on_mastodon":{"url":"","error":""},"_links":{"self":[{"href":"https:\/\/www.europesays.com\/es\/wp-json\/wp\/v2\/posts\/154870","targetHints":{"allow":["GET"]}}],"collection":[{"href":"https:\/\/www.europesays.com\/es\/wp-json\/wp\/v2\/posts"}],"about":[{"href":"https:\/\/www.europesays.com\/es\/wp-json\/wp\/v2\/types\/post"}],"author":[{"embeddable":true,"href":"https:\/\/www.europesays.com\/es\/wp-json\/wp\/v2\/users\/2"}],"replies":[{"embeddable":true,"href":"https:\/\/www.europesays.com\/es\/wp-json\/wp\/v2\/comments?post=154870"}],"version-history":[{"count":0,"href":"https:\/\/www.europesays.com\/es\/wp-json\/wp\/v2\/posts\/154870\/revisions"}],"wp:featuredmedia":[{"embeddable":true,"href":"https:\/\/www.europesays.com\/es\/wp-json\/wp\/v2\/media\/154871"}],"wp:attachment":[{"href":"https:\/\/www.europesays.com\/es\/wp-json\/wp\/v2\/media?parent=154870"}],"wp:term":[{"taxonomy":"category","embeddable":true,"href":"https:\/\/www.europesays.com\/es\/wp-json\/wp\/v2\/categories?post=154870"},{"taxonomy":"post_tag","embeddable":true,"href":"https:\/\/www.europesays.com\/es\/wp-json\/wp\/v2\/tags?post=154870"}],"curies":[{"name":"wp","href":"https:\/\/api.w.org\/{rel}","templated":true}]}}