{"id":154874,"date":"2025-10-03T12:31:08","date_gmt":"2025-10-03T12:31:08","guid":{"rendered":"https:\/\/www.europesays.com\/es\/154874\/"},"modified":"2025-10-03T12:31:08","modified_gmt":"2025-10-03T12:31:08","slug":"imanol-alvarez-morvedre-aprovechara-que-no-tiene-nada-que-perder","status":"publish","type":"post","link":"https:\/\/www.europesays.com\/es\/154874\/","title":{"rendered":"Imanol \u00c1lvarez: \u00abMorvedre aprovechar\u00e1 que no tiene nada que perder\u00bb"},"content":{"rendered":"<p>El Super Amara Bera Bera vuelve ma\u00f1ana al Gasca (19.45 horas). Las de \u00c1lvarez reciben al Morvedre en la quinta jornada liguera en la  &#8230; que las donostiarras se mantienen en el liderato. Tras el empate ante el Guard\u00e9s en Galicia, las de Bidebieta tratar\u00e1n de sumar un nuevo triunfo en su reencuentro con la afici\u00f3n. <\/p>\n<p class=\"v-p\">\u00abEstamos preparados y con ganas. Despu\u00e9s de un periodo de muchos partidos volvemos a uno a la semana. Es positivo, aunque tenemos una sensaci\u00f3n un poco rara del partido del Guard\u00e9s\u00bb, reconoce \u00c1lvarez. En A Sangri\u00f1a al equipo le cost\u00f3 entrar al partido y no consigui\u00f3 pasar del empate. \u00abValoramos mucho el punto conseguido en un campo complicado, pero tenemos ganas de dar un pasito m\u00e1s. Podr\u00edamos haber estado al principio del partido, pero despu\u00e9s supimos remar, y no es un sitio f\u00e1cil\u00bb. <\/p>\n<p class=\"v-p\">El rival, Morvedre, solo ha conseguido ganar un partido de cuatro en este inicio de curso, ante Zonzamas. El ermuarra explica que \u00abes un equipo que va a pelear por evitar los cuatro \u00faltimos puestos. Suele estar bien trabajado pese a que casi todos los a\u00f1os sufren muchos cambios. El a\u00f1o pasado nos hizo sufrir mucho tanto aqu\u00ed como all\u00ed, nos oblig\u00f3 a jugar mucho tiempo 7 contra 6. All\u00ed, estuvimos muy justas y logramos vencer, pero no nos vinimos muy convencidos en nuestro juego\u00bb. <\/p>\n<p class=\"v-p\">Manu Etayo, entrenador del conjunto de Sagunto, \u00abplantea muy bien los partidos, creo que aprovechar\u00e1 para tener motivado a su equipo con esa idea de que ellas no tienen nada que perder, y eso siempre te da una libertad y un saber afrontar las cosas sin mucho peligro. Nosotras, tendremos que salir enchufadas\u00bb. <\/p>\n<p>Margen de mejora<\/p>\n<p class=\"v-p\">\u00c1lvarez no se conforma, \u00abes verdad que hemos jugado partidos muy, muy brillantes, la Supercopa fue algo que tenemos presenta como la utop\u00eda hacia la que nos queremos parecer. Ahora mismo creo que los inicios de los partidos no los estamos haciendo bien, sobre todo del primer tiempo. Tratamos de buscar una mejora en el calentamiento, una activaci\u00f3n mejor para empezar enchufadas ese periodo que suele ser muy importante desde el inicio\u00bb. <\/p>\n","protected":false},"excerpt":{"rendered":"El Super Amara Bera Bera vuelve ma\u00f1ana al Gasca (19.45 horas). Las de \u00c1lvarez reciben al Morvedre en&hellip;\n","protected":false},"author":2,"featured_media":154875,"comment_status":"","ping_status":"","sticky":false,"template":"","format":"standard","meta":{"footnotes":""},"categories":[278],"tags":[4458,46513,376,168,25,24,375,33650,10379,13327,23,167],"class_list":{"0":"post-154874","1":"post","2":"type-post","3":"status-publish","4":"format-standard","5":"has-post-thumbnail","7":"category-balonmano","8":"tag-alvarez","9":"tag-aprovechara","10":"tag-balonmano","11":"tag-deportes","12":"tag-es","13":"tag-espana","14":"tag-handball","15":"tag-imanol","16":"tag-morvedre","17":"tag-perder","18":"tag-spain","19":"tag-sports"},"share_on_mastodon":{"url":"","error":""},"_links":{"self":[{"href":"https:\/\/www.europesays.com\/es\/wp-json\/wp\/v2\/posts\/154874","targetHints":{"allow":["GET"]}}],"collection":[{"href":"https:\/\/www.europesays.com\/es\/wp-json\/wp\/v2\/posts"}],"about":[{"href":"https:\/\/www.europesays.com\/es\/wp-json\/wp\/v2\/types\/post"}],"author":[{"embeddable":true,"href":"https:\/\/www.europesays.com\/es\/wp-json\/wp\/v2\/users\/2"}],"replies":[{"embeddable":true,"href":"https:\/\/www.europesays.com\/es\/wp-json\/wp\/v2\/comments?post=154874"}],"version-history":[{"count":0,"href":"https:\/\/www.europesays.com\/es\/wp-json\/wp\/v2\/posts\/154874\/revisions"}],"wp:featuredmedia":[{"embeddable":true,"href":"https:\/\/www.europesays.com\/es\/wp-json\/wp\/v2\/media\/154875"}],"wp:attachment":[{"href":"https:\/\/www.europesays.com\/es\/wp-json\/wp\/v2\/media?parent=154874"}],"wp:term":[{"taxonomy":"category","embeddable":true,"href":"https:\/\/www.europesays.com\/es\/wp-json\/wp\/v2\/categories?post=154874"},{"taxonomy":"post_tag","embeddable":true,"href":"https:\/\/www.europesays.com\/es\/wp-json\/wp\/v2\/tags?post=154874"}],"curies":[{"name":"wp","href":"https:\/\/api.w.org\/{rel}","templated":true}]}}