{"id":154878,"date":"2025-10-03T12:37:12","date_gmt":"2025-10-03T12:37:12","guid":{"rendered":"https:\/\/www.europesays.com\/es\/154878\/"},"modified":"2025-10-03T12:37:12","modified_gmt":"2025-10-03T12:37:12","slug":"alonso-lidera-en-singapur-as-com","status":"publish","type":"post","link":"https:\/\/www.europesays.com\/es\/154878\/","title":{"rendered":"Alonso lidera en Singapur &#8211; AS.com"},"content":{"rendered":"<p class=\"\">El Alonsismo no comulga con una vida tranquila y sosegada, sin sobresaltos. No hay grises, todo es blanco o negro, y despu\u00e9s de pilotar el que probablemente era el coche m\u00e1s lento de la parrilla en Monza y Bak\u00fa, <b>el espa\u00f1ol lidera con cierta solvencia la primera sesi\u00f3n de entrenamientos <\/b>en el GP de Singapur. Ya era razonablemente r\u00e1pido con los neum\u00e1ticos medios (segundo por detr\u00e1s de Sainz), pero al montar los blandos bati\u00f3 los cronos de los pilotos que se disputan el Mundial, y tambi\u00e9n de los Ferrari. Su primer tiempo (1:31.117) ya le aup\u00f3 a la primera posici\u00f3n. Despu\u00e9s lo rebaj\u00f3 en una mil\u00e9sima (1:31.116) con d\u00e9cima y media de ventaja sobre Leclerc y casi tres con respecto a Verstappen.<\/p>\n<p>Noticias relacionadas<a href=\"https:\/\/as.com\/motor\/formula_1\/alonso-si-el-coche-de-2026-va-bien-puede-ser-mi-ultimo-ano-n\/\" class=\"s_m_w\" title=\"El espa\u00f1ol habla con AS sobre el futuro ante un cambio de reglas que afronta con Aston Martin como \u201cla \u00faltima oportunidad para volver a luchar por un t\u00edtulo o un gran premio\u201d.\" data-tb-link=\"\" rel=\"nofollow noopener\" target=\"_blank\"><img decoding=\"async\" src=\"https:\/\/www.europesays.com\/es\/wp-content\/uploads\/2025\/10\/OC5ORSG5WFF63PUHF7RW2BWCII.JPG\" alt=\"Alonso: \u201cSi el coche de 2026 va bien, puede ser mi \u00faltimo a\u00f1o\u201d\" class=\"\" height=\"1\" width=\"1\"   loading=\"lazy\" data-tb-thumbnail=\"\"\/><\/a><a href=\"https:\/\/as.com\/motor\/formula_1\/golpe-en-la-mesa-de-sainz-n\/\" class=\"s_m_w\" title=\"El espa\u00f1ol, liberado con un podio que cambia el signo de la temporada. \u201cFue duro, pero ahora hay que seguir en esta tendencia\u201d, dice a AS en Singapur.\" data-tb-link=\"\" rel=\"nofollow noopener\" target=\"_blank\"><img decoding=\"async\" src=\"https:\/\/www.europesays.com\/es\/wp-content\/uploads\/2025\/10\/1759495031_835_TTAV3AE6RVJ7LEO3TFBP6P4YYY.jpg\" alt=\"Golpe en la mesa de Sainz\" class=\"\" height=\"1\" width=\"1\"   loading=\"lazy\" data-tb-thumbnail=\"\"\/><\/a><\/p>\n<p class=\"\">No es sin\u00f3nimo de nada, m\u00e1s all\u00e1 de que Fernando necesita pocas vueltas para sacar el m\u00e1ximo de lo que sea que pilote. Stroll, con el mismo coche, fue 18\u00ba a dos segundos. <b>El Aston Martin debe ser razonablemente competitivo<\/b> y luchar por los puntos en Marina Bay, pero liderar una tabla de tiempos parece m\u00e1s espejismo que realidad. Dicho eso, el cron\u00f3metro nunca miente, aunque no diga toda la verdad. Y Alonso se baja del coche en lo alto de la clasificaci\u00f3n sin que nadie, en ning\u00fan momento, pareciera m\u00e1s r\u00e1pido hasta ahora.<\/p>\n<p class=\"\">Varlos Sainz fue octavo e igualmente dej\u00f3 buenas sensaciones porque no mont\u00f3 el neum\u00e1tico blando. Aunque fue una tarde atragantada para Williams con una<b> aver\u00eda de frenos en el coche de Albon <\/b>que desemboc\u00f3 en humareda y le dej\u00f3 sin vueltas en la primera sesi\u00f3n de libres. Por lo dem\u00e1s, Verstappen fue ligeramente m\u00e1s r\u00e1pido que los McLaren en la primera toma de contacto. Llegar\u00e1 el momento de que los grandes suban, la F1 no regala sorpresas de este calibre. Pero mientras tanto, ah\u00ed est\u00e1 el Aston Martin \u201814\u2032. Arriba del todo. <\/p>\n<p>Clasificaci\u00f3n de los entrenamientos libres del GP de Singapur<img decoding=\"async\" src=\"https:\/\/www.europesays.com\/es\/wp-content\/uploads\/2025\/10\/XFE5IQAPKFBVTCHBEYKHZP2IQU.png\" alt=\"Alonso lidera en Singapur\" height=\"1213\" width=\"2048\"   loading=\"lazy\"\/><\/p>\n","protected":false},"excerpt":{"rendered":"El Alonsismo no comulga con una vida tranquila y sosegada, sin sobresaltos. No hay grises, todo es blanco&hellip;\n","protected":false},"author":2,"featured_media":154879,"comment_status":"","ping_status":"","sticky":false,"template":"","format":"standard","meta":{"footnotes":""},"categories":[270],"tags":[168,25,24,306,271,272,23,167],"class_list":{"0":"post-154878","1":"post","2":"type-post","3":"status-publish","4":"format-standard","5":"has-post-thumbnail","7":"category-formula-1","8":"tag-deportes","9":"tag-es","10":"tag-espana","11":"tag-f1","12":"tag-formula-1","13":"tag-formula1","14":"tag-spain","15":"tag-sports"},"share_on_mastodon":{"url":"","error":""},"_links":{"self":[{"href":"https:\/\/www.europesays.com\/es\/wp-json\/wp\/v2\/posts\/154878","targetHints":{"allow":["GET"]}}],"collection":[{"href":"https:\/\/www.europesays.com\/es\/wp-json\/wp\/v2\/posts"}],"about":[{"href":"https:\/\/www.europesays.com\/es\/wp-json\/wp\/v2\/types\/post"}],"author":[{"embeddable":true,"href":"https:\/\/www.europesays.com\/es\/wp-json\/wp\/v2\/users\/2"}],"replies":[{"embeddable":true,"href":"https:\/\/www.europesays.com\/es\/wp-json\/wp\/v2\/comments?post=154878"}],"version-history":[{"count":0,"href":"https:\/\/www.europesays.com\/es\/wp-json\/wp\/v2\/posts\/154878\/revisions"}],"wp:featuredmedia":[{"embeddable":true,"href":"https:\/\/www.europesays.com\/es\/wp-json\/wp\/v2\/media\/154879"}],"wp:attachment":[{"href":"https:\/\/www.europesays.com\/es\/wp-json\/wp\/v2\/media?parent=154878"}],"wp:term":[{"taxonomy":"category","embeddable":true,"href":"https:\/\/www.europesays.com\/es\/wp-json\/wp\/v2\/categories?post=154878"},{"taxonomy":"post_tag","embeddable":true,"href":"https:\/\/www.europesays.com\/es\/wp-json\/wp\/v2\/tags?post=154878"}],"curies":[{"name":"wp","href":"https:\/\/api.w.org\/{rel}","templated":true}]}}