{"id":154882,"date":"2025-10-03T12:39:12","date_gmt":"2025-10-03T12:39:12","guid":{"rendered":"https:\/\/www.europesays.com\/es\/154882\/"},"modified":"2025-10-03T12:39:12","modified_gmt":"2025-10-03T12:39:12","slug":"el-exvalencianista-que-mejora-las-cifras-goleadoras-de-messi-y-haaland","status":"publish","type":"post","link":"https:\/\/www.europesays.com\/es\/154882\/","title":{"rendered":"El exvalencianista que mejora las cifras goleadoras de Messi y Haaland"},"content":{"rendered":"<p><a class=\"v-mdl-ath__fig-a\" href=\"https:\/\/www.lasprovincias.es\/autor\/marc-escribano-5826.html\" title=\"Marc Escribano\" rel=\"nofollow noopener\" target=\"_blank\"><br \/>\n<img decoding=\"async\" class=\"v-mdl-ath__img\" src=\"https:\/\/www.europesays.com\/es\/wp-content\/uploads\/2025\/08\/autor-5826-foto-1.jpeg\" alt=\"Marc Escribano\"\/><br \/>\n<\/a><\/p>\n<p class=\"v-mdl-ath__p v-mdl-ath__p--6\">\nJueves, 2 de octubre 2025, 13:04<\/p>\n<p class=\"v-p\">El f\u00fatbol da muchas vueltas, y jugadores que parec\u00edan defenestrados y que salen de ciertos clubes por la puerta de atr\u00e1s, siempre acaban encontrando la oportunidad de redimirse y reencontrarse en otros escenarios, muchas veces alejados de los focos y de la presi\u00f3n de las grandes ligas. Esto se podr\u00eda decir que es lo que le ha pasado a Maximiliano G\u00f3mez, delantero uruguayo <a href=\"https:\/\/www.lasprovincias.es\/valenciacf\/parejo-disculpa-tras-pifia-champions-jodido-volveria-20251002101405-nt.html\" target=\"_blank\" data-voc-vtm-id=\"in-text-traffic\" title=\"que milit\u00f3 en el Valencia\" rel=\"nofollow noopener\">que milit\u00f3 en el Valencia<\/a> hace unos a\u00f1os.<\/p>\n<p class=\"v-p\">El ariete de Paysand\u00fa disput\u00f3 109 partidos oficiales con la camiseta blanquinegra, en los que anot\u00f3 22 goles y reparti\u00f3 11 asistencias en tres temporadas, cifras que sin ser malas, fueron inferiores a las que las expectativas pon\u00edan sobre los hombros del sudamericano, que lleg\u00f3 como uno de los fichajes m\u00e1s caros del club, en una operaci\u00f3n valorada en m\u00e1s de 30 millones de euros, que llev\u00f3 a Santi Mina al Celta de Vigo como moneda de cambio, adem\u00e1s de un pago de 14,5 &#8216;kilos&#8217; al club celeste.<\/p>\n<p class=\"v-p\">Maxi G\u00f3mez lleg\u00f3 a <a href=\"https:\/\/www.lasprovincias.es\/valenciacf\/doble-revancha-busca-danjuma-ante-girona-20251002111557-nt.html\" target=\"_blank\" data-voc-vtm-id=\"in-text-traffic\" title=\"Mestalla\" rel=\"nofollow noopener\">Mestalla<\/a> en el verano de 2019, tras ganar la Copa del Rey, como un refuerzo estelar para afrontar la Champions League con Marcelino Garc\u00eda Toral. No obstante, su rendimiento no fue el esperado y en 2022 acab\u00f3 march\u00e1ndose por s\u00f3lo 3 millones de euros al Trabzonspor turco. All\u00ed tampoco encaj\u00f3, y un a\u00f1o despu\u00e9s volvi\u00f3 a Espa\u00f1a para jugar cedido en el C\u00e1diz, equipo con el que descendi\u00f3 tras verse falto de ritmo, y seg\u00fan aficionados gaditanos, pasado de peso y fuera de forma.<\/p>\n<p class=\"v-p\">Al finalizar su contrato con el Trabzonspor en 2024, se qued\u00f3 libre sin equipo durante varios meses, hasta que en febrero de este a\u00f1o fich\u00f3 por media temporada en Defensor Sporting, un equipo de su Uruguay natal. All\u00ed recuper\u00f3 la confianza y volvi\u00f3 a hacer goles, gan\u00e1ndose el fichaje por Nacional, uno de los clubes m\u00e1s grandes de su pa\u00eds, equipo en el que juega desde el mes de julio. En Nacional, Maxi G\u00f3mez se ha convertido en la m\u00e1quina de hacer goles que se esperaba que fuera en Mestalla.<\/p>\n<p class=\"v-p\">Y es que en 24 partidos oficiales que lleva disputados hasta ahora, ha participado en 17 tantos para su equipo: 9 los ha metido \u00e9l y 8 los ha asistido. Unas cifras que, seg\u00fan una estad\u00edstica del CIES Football Observatory, le convierten en el jugador m\u00e1s enrachado en cuanto a goles de jugada abierta (es decir, sin contar penaltis o jugadas a bal\u00f3n parado), en cuanto a goles y asistencias de media por 90 minutos jugados se refiere, en una medici\u00f3n que recoge datos de m\u00e1s de 60 ligas mundiales. <\/p>\n<p class=\"v-p\">Si bien la liga uruguaya no es de primer nivel, los datos de Maxi G\u00f3mez le colocan con una contribuci\u00f3n de 1,48 G+A (goles+asistencias) por 90 minutos, liderando este particular ranking mundial. La curiosidad reside en que claro, los siguientes dos clasificados que cierran el podio de esta particular tabla son estrellas mundiales a las que el exvalencianista gana: el noruego Erling Haaland del Manchester City (1,47) y el argentino Lionel Messi del Inter Miami (1,34). Casi nada.<\/p>\n<p>Reporta un error<\/p>\n","protected":false},"excerpt":{"rendered":"Jueves, 2 de octubre 2025, 13:04 El f\u00fatbol da muchas vueltas, y jugadores que parec\u00edan defenestrados y que&hellip;\n","protected":false},"author":2,"featured_media":154883,"comment_status":"","ping_status":"","sticky":false,"template":"","format":"standard","meta":{"footnotes":""},"categories":[268],"tags":[687,168,25,24,46514,280,282,46515,41660,8719,7688,281,23,167],"class_list":{"0":"post-154882","1":"post","2":"type-post","3":"status-publish","4":"format-standard","5":"has-post-thumbnail","7":"category-futbol","8":"tag-cifras","9":"tag-deportes","10":"tag-es","11":"tag-espana","12":"tag-exvalencianista","13":"tag-football","14":"tag-futbol","15":"tag-goleadoras","16":"tag-haaland","17":"tag-mejora","18":"tag-messi","19":"tag-soccer","20":"tag-spain","21":"tag-sports"},"share_on_mastodon":{"url":"","error":""},"_links":{"self":[{"href":"https:\/\/www.europesays.com\/es\/wp-json\/wp\/v2\/posts\/154882","targetHints":{"allow":["GET"]}}],"collection":[{"href":"https:\/\/www.europesays.com\/es\/wp-json\/wp\/v2\/posts"}],"about":[{"href":"https:\/\/www.europesays.com\/es\/wp-json\/wp\/v2\/types\/post"}],"author":[{"embeddable":true,"href":"https:\/\/www.europesays.com\/es\/wp-json\/wp\/v2\/users\/2"}],"replies":[{"embeddable":true,"href":"https:\/\/www.europesays.com\/es\/wp-json\/wp\/v2\/comments?post=154882"}],"version-history":[{"count":0,"href":"https:\/\/www.europesays.com\/es\/wp-json\/wp\/v2\/posts\/154882\/revisions"}],"wp:featuredmedia":[{"embeddable":true,"href":"https:\/\/www.europesays.com\/es\/wp-json\/wp\/v2\/media\/154883"}],"wp:attachment":[{"href":"https:\/\/www.europesays.com\/es\/wp-json\/wp\/v2\/media?parent=154882"}],"wp:term":[{"taxonomy":"category","embeddable":true,"href":"https:\/\/www.europesays.com\/es\/wp-json\/wp\/v2\/categories?post=154882"},{"taxonomy":"post_tag","embeddable":true,"href":"https:\/\/www.europesays.com\/es\/wp-json\/wp\/v2\/tags?post=154882"}],"curies":[{"name":"wp","href":"https:\/\/api.w.org\/{rel}","templated":true}]}}