{"id":154892,"date":"2025-10-03T12:50:11","date_gmt":"2025-10-03T12:50:11","guid":{"rendered":"https:\/\/www.europesays.com\/es\/154892\/"},"modified":"2025-10-03T12:50:11","modified_gmt":"2025-10-03T12:50:11","slug":"sostenibilidad-lidera-la-formacion-en-financiacion-verde-como-palanca-de-crecimiento-y-competitividad-de-las-empresas-de-gipuzkoa","status":"publish","type":"post","link":"https:\/\/www.europesays.com\/es\/154892\/","title":{"rendered":"Sostenibilidad lidera la formaci\u00f3n en financiaci\u00f3n verde como palanca de crecimiento y competitividad de las empresas de Gipuzkoa"},"content":{"rendered":"<p style=\"text-align:justify; margin-bottom:11px\"><b>El Departamento de Sostenibilidad de la Diputaci\u00f3n Foral de Gipuzkoa refuerza la formaci\u00f3n de empresas e industrias en taxonom\u00eda y financiaci\u00f3n sostenible, herramientas clave para el acceso a capital y nuevas oportunidades de mercado.<\/b><\/p>\n<p style=\"text-align:justify; margin-bottom:11px\"><b>Jos\u00e9 Ignacio Asensio: \u201cCon esta formaci\u00f3n damos un paso m\u00e1s para que las empresas guipuzcoanas lideren la transici\u00f3n verde en Europa. Instrumentos como la financiaci\u00f3n verde y la taxonom\u00eda europea, son elementos estrat\u00e9gicos para garantizar crecimiento, empleo y un posicionamiento internacional\u201d.<\/b><\/p>\n<p style=\"text-align:justify; margin-bottom:11px\">El diputado de Sostenibilidad, Jos\u00e9 Ignacio Asensio, ha inaugurado hoy la jornada formativa sobre Taxonom\u00eda y Financiaci\u00f3n Verde y Sostenible, organizada dentro del cl\u00faster <b>GK Recycling<\/b>. El encuentro ha reunido a empresas, industrias, centros tecnol\u00f3gicos y entidades acad\u00e9micas del territorio con el objetivo de reforzar el conocimiento y la capacitaci\u00f3n en torno a los nuevos instrumentos de financiaci\u00f3n sostenible.<\/p>\n<p style=\"text-align:justify; margin-bottom:11px\">Desde su creaci\u00f3n en 2016, el cl\u00faster GK Recycling ha consolidado un ecosistema con m\u00e1s de <b>145 agentes<\/b> que representan ya el <b>10% del PIB<\/b> de Gipuzkoa y generan m\u00e1s de <b>10.000 empleos<\/b> directos, convirti\u00e9ndose en uno de los motores de la econom\u00eda circular en el territorio.<\/p>\n<p style=\"text-align:justify; margin-bottom:11px\">En su intervenci\u00f3n, Asensio ha subrayado que \u201cla sostenibilidad ya no es una opci\u00f3n ni una moda pasajera, sino una condici\u00f3n necesaria para la competitividad futura de nuestras empresas. Hoy la sostenibilidad se ha convertido en un indicador econ\u00f3mico tangible que condiciona el acceso a financiaci\u00f3n, la valoraci\u00f3n de activos y la confianza de los inversores\u201d.<\/p>\n<p style=\"text-align:justify; margin-bottom:11px\">El diputado ha destacado tambi\u00e9n la importancia de la formaci\u00f3n en este \u00e1mbito: \u201cEl contexto regulatorio europeo cambia r\u00e1pido, la presi\u00f3n de los mercados financieros es cada vez mayor, y la sociedad exige transparencia y compromiso real. Por eso, dominar conceptos como finanzas sostenibles, taxonom\u00eda o an\u00e1lisis de activos verdes es ya una condici\u00f3n de \u00e9xito empresarial\u201d.<\/p>\n<p style=\"text-align:justify; margin-bottom:11px\">Durante la jornada, se han abordado los principales instrumentos que est\u00e1n transformando los mercados financieros internacionales:<\/p>\n<ul>\n<li style=\"text-align:justify; margin-left:8px\"><b>Fondos de inversi\u00f3n sostenibles<\/b>, que canalizan capital hacia proyectos alineados con la transici\u00f3n ecol\u00f3gica.<\/li>\n<li style=\"text-align:justify; margin-left:8px\"><b>Bonos verdes<\/b>, que permiten financiar proyectos con impacto ambiental positivo y generan confianza en los mercados.<\/li>\n<li style=\"text-align:justify; margin-bottom:11px; margin-left:8px\"><b>Capital de riesgo social<\/b>, que impulsa iniciativas innovadoras con un fuerte componente de sostenibilidad.<\/li>\n<\/ul>\n<p style=\"text-align:justify; margin-bottom:11px\">Asimismo, se ha puesto el foco en la <b>taxonom\u00eda europea de finanzas sostenibles<\/b>, un marco que define qu\u00e9 actividades econ\u00f3micas pueden considerarse sostenibles y cu\u00e1les no, con el fin de evitar el greenwashing y canalizar las inversiones hacia proyectos alineados con los objetivos clim\u00e1ticos de la Uni\u00f3n Europea.<\/p>\n<p style=\"text-align:justify; margin-bottom:11px\">En palabras de Asensio, \u201cla transici\u00f3n ecol\u00f3gica se est\u00e1 convirtiendo en un criterio de acceso a los mercados. Quien no se adapte, quedar\u00e1 fuera. Pero quienes sepan anticiparse y aprovechar la financiaci\u00f3n verde estar\u00e1n mejor posicionados para competir en Europa y en el mundo\u201d.<\/p>\n<p style=\"text-align:justify; margin-bottom:11px\">El diputado ha concluido recordando que \u201cla sostenibilidad no es solo una responsabilidad ambiental, sino tambi\u00e9n una estrategia econ\u00f3mica de futuro. El cl\u00faster GK Recycling demuestra que Gipuzkoa sabe trabajar en red, innovar y anticiparse a los cambios. Con esta formaci\u00f3n damos un paso m\u00e1s para que nuestras empresas lideren la transici\u00f3n verde en Europa\u201d.<\/p>\n","protected":false},"excerpt":{"rendered":"El Departamento de Sostenibilidad de la Diputaci\u00f3n Foral de Gipuzkoa refuerza la formaci\u00f3n de empresas e industrias en&hellip;\n","protected":false},"author":2,"featured_media":154893,"comment_status":"","ping_status":"","sticky":false,"template":"","format":"standard","meta":{"footnotes":""},"categories":[80],"tags":[517,82,4728,95,94,25,24,4730,13583,10,4729,23],"class_list":{"0":"post-154892","1":"post","2":"type-post","3":"status-publish","4":"format-standard","5":"has-post-thumbnail","7":"category-economia","8":"tag-actualidad","9":"tag-business","10":"tag-diputacion-forla-de-gipuzkoa","11":"tag-economia","12":"tag-economy","13":"tag-es","14":"tag-espana","15":"tag-gipuzkoa-eus","16":"tag-medioambiente","17":"tag-noticias","18":"tag-orain-gipuzkoa","19":"tag-spain"},"share_on_mastodon":{"url":"","error":""},"_links":{"self":[{"href":"https:\/\/www.europesays.com\/es\/wp-json\/wp\/v2\/posts\/154892","targetHints":{"allow":["GET"]}}],"collection":[{"href":"https:\/\/www.europesays.com\/es\/wp-json\/wp\/v2\/posts"}],"about":[{"href":"https:\/\/www.europesays.com\/es\/wp-json\/wp\/v2\/types\/post"}],"author":[{"embeddable":true,"href":"https:\/\/www.europesays.com\/es\/wp-json\/wp\/v2\/users\/2"}],"replies":[{"embeddable":true,"href":"https:\/\/www.europesays.com\/es\/wp-json\/wp\/v2\/comments?post=154892"}],"version-history":[{"count":0,"href":"https:\/\/www.europesays.com\/es\/wp-json\/wp\/v2\/posts\/154892\/revisions"}],"wp:featuredmedia":[{"embeddable":true,"href":"https:\/\/www.europesays.com\/es\/wp-json\/wp\/v2\/media\/154893"}],"wp:attachment":[{"href":"https:\/\/www.europesays.com\/es\/wp-json\/wp\/v2\/media?parent=154892"}],"wp:term":[{"taxonomy":"category","embeddable":true,"href":"https:\/\/www.europesays.com\/es\/wp-json\/wp\/v2\/categories?post=154892"},{"taxonomy":"post_tag","embeddable":true,"href":"https:\/\/www.europesays.com\/es\/wp-json\/wp\/v2\/tags?post=154892"}],"curies":[{"name":"wp","href":"https:\/\/api.w.org\/{rel}","templated":true}]}}