{"id":154894,"date":"2025-10-03T12:51:06","date_gmt":"2025-10-03T12:51:06","guid":{"rendered":"https:\/\/www.europesays.com\/es\/154894\/"},"modified":"2025-10-03T12:51:06","modified_gmt":"2025-10-03T12:51:06","slug":"luxemburgo-celebra-la-coronacion-de-guillermo-como-gran-duque","status":"publish","type":"post","link":"https:\/\/www.europesays.com\/es\/154894\/","title":{"rendered":"Luxemburgo celebra la coronaci\u00f3n de Guillermo como Gran Duque"},"content":{"rendered":"<p>Luxemburgo se ha puesto de gala este viernes para un cambio de trono, <strong>con la abdicaci\u00f3n de Enrique y la coronaci\u00f3n como Gran Duque de su hijo mayor<\/strong>, Guillermo, un acontecimiento al que asiste una importante representaci\u00f3n de la realeza europea.<\/p>\n<p>Entre los miembros de la monarqu\u00eda presentes en el acontecimiento se encuentran los reyes belgas Felipe y Matilde, acompa\u00f1ados de su hija y heredera Isabel, as\u00ed como los monarcas de Pa\u00edses Bajos, Guillermo y M\u00e1xima, junto con su heredera, Amalia. Tambi\u00e9n asisten representantes de las instituciones europeas, como el presidente del Consejo Europeo, Ant\u00f3nio Costa, y la presidenta de la Euroc\u00e1mara, Roberta Metsola.<\/p>\n<p>Los actos, que se prolongar\u00e1n con celebraciones durante todo el fin de semana, han comenzado este viernes a las 10:00 hora local con la ceremonia de abdicaci\u00f3n del Gran Duque en el Palacio Gran Ducal, <strong>para poner fin oficialmente al ducado de Enrique (70 a\u00f1os)<\/strong>.<\/p>\n<p>Proclamaci\u00f3n de Guillermo<\/p>\n<p>Una hora m\u00e1s tarde, a las 11:00 horas, <strong>se ha producido la proclamaci\u00f3n de Guillermo (43 a\u00f1os) como Gran Duque<\/strong> en la C\u00e1mara de Diputados.<\/p>\n<p>El resto de actos previsto durante el d\u00eda incluye el saludo de Guillermo y la nueva Gran Duquesa St\u00e9phanie, acompa\u00f1ados de sus hijos Charles y Fran\u00e7ois, desde el balc\u00f3n del Palacio Gran Ducal. Por la tarde se celebrar\u00e1 una recepci\u00f3n en el Cercle Cit\u00e9, antes de la cena de gala en el Palacio Gran Ducal a las 19:00 horas. <\/p>\n<p>El s\u00e1bado 4 de octubre, segundo d\u00eda de celebraciones, est\u00e1 previsto que Guillermo y St\u00e9phanie recorran varias localidades de Luxemburgo para saludar a la ciudadan\u00eda y participar en distintos espect\u00e1culos, mientras que el domingo tendr\u00e1 lugar una misa Te Deum en la catedral con la familia del Gran Duque.<\/p>\n<p>Un Gran Duque hispanohablante<\/p>\n<p>Guillermo (Ciudad de Luxemburgo, 1981) es el primog\u00e9nito de los cuatro hijos que tuvieron los grandes duques Enrique y Mar\u00eda Teresa.<\/p>\n<p>Graduado en Ciencias Pol\u00edticas e hispanohablante educado en Luxemburgo durante la primaria y la secundaria, luego estudi\u00f3 el bachillerato franc\u00e9s en Suiza y posteriormente realiz\u00f3 en Reino Unido su formaci\u00f3n militar, en la prestigiosa academia de Sandhurst.<\/p>\n<p>En la universidad, curs\u00f3 estudios sobre relaciones internacionales en varias facultades del Reino Unido y m\u00e1s tarde se traslad\u00f3 a Francia, donde se gradu\u00f3 en Ciencias Pol\u00edticas antes de trabajar como becario en el Deutsche Bank y en la farmac\u00e9utica Union Chimique Belge.<\/p>\n<p>Guillermo <strong>pertenece a la dinast\u00eda de los Nassau y los Borb\u00f3n-Parma por parte de padre, pero tiene mezcla plebeya por el lado de la madre, nacida en Cuba y de ra\u00edces espa\u00f1olas<\/strong>, procedente de una adinerada familia dedicada a la explotaci\u00f3n del az\u00facar en la isla, y que tuvo que exiliarse del pa\u00eds tras la Revoluci\u00f3n de 1959.<\/p>\n<p>Por esta raz\u00f3n<strong>, el pr\u00edncipe habla espa\u00f1ol fluido, adem\u00e1s de ingl\u00e9s, alem\u00e1n, franc\u00e9s y luxemburgu\u00e9s<\/strong>.<\/p>\n<p>Al casarse en 2012 con la condesa belga Estefan\u00eda de Lannoy, Guillermo se convirti\u00f3 en uno de los pocos miembros de la \u00faltima quinta de herederos reales europeos que contrajo matrimonio con otra persona de \u2018sangre azul\u2019, es decir, perteneciente a la aristocracia.<\/p>\n","protected":false},"excerpt":{"rendered":"Luxemburgo se ha puesto de gala este viernes para un cambio de trono, con la abdicaci\u00f3n de Enrique&hellip;\n","protected":false},"author":2,"featured_media":154895,"comment_status":"","ping_status":"","sticky":false,"template":"","format":"standard","meta":{"footnotes":""},"categories":[42],"tags":[17,18,13,14,11,61,62,63,64,19,20,9,10,15,16,12,21,22,65,66,67],"class_list":{"0":"post-154894","1":"post","2":"type-post","3":"status-publish","4":"format-standard","5":"has-post-thumbnail","7":"category-internacional","8":"tag-breaking-news","9":"tag-breakingnews","10":"tag-featured-news","11":"tag-featurednews","12":"tag-headlines","13":"tag-internacional","14":"tag-international","15":"tag-international-news","16":"tag-internationalnews","17":"tag-latest-news","18":"tag-latestnews","19":"tag-news","20":"tag-noticias","21":"tag-noticias-destacadas","22":"tag-noticiasdestacadas","23":"tag-titulares","24":"tag-ultimas-noticias","25":"tag-ultimasnoticias","26":"tag-world","27":"tag-world-news","28":"tag-worldnews"},"share_on_mastodon":{"url":"","error":""},"_links":{"self":[{"href":"https:\/\/www.europesays.com\/es\/wp-json\/wp\/v2\/posts\/154894","targetHints":{"allow":["GET"]}}],"collection":[{"href":"https:\/\/www.europesays.com\/es\/wp-json\/wp\/v2\/posts"}],"about":[{"href":"https:\/\/www.europesays.com\/es\/wp-json\/wp\/v2\/types\/post"}],"author":[{"embeddable":true,"href":"https:\/\/www.europesays.com\/es\/wp-json\/wp\/v2\/users\/2"}],"replies":[{"embeddable":true,"href":"https:\/\/www.europesays.com\/es\/wp-json\/wp\/v2\/comments?post=154894"}],"version-history":[{"count":0,"href":"https:\/\/www.europesays.com\/es\/wp-json\/wp\/v2\/posts\/154894\/revisions"}],"wp:featuredmedia":[{"embeddable":true,"href":"https:\/\/www.europesays.com\/es\/wp-json\/wp\/v2\/media\/154895"}],"wp:attachment":[{"href":"https:\/\/www.europesays.com\/es\/wp-json\/wp\/v2\/media?parent=154894"}],"wp:term":[{"taxonomy":"category","embeddable":true,"href":"https:\/\/www.europesays.com\/es\/wp-json\/wp\/v2\/categories?post=154894"},{"taxonomy":"post_tag","embeddable":true,"href":"https:\/\/www.europesays.com\/es\/wp-json\/wp\/v2\/tags?post=154894"}],"curies":[{"name":"wp","href":"https:\/\/api.w.org\/{rel}","templated":true}]}}