{"id":154896,"date":"2025-10-03T12:52:11","date_gmt":"2025-10-03T12:52:11","guid":{"rendered":"https:\/\/www.europesays.com\/es\/154896\/"},"modified":"2025-10-03T12:52:11","modified_gmt":"2025-10-03T12:52:11","slug":"el-juicio-al-fiscal-general-espanol-por-filtrar-documentos-judiciales-sera-en-noviembre","status":"publish","type":"post","link":"https:\/\/www.europesays.com\/es\/154896\/","title":{"rendered":"El juicio al fiscal general espa\u00f1ol por filtrar documentos judiciales ser\u00e1 en noviembre"},"content":{"rendered":"<p>    <img src=\"https:\/\/www.europesays.com\/es\/wp-content\/uploads\/2025\/10\/2025-10-03T123A363A28Z-90109671.jpg\" width=\"1024\" height=\"711\" alt=\"\" loading=\"eager\" decoding=\"sync\" fetchpriority=\"high\"\/><\/p>\n<p>            afp_tickers        <\/p>\n<p>        Este contenido fue publicado en    <\/p>\n<p>        03 octubre 2025 &#8211; 14:36\n<\/p>\n<p>El juicio al fiscal general del Estado espa\u00f1ol, \u00c1lvaro Garc\u00eda Ortiz, por presuntamente haber filtrado documentos judiciales contra la pareja de una figura de la oposici\u00f3n conservadora, tendr\u00e1 lugar del 3 al 13 de noviembre, inform\u00f3 este viernes el Tribunal Supremo de Justicia.<\/p>\n<p>Durante el proceso declarar\u00e1n cuarenta testigos, entre ellos fiscales, periodistas, pol\u00edticos y Alberto Gonz\u00e1lez Amador, pareja de la presidenta conservadora de la regi\u00f3n de Madrid, Isabel D\u00edaz Ayuso, indic\u00f3 el Supremo en una nota de prensa.<\/p>\n<p>Es un nuevo rev\u00e9s para el Gobierno del socialista Pedro S\u00e1nchez, ya que el fiscal general es nombrado a propuesta del Ejecutivo.<\/p>\n<p>El Supremo indic\u00f3 que procesar\u00e1 a Garc\u00eda Ortiz por el delito de revelaci\u00f3n de secretos, \u00abpor presuntamente haber facilitado a un medio de comunicaci\u00f3n el contenido confidencial de un correo electr\u00f3nico\u00bb del abogado del novio de D\u00edaz Ayuso, figura destacada de la derecha y f\u00e9rrea cr\u00edtica del Gobierno de S\u00e1nchez.<\/p>\n<p>La imputaci\u00f3n en enero de Garc\u00eda Ortiz, en un hecho sin precedentes en la historia judicial espa\u00f1ola, se produjo tras la publicaci\u00f3n por varios medios de comunicaci\u00f3n de un proyecto de acuerdo de declaraci\u00f3n de culpabilidad entre la fiscal\u00eda y Gonz\u00e1lez Amador.<\/p>\n<p>Gonz\u00e1lez Amador, que a su vez ser\u00e1 enjuiciado pr\u00f3ximamente, es sospechoso de haber defraudado a la Hacienda espa\u00f1ola entre 2020 y 2021 al frente de su empresa, dedicada a la prestaci\u00f3n de servicios sanitarios, y cuyos ingresos se dispararon durante la pandemia de covid-19.<\/p>\n<p>El fiscal general ha defendido siempre su inocencia y se ha negado a renunciar a su cargo, pese a los llamados a hacerlo que le ha hecho insistentemente la oposici\u00f3n.<\/p>\n<p>El juicio se realizar\u00e1 durante seis jornadas entre el 3 y el 13 de noviembre, detall\u00f3 el Supremo, que le impuso inicialmente a Garc\u00eda Ortiz una fianza de 150.000 euros (176.000 d\u00f3lares), pero luego rebaj\u00f3 a la mitad, previendo posibles indemnizaciones que tenga que pagar.<\/p>\n<p>Este es uno de los casos que han debilitado a Pedro S\u00e1nchez, que tiene a varias personas de su c\u00edrculo cercano en la mira de la justicia.<\/p>\n<p>Un juez propuso enjuiciar ante un jurado popular a la esposa de S\u00e1nchez por varios delitos, entre ellos corrupci\u00f3n y tr\u00e1fico de influencias, mientras que su hermano menor ser\u00e1 juzgado pr\u00f3ximamente por su contrataci\u00f3n en 2017 por una instituci\u00f3n p\u00fablica en una regi\u00f3n donde gobernaban los socialistas.<\/p>\n<p>\u00abEl tiempo pondr\u00e1 las cosas en su sitio. Nos toca defender la verdad (\u2026) y la verdad es que mi hermano y mi mujer son inocentes\u00bb, asever\u00f3 la semana pasada S\u00e1nchez, que en septiembre acus\u00f3 a algunos jueces de estar \u00abhaciendo pol\u00edtica\u00bb.<\/p>\n<p>du\/mdm\/an<\/p>\n","protected":false},"excerpt":{"rendered":"afp_tickers Este contenido fue publicado en 03 octubre 2025 &#8211; 14:36 El juicio al fiscal general del Estado&hellip;\n","protected":false},"author":2,"featured_media":154897,"comment_status":"","ping_status":"","sticky":false,"template":"","format":"standard","meta":{"footnotes":""},"categories":[8],"tags":[17,18,5797,25,24,13,14,11,11895,19,20,7657,5798,9,10,15,16,88,23,90,12,21,22],"class_list":{"0":"post-154896","1":"post","2":"type-post","3":"status-publish","4":"format-standard","5":"has-post-thumbnail","7":"category-espana","8":"tag-breaking-news","9":"tag-breakingnews","10":"tag-culture","11":"tag-es","12":"tag-espana","13":"tag-featured-news","14":"tag-featurednews","15":"tag-headlines","16":"tag-justice-and-rights","17":"tag-latest-news","18":"tag-latestnews","19":"tag-law-and-order","20":"tag-mass-media","21":"tag-news","22":"tag-noticias","23":"tag-noticias-destacadas","24":"tag-noticiasdestacadas","25":"tag-politics","26":"tag-spain","27":"tag-ticker","28":"tag-titulares","29":"tag-ultimas-noticias","30":"tag-ultimasnoticias"},"share_on_mastodon":{"url":"","error":""},"_links":{"self":[{"href":"https:\/\/www.europesays.com\/es\/wp-json\/wp\/v2\/posts\/154896","targetHints":{"allow":["GET"]}}],"collection":[{"href":"https:\/\/www.europesays.com\/es\/wp-json\/wp\/v2\/posts"}],"about":[{"href":"https:\/\/www.europesays.com\/es\/wp-json\/wp\/v2\/types\/post"}],"author":[{"embeddable":true,"href":"https:\/\/www.europesays.com\/es\/wp-json\/wp\/v2\/users\/2"}],"replies":[{"embeddable":true,"href":"https:\/\/www.europesays.com\/es\/wp-json\/wp\/v2\/comments?post=154896"}],"version-history":[{"count":0,"href":"https:\/\/www.europesays.com\/es\/wp-json\/wp\/v2\/posts\/154896\/revisions"}],"wp:featuredmedia":[{"embeddable":true,"href":"https:\/\/www.europesays.com\/es\/wp-json\/wp\/v2\/media\/154897"}],"wp:attachment":[{"href":"https:\/\/www.europesays.com\/es\/wp-json\/wp\/v2\/media?parent=154896"}],"wp:term":[{"taxonomy":"category","embeddable":true,"href":"https:\/\/www.europesays.com\/es\/wp-json\/wp\/v2\/categories?post=154896"},{"taxonomy":"post_tag","embeddable":true,"href":"https:\/\/www.europesays.com\/es\/wp-json\/wp\/v2\/tags?post=154896"}],"curies":[{"name":"wp","href":"https:\/\/api.w.org\/{rel}","templated":true}]}}