{"id":154898,"date":"2025-10-03T12:53:10","date_gmt":"2025-10-03T12:53:10","guid":{"rendered":"https:\/\/www.europesays.com\/es\/154898\/"},"modified":"2025-10-03T12:53:10","modified_gmt":"2025-10-03T12:53:10","slug":"el-proximo-paso-debe-ser-la-regulacion-de-la-publicidad-de-alimentos-insanos-prensa-actualidad-derechos-sociales-consumo-y-agenda-2030","status":"publish","type":"post","link":"https:\/\/www.europesays.com\/es\/154898\/","title":{"rendered":"\u00abEl pr\u00f3ximo paso debe ser la regulaci\u00f3n de la publicidad de alimentos insanos\u00bb [Prensa\/Actualidad\/Derechos Sociales, Consumo y Agenda 2030]"},"content":{"rendered":"<p class=\"main-image\">&#13;<br \/>\n                     &#13;<br \/>\n                        &#13;<br \/>\n                        <img decoding=\"async\" alt=\"El ministro durante su intervenci\u00f3n\" title=\"El ministro durante su intervenci\u00f3n\" src=\"https:\/\/www.europesays.com\/es\/wp-content\/uploads\/2025\/10\/030925-bustinduy-alimentos-insanos.jpg\"\/>&#13;<br \/>\n                        La ministra de Sanidad, M\u00f3nica Garc\u00eda, junto al ministro de Derechos Sociales, Consumo y Agenda 2030, Pablo Bustinduy.&#13;<br \/>\n                    &#13;\n                <\/p>\n<p>Pablo Bustinduy ha participado en la puesta en marcha de \u00abAlimentemos otro ma\u00f1ana\u00bb, una campa\u00f1a del Ministerio de Sanidad que ha sido presentada por su titular, M\u00f3nica Garc\u00eda, en un evento celebrado en los cines Princesa de Madrid, que ha contado con la presencia de Pau Gasol, exjugador de baloncesto y fundador, junto a su hermano Marc, de la Gasol Foundation, que lleva m\u00e1s de una d\u00e9cada impulsando iniciativas contra la obesidad infantil. Adem\u00e1s, en el evento ha intervenido Boticaria Garc\u00eda, una de las divulgadoras en nutrici\u00f3n y salud m\u00e1s conocidas de Espa\u00f1a.<\/p>\n<p>La introducci\u00f3n de esta campa\u00f1a, cuyo objetivo es promover los h\u00e1bitos saludables, ha servido a Pablo Bustinduy para volver a defender la necesidad de <a href=\"https:\/\/www.dsca.gob.es\/es\/comunicacion\/notas-prensa\/bustinduy-vamos-proteger-ninos-ninas-publicidad-alimentos-insanos\" target=\"_blank\" onclick=\"javascript:GoogleTrackEvent(&#039;True&#039;,&#039;Contenido&#039;,&#039;Click&#039;,&#039;[https:\/\/www.lamoncloa.gob.es\/serviciosdeprensa\/notasprensa\/derechos-sociales-consumo-agenda-2030\/Paginas\/2025\/030925-bustinduy-alimentos-insanos.aspx] proteger a ni\u00f1os y ni\u00f1as de la publicidad de alimentos insanos. [https:\/\/www.dsca.gob.es\/es\/comunicacion\/notas-prensa\/bustinduy-vamos-proteger-ninos-ninas-publicidad-alimentos-insanos]&#039;);\" rel=\"nofollow noopener\">proteger a ni\u00f1os y ni\u00f1as de la publicidad de alimentos insanos<\/a>. \u00abReciben m\u00e1s de 10 anuncios al d\u00eda de estos alimentos s\u00f3lo en televisi\u00f3n\u00bb, ha recordado el ministro. \u00abEl pr\u00f3ximo paso debe ser la regulaci\u00f3n de esta publicidad\u00bb, ha dicho, tras poner en valor la aprobaci\u00f3n este a\u00f1o del Real Decreto que impuls\u00f3 para garantizar <a href=\"https:\/\/www.lamoncloa.gob.es\/consejodeministros\/resumenes\/Paginas\/2025\/150425-rueda-de-prensa-ministros.aspx\" onclick=\"javascript:GoogleTrackEvent(&#039;True&#039;,&#039;Contenido&#039;,&#039;Click&#039;,&#039;[https:\/\/www.lamoncloa.gob.es\/serviciosdeprensa\/notasprensa\/derechos-sociales-consumo-agenda-2030\/Paginas\/2025\/030925-bustinduy-alimentos-insanos.aspx] cinco comidas saludables a la semana en todos los comedores escolares. [\/consejodeministros\/resumenes\/Paginas\/2025\/150425-rueda-de-prensa-ministros.aspx]&#039;);\" rel=\"nofollow noopener\" target=\"_blank\">cinco comidas saludables a la semana en todos los comedores escolares<\/a> del pa\u00eds y que entra en vigor este curso para reforzar la presencia de frutas, verduras, pescado, legumbres y cereales integrales, al tiempo que limita fritos, ultraprocesados, precocinados, bebidas azucaradas y boller\u00eda industrial.<\/p>\n<p>\u00abLos comedores escolares no son s\u00f3lo espacios en los que se come, sino donde se ense\u00f1a h\u00e1bitos saludables que acompa\u00f1ar\u00e1n a ni\u00f1os y ni\u00f1as toda la vida\u00bb, ha declarado Bustinduy para subrayar el hecho de que los estudiantes, al salir del \u00e1mbito escolar, reciban publicidad de \u00abun modelo de alimentaci\u00f3n completamente opuesto\u00bb. Por ello, el ministro ha incidido en \u00abponer coto a este bombardeo constante de publicidad dirigida a ni\u00f1os y a ni\u00f1as\u00bb, asegurando que debe hacerse a pesar de la resistencia que ofrezcan las grandes compa\u00f1\u00edas que est\u00e1n detr\u00e1s de este tipo de productos. \u00abDesde Consumo siempre seguimos la misma premisa: ning\u00fan inter\u00e9s econ\u00f3mico est\u00e1 por encima del derecho al bienestar, menos a\u00fan en el caso de la infancia\u00bb, ha asegurado.<\/p>\n<p>Bustinduy tambi\u00e9n ha hecho referencia al \u00faltimo estudio Aladino, realizado por el Ministerio que dirige a trav\u00e9s de la AESAN (Agencia Espa\u00f1ola de Seguridad Alimentaria y Nutrici\u00f3n) y que reflejaba una brecha entre ni\u00f1os nacidos en familias de rentas bajas y los nacidos en rentas medias o altas. \u00abLa prevalencia en el exceso de peso infantil llega hasta el 48% en las familias con ingresos inferiores a los 18.000 euros al a\u00f1o, frente al 29% de las familias que ingresan m\u00e1s de 30.000 euros\u00bb, ha detallado el ministro, y ha dado la voz de alarma por otro dato que ofrec\u00eda el estudio: \u00abCasi un 40% de los escolares con menor renta van al colegio pr\u00e1cticamente sin desayunar, y no pueden consumir tanta fruta y verdura como aquellos que vienen de familias m\u00e1s pudientes\u00bb.<\/p>\n","protected":false},"excerpt":{"rendered":"&#13; &#13; &#13; &#13; La ministra de Sanidad, M\u00f3nica Garc\u00eda, junto al ministro de Derechos Sociales, Consumo y&hellip;\n","protected":false},"author":2,"featured_media":154899,"comment_status":"","ping_status":"","sticky":false,"template":"","format":"standard","meta":{"footnotes":""},"categories":[5],"tags":[17,18,25,24,13,14,11,19,20,9,10,15,16,23,12,21,22],"class_list":{"0":"post-154898","1":"post","2":"type-post","3":"status-publish","4":"format-standard","5":"has-post-thumbnail","7":"category-titulares","8":"tag-breaking-news","9":"tag-breakingnews","10":"tag-es","11":"tag-espana","12":"tag-featured-news","13":"tag-featurednews","14":"tag-headlines","15":"tag-latest-news","16":"tag-latestnews","17":"tag-news","18":"tag-noticias","19":"tag-noticias-destacadas","20":"tag-noticiasdestacadas","21":"tag-spain","22":"tag-titulares","23":"tag-ultimas-noticias","24":"tag-ultimasnoticias"},"share_on_mastodon":{"url":"","error":""},"_links":{"self":[{"href":"https:\/\/www.europesays.com\/es\/wp-json\/wp\/v2\/posts\/154898","targetHints":{"allow":["GET"]}}],"collection":[{"href":"https:\/\/www.europesays.com\/es\/wp-json\/wp\/v2\/posts"}],"about":[{"href":"https:\/\/www.europesays.com\/es\/wp-json\/wp\/v2\/types\/post"}],"author":[{"embeddable":true,"href":"https:\/\/www.europesays.com\/es\/wp-json\/wp\/v2\/users\/2"}],"replies":[{"embeddable":true,"href":"https:\/\/www.europesays.com\/es\/wp-json\/wp\/v2\/comments?post=154898"}],"version-history":[{"count":0,"href":"https:\/\/www.europesays.com\/es\/wp-json\/wp\/v2\/posts\/154898\/revisions"}],"wp:featuredmedia":[{"embeddable":true,"href":"https:\/\/www.europesays.com\/es\/wp-json\/wp\/v2\/media\/154899"}],"wp:attachment":[{"href":"https:\/\/www.europesays.com\/es\/wp-json\/wp\/v2\/media?parent=154898"}],"wp:term":[{"taxonomy":"category","embeddable":true,"href":"https:\/\/www.europesays.com\/es\/wp-json\/wp\/v2\/categories?post=154898"},{"taxonomy":"post_tag","embeddable":true,"href":"https:\/\/www.europesays.com\/es\/wp-json\/wp\/v2\/tags?post=154898"}],"curies":[{"name":"wp","href":"https:\/\/api.w.org\/{rel}","templated":true}]}}