{"id":154904,"date":"2025-10-03T13:00:09","date_gmt":"2025-10-03T13:00:09","guid":{"rendered":"https:\/\/www.europesays.com\/es\/154904\/"},"modified":"2025-10-03T13:00:09","modified_gmt":"2025-10-03T13:00:09","slug":"williams-ve-a-albon-en-desventaja-tras-incendio-en-los-frenos-en-la-fp1-de-singapur-noticia-de-f1","status":"publish","type":"post","link":"https:\/\/www.europesays.com\/es\/154904\/","title":{"rendered":"Williams ve a Albon \u00aben desventaja\u00bb tras incendio en los frenos en la FP1 de Singapur &#8211; Noticia de F1"},"content":{"rendered":"<p>\n                El auto de Alex Albon tuvo un principio de incendio al inicio de la FP1. (Foto: Reproducci\u00f3n)\n              <\/p>\n<p>El <strong>Gran Premio de Singapur<\/strong> tuvo un comienzo complicado para <strong>Alex Albon<\/strong>. En los primeros minutos de la primera sesi\u00f3n de entrenamientos libres en <strong>Marina Bay<\/strong>, los frenos del coche #23 se incendiaron, lo que oblig\u00f3 al piloto tailand\u00e9s a retirarse prematuramente.<\/p>\n<p>Tras el abandono, el director del equipo <strong>Williams<\/strong>, <strong>James Vowles<\/strong>, afirm\u00f3 que ahora ve a Albon en desventaja, especialmente considerando c\u00f3mo se desarrollan las cosas en Singapur. En un circuito donde el rendimiento se construye sesi\u00f3n a sesi\u00f3n, cada minuto cuenta.<\/p>\n<p>\ud83d\udfe5\u00a0<strong>\u00a1Todas las novedades te esperan en el canal de\u00a0<\/strong><a href=\"https:\/\/www.youtube.com\/@GrandePremioES\" rel=\"nofollow noopener\" target=\"_blank\">YouTube<\/a><strong>\u00a0de Grande Pr\u00eamio en Espa\u00f1ol!<\/strong>\u00a0\ud83d\udfe8<\/p>\n<p><img fetchpriority=\"high\" decoding=\"async\" width=\"1024\" height=\"640\" data-attachment-id=\"366162\" data-permalink=\"https:\/\/grandepremio.com\/es\/f1\/williams-aboga-aumento-calendario-f1-sugiere\/attachment\/williamsf1_172849_hires\/\" data-orig-file=\"https:\/\/grandepremio.com\/es\/wp-content\/uploads\/2025\/09\/WilliamsF1_172849_HiRes.webp\" data-orig-size=\"1080,675\" data-comments-opened=\"1\" data-image-meta=\"{\" aperture=\"\" data-image-title=\"WilliamsF1_172849_HiRes\" data-image-description=\"\" data-image-caption=\"&lt;p&gt;James Vowles lament\u00f3 el retiro prematuro de Alex Albon de la FP1 en Singapur. (Foto: Williams)&lt;\/p&gt;&#10;\" data-medium-file=\"https:\/\/grandepremio.com\/es\/wp-content\/uploads\/2025\/09\/WilliamsF1_172849_HiRes-300x188.webp\" data-large-file=\"https:\/\/www.europesays.com\/es\/wp-content\/uploads\/2025\/10\/WilliamsF1_172849_HiRes-1024x640.webp.webp\" src=\"https:\/\/www.europesays.com\/es\/wp-content\/uploads\/2025\/10\/WilliamsF1_172849_HiRes-1024x640.webp.webp\" alt=\"\" class=\"wp-image-366162\"  \/>James Vowles lament\u00f3 el retiro prematuro de Alex Albon de la FP1 en Singapur. (Foto: Williams)<\/p>\n<p>\u23e9\u00a0<strong>\u00a1Seguinos en redes por\u00a0<\/strong><a href=\"https:\/\/twitter.com\/grandepremioES\" rel=\"nofollow noopener\" target=\"_blank\">Twitter\u00a0<\/a><strong>e\u00a0<\/strong><a href=\"https:\/\/www.instagram.com\/grandepremioes\/\" rel=\"nofollow noopener\" target=\"_blank\">Instagram!<\/a><br \/>\u23e9\u00a0<strong>Adem\u00e1s, tenemos nuestro\u00a0<\/strong><a href=\"https:\/\/whatsapp.com\/channel\/0029VaDZ5zb0gcfDxuwxBM05\" rel=\"nofollow noopener\" target=\"_blank\">canal de Whatsapp<\/a><strong>\u00a0con toda la informaci\u00f3n al instante<\/strong>\u00a0\ud83c\udfc1<\/p>\n<p>\u00abB\u00e1sicamente, habr\u00e1 un cambio en la parte trasera. Pero ahora es mucho m\u00e1s f\u00e1cil, y reconfigurar todo el conjunto es mucho m\u00e1s sencillo\u00bb, declar\u00f3 Vowles a Sky Sports.<\/p>\n<p>\u00abPreferir\u00eda no perderme ninguna [de las sesiones], la segunda sesi\u00f3n de entrenamientos libres ser\u00e1 mucho m\u00e1s relevante, pero este tambi\u00e9n es un circuito urbano donde se construye el rendimiento, as\u00ed que estar\u00e1 en desventaja\u00bb, concluy\u00f3.<\/p>\n<p>Albon es octavo en el <strong>Campeonato de Pilotos<\/strong> con 70 puntos, mientras que Williams es quinto en el <strong>Campeonato de Constructores<\/strong> con 101.<\/p>\n<p>La\u00a0<strong>F\u00f3rmula 1<\/strong>\u00a0disputa este fin de semana el\u00a0<strong>Gran Premio de Singapur<\/strong>, 18\u00aa prueba de la\u00a0<strong>temporada 2025<\/strong>, en el circuito urbano de\u00a0<strong>Marina Bay<\/strong>.<\/p>\n<p>      <script async src=\"https:\/\/platform.twitter.com\/widgets.js\" charset=\"utf-8\"><\/script><script async src=\"\/\/www.instagram.com\/embed.js\"><\/script><\/p>\n","protected":false},"excerpt":{"rendered":"El auto de Alex Albon tuvo un principio de incendio al inicio de la FP1. (Foto: Reproducci\u00f3n) El&hellip;\n","protected":false},"author":2,"featured_media":154905,"comment_status":"","ping_status":"","sticky":false,"template":"","format":"standard","meta":{"footnotes":""},"categories":[270],"tags":[168,25,24,306,271,272,23,167],"class_list":{"0":"post-154904","1":"post","2":"type-post","3":"status-publish","4":"format-standard","5":"has-post-thumbnail","7":"category-formula-1","8":"tag-deportes","9":"tag-es","10":"tag-espana","11":"tag-f1","12":"tag-formula-1","13":"tag-formula1","14":"tag-spain","15":"tag-sports"},"share_on_mastodon":{"url":"","error":""},"_links":{"self":[{"href":"https:\/\/www.europesays.com\/es\/wp-json\/wp\/v2\/posts\/154904","targetHints":{"allow":["GET"]}}],"collection":[{"href":"https:\/\/www.europesays.com\/es\/wp-json\/wp\/v2\/posts"}],"about":[{"href":"https:\/\/www.europesays.com\/es\/wp-json\/wp\/v2\/types\/post"}],"author":[{"embeddable":true,"href":"https:\/\/www.europesays.com\/es\/wp-json\/wp\/v2\/users\/2"}],"replies":[{"embeddable":true,"href":"https:\/\/www.europesays.com\/es\/wp-json\/wp\/v2\/comments?post=154904"}],"version-history":[{"count":0,"href":"https:\/\/www.europesays.com\/es\/wp-json\/wp\/v2\/posts\/154904\/revisions"}],"wp:featuredmedia":[{"embeddable":true,"href":"https:\/\/www.europesays.com\/es\/wp-json\/wp\/v2\/media\/154905"}],"wp:attachment":[{"href":"https:\/\/www.europesays.com\/es\/wp-json\/wp\/v2\/media?parent=154904"}],"wp:term":[{"taxonomy":"category","embeddable":true,"href":"https:\/\/www.europesays.com\/es\/wp-json\/wp\/v2\/categories?post=154904"},{"taxonomy":"post_tag","embeddable":true,"href":"https:\/\/www.europesays.com\/es\/wp-json\/wp\/v2\/tags?post=154904"}],"curies":[{"name":"wp","href":"https:\/\/api.w.org\/{rel}","templated":true}]}}