{"id":154914,"date":"2025-10-03T13:10:08","date_gmt":"2025-10-03T13:10:08","guid":{"rendered":"https:\/\/www.europesays.com\/es\/154914\/"},"modified":"2025-10-03T13:10:08","modified_gmt":"2025-10-03T13:10:08","slug":"la-importancia-de-la-higiene","status":"publish","type":"post","link":"https:\/\/www.europesays.com\/es\/154914\/","title":{"rendered":"la importancia de la higiene"},"content":{"rendered":"<p>La neur\u00f3loga Saima Bashir, coordinadora del Grupo de Estudio de Neurolog\u00eda Cr\u00edtica e Intensivista de la Sociedad Espa\u00f1ola de Neurolog\u00eda, destaca que haber aparcado las medidas de contenci\u00f3n de la pandemia de COVID-19 ha provocado \u201cuna tendencia creciente de incidencia de la meningitis meningoc\u00f3cica desde el a\u00f1o 2022\u201d. Por ello, resalta la importancia de mantener \u201cmedidas de higiene personal\u201d ante la conmemoraci\u00f3n, el pr\u00f3ximo domingo, del D\u00eda Mundial contra la meningitis.<\/p>\n<p>Cada 5 de octubre se celebra esta jornada que pone el foco en una enfermedad que pueden causar virus, hongos, par\u00e1sitos, o sobre todo, bacterias. De hecho, \u00e9sta \u00faltima es la que en m\u00e1s casos provoca la muerte si no se llega a tratar de forma inmediata.<\/p>\n<p>Bashir recuerda que \u201caunque la v\u00eda de transmisi\u00f3n var\u00eda seg\u00fan el organismo, la mayor\u00eda de las bacterias que causan meningitis se contagian entre los seres humanos principalmente a trav\u00e9s del contacto cercano con una persona infectada, tras la inhalaci\u00f3n de las peque\u00f1as part\u00edculas l\u00edquidas que se expulsan al hablar, toser o estornudar.<\/p>\n<p>La meningitis en datos<\/p>\n<p>Desde que termin\u00f3 la pandemia de COVID-19 las medidas de higiene personal, como el simple lavado de manos, han perdido relevancia en el d\u00eda a d\u00eda de las personas, lo que tiene un riesgo a\u00f1adido, no obstante, ya que enfermedades como la meningitis se podr\u00edan evitar con un buen h\u00e1bito de higiene y aseo personal.<\/p>\n<p>Es el mensaje que lanza la Sociedad Espa\u00f1ola de Neurolog\u00eda con motivo del <strong>d\u00eda internacional contra la meningitis<\/strong>.<\/p>\n<p>La Organizaci\u00f3n Mundial de la Salud estima que la enfermedad afecta a unos <strong>2,5 millones de personas<\/strong> y que causa unas 250.000 defunciones cada a\u00f1o en el mundo. Espec\u00edficamente, indica que 1 de cada 6 personas que contraen la meningitis muere, en especial la <strong>meningitis meningoc\u00f3cica y neumoc\u00f3cica.<\/strong><\/p>\n<p><img loading=\"lazy\" decoding=\"async\" width=\"961\" height=\"752\" data-attachment-id=\"265156\" data-permalink=\"https:\/\/efesalud.com\/gastroenteritis-ninos-como-combatir\/ninos-lavar-manos\/\" data-orig-file=\"https:\/\/www.europesays.com\/es\/wp-content\/uploads\/2025\/10\/ninos-lavar-manos.jpg\" data-orig-size=\"961,752\" data-comments-opened=\"0\" data-image-meta=\"{&quot;aperture&quot;:&quot;0&quot;,&quot;credit&quot;:&quot;&quot;,&quot;camera&quot;:&quot;&quot;,&quot;caption&quot;:&quot;&quot;,&quot;created_timestamp&quot;:&quot;1648638257&quot;,&quot;copyright&quot;:&quot;&quot;,&quot;focal_length&quot;:&quot;0&quot;,&quot;iso&quot;:&quot;0&quot;,&quot;shutter_speed&quot;:&quot;0&quot;,&quot;title&quot;:&quot;&quot;,&quot;orientation&quot;:&quot;1&quot;}\" data-image-title=\"ni\u00f1os-lavar-manos\" data-image-description=\"\" data-image-caption=\"&lt;p&gt;Extremar la higiene es vital para evitar contagios. EFE&lt;\/p&gt;&#10;\" data-medium-file=\"https:\/\/efesalud.com\/wp-content\/uploads\/2022\/03\/ninos-lavar-manos-300x235.jpg\" data-large-file=\"https:\/\/www.europesays.com\/es\/wp-content\/uploads\/2025\/10\/ninos-lavar-manos.jpg\" alt=\"lavar-ni\u00f1os-higiene\" class=\"wp-image-265156 lazyload\" style=\"width:548px;height:auto\" src=\"https:\/\/www.europesays.com\/es\/wp-content\/uploads\/2025\/10\/ninos-lavar-manos.jpg\"  data- data-eio-rwidth=\"961\" data-eio-rheight=\"752\"\/>EFE<\/p>\n<p>En el \u00faltimo a\u00f1o se produjeron en todo el mundo 1,6 millones de casos de meningitis bacteriana que provocaron aproximadamente 250.000 muertes. La carga de morbilidad m\u00e1s elevada se localiza en una superficie que se extiende desde Senegal a Etiop\u00eda<\/p>\n<p>Por otro lado, estima que hasta un 20% de la poblaci\u00f3n que sufre la enfermedad desarrolla una <strong>discapacidad grave<\/strong>. De hecho, la meningitis es la sexta enfermedad neurol\u00f3gica que m\u00e1s discapacidad provoca en el mundo, tras el ictus, la encefalopat\u00eda neonatal, la migra\u00f1a, la demencia y la neuropat\u00eda diab\u00e9tica, remarca la SEN.<\/p>\n<p>En<a href=\"https:\/\/efesalud.com\/meningitis-espana-incidencia-prevencion-neurologia\/\" data-wpel-link=\"internal\" rel=\"nofollow noopener\" target=\"_blank\"> Espa\u00f1a<\/a>, seg\u00fan la SEN, cada a\u00f1o se identifican unos 1.000 casos de meningitis, de los cuales un 10 % son muy graves.<\/p>\n<p>\u201cAunque en nuestro pa\u00eds la incidencia de la meningitis sigue siendo baja, esta enfermedad sigue siendo una de las primeras causas de muerte por infecci\u00f3n en ni\u00f1os y adolescentes\u201d, comenta Bashir.<\/p>\n<p>\u00bfCu\u00e1les son los da\u00f1os?<\/p>\n<p>Los <strong>s\u00edntomas<\/strong> que experimentan la poblaci\u00f3n infectada son:<\/p>\n<ul class=\"wp-block-list\">\n<li>Fiebre repentina.<\/li>\n<li>Dolor de cabeza intenso.<\/li>\n<li>Rigidez en el cuello.<\/li>\n<li>N\u00e1useas.<\/li>\n<li>V\u00f3mitos.<\/li>\n<li>Sensibilidad a la luz.<\/li>\n<li>Erupciones cut\u00e1neas.\u00a0<\/li>\n<li>En beb\u00e9s y ni\u00f1os peque\u00f1os, <strong>grupos de mayor riesgo<\/strong>, puede manifestarse con irritabilidad inexplicable, v\u00f3mitos y abultamiento de la fontanela.<\/li>\n<\/ul>\n<p>En cuanto a las secuelas que pueden sufrir las personas infectadas, se han notificado problemas auditivos, de vista, del habla, del lenguaje, de memoria y otros problemas neurol\u00f3gicos derivados del da\u00f1o cerebral producido por la enfermedad. Tambi\u00e9n <strong>amputaciones de extremidades<\/strong> cuando la infecci\u00f3n de la meningitis se extiende al torrente sangu\u00edneo, produciendo sepsis.\u00a0<\/p>\n<p>La higiene personal como prevenci\u00f3n<\/p>\n<p>Desde la <a href=\"https:\/\/www.sen.es\/\" target=\"_blank\" rel=\"noreferrer noopener nofollow\" data-wpel-link=\"external\">Sociedad Espa\u00f1ola de Neurolog\u00eda<\/a> se insta a reforzar la prevenci\u00f3n y vacunaci\u00f3n, animando a seguir el <strong>calendario de vacunaci\u00f3n <\/strong>de ni\u00f1os y adolescentes, a tener precauci\u00f3n en los contactos con personas que hayan sido diagnosticadas con esta enfermedad y mantener una h<strong>igiene personal adecuada<\/strong>.<\/p>\n<p>\u201c<strong>Lavarse las manos frecuentemente<\/strong>, no compartir utensilios, desinfectar y ventilar los espacios comunes, cubrirse al toser o estornudar, o usar repelente y ropa protectora en zonas con mosquitos u otros animales que puedan transmitir infecciones son h\u00e1bitos importantes para evitar su contagio\u201d, aconseja la especialista.<\/p>\n<p>\u201cPor otra parte, en casos de contacto cercano con alguien con meningitis bacteriana, aconsejamos tambi\u00e9n acudir al m\u00e9dico, que le dar\u00e1 pautas para prevenir la enfermedad \u201d, concluye.<\/p>\n","protected":false},"excerpt":{"rendered":"La neur\u00f3loga Saima Bashir, coordinadora del Grupo de Estudio de Neurolog\u00eda Cr\u00edtica e Intensivista de la Sociedad Espa\u00f1ola&hellip;\n","protected":false},"author":2,"featured_media":154915,"comment_status":"","ping_status":"","sticky":false,"template":"","format":"standard","meta":{"footnotes":""},"categories":[92],"tags":[25,24,165,5251,7678,166,46517,23],"class_list":{"0":"post-154914","1":"post","2":"type-post","3":"status-publish","4":"format-standard","5":"has-post-thumbnail","7":"category-salud","8":"tag-es","9":"tag-espana","10":"tag-health","11":"tag-higiene","12":"tag-meningitis","13":"tag-salud","14":"tag-salud-y-prevencion","15":"tag-spain"},"share_on_mastodon":{"url":"","error":""},"_links":{"self":[{"href":"https:\/\/www.europesays.com\/es\/wp-json\/wp\/v2\/posts\/154914","targetHints":{"allow":["GET"]}}],"collection":[{"href":"https:\/\/www.europesays.com\/es\/wp-json\/wp\/v2\/posts"}],"about":[{"href":"https:\/\/www.europesays.com\/es\/wp-json\/wp\/v2\/types\/post"}],"author":[{"embeddable":true,"href":"https:\/\/www.europesays.com\/es\/wp-json\/wp\/v2\/users\/2"}],"replies":[{"embeddable":true,"href":"https:\/\/www.europesays.com\/es\/wp-json\/wp\/v2\/comments?post=154914"}],"version-history":[{"count":0,"href":"https:\/\/www.europesays.com\/es\/wp-json\/wp\/v2\/posts\/154914\/revisions"}],"wp:featuredmedia":[{"embeddable":true,"href":"https:\/\/www.europesays.com\/es\/wp-json\/wp\/v2\/media\/154915"}],"wp:attachment":[{"href":"https:\/\/www.europesays.com\/es\/wp-json\/wp\/v2\/media?parent=154914"}],"wp:term":[{"taxonomy":"category","embeddable":true,"href":"https:\/\/www.europesays.com\/es\/wp-json\/wp\/v2\/categories?post=154914"},{"taxonomy":"post_tag","embeddable":true,"href":"https:\/\/www.europesays.com\/es\/wp-json\/wp\/v2\/tags?post=154914"}],"curies":[{"name":"wp","href":"https:\/\/api.w.org\/{rel}","templated":true}]}}