{"id":154916,"date":"2025-10-03T13:11:13","date_gmt":"2025-10-03T13:11:13","guid":{"rendered":"https:\/\/www.europesays.com\/es\/154916\/"},"modified":"2025-10-03T13:11:13","modified_gmt":"2025-10-03T13:11:13","slug":"david-broncano-y-silvia-alonso-se-compran-una-nueva-propiedad-en-avila","status":"publish","type":"post","link":"https:\/\/www.europesays.com\/es\/154916\/","title":{"rendered":"David Broncano y Silvia Alonso se compran una nueva propiedad en \u00c1vila"},"content":{"rendered":"<p>Actualizado  Viernes,<br \/>\n3<br \/>\noctubre<br \/>\n2025<br \/>\n&#8211;<br \/>\n13:54<\/p>\n<p class=\"ue-c-article__paragraph\">Durante una entrevista con Detective Murciano y Zorror\u00edfico para su canal de Youtube, <a href=\"https:\/\/www.elmundo.es\/e\/da\/david-broncano.html\" rel=\"nofollow noopener\" target=\"_blank\"><strong>David Broncano<\/strong><\/a> se enfrent\u00f3 a su cl\u00e1sica pregunta del dinero y reconoci\u00f3: <strong>\u00abTengo bastante dinero, soy muy privilegiado.<\/strong> Tengo m\u00e1s dinero del que pens\u00e9 que tendr\u00eda mi familia en varias generaciones\u00bb.<strong> No dio cifras exactas,<\/strong> pero han trascendido algunos datos que ayudan a hacerse una idea.<\/p>\n<p class=\"ue-c-article__paragraph\"> Por ejemplo, el presentador y su novia,<strong> la actriz Silva Alonso,<\/strong> se compraron hace unos meses <strong>una nueva vivienda en \u00c1vila<\/strong> y es la tercera propiedad que adquieren en la zona. Seg\u00fan informa el portal Vanitatis, la casa en cuesti\u00f3n, dividida en dos plantas, <strong>tiene 300 metros cuadrados<\/strong> y se encuentra en un <strong>terreno de 4.500.<\/strong> Lo curioso es que dicho inmueble colinda con<strong> otra residencia y un solar <\/strong>que tambi\u00e9n pertenecen a la pareja, seg\u00fan cont\u00f3 El Economista. Todo en una <strong>urbanizaci\u00f3n cercana al pantano de San Juan.<\/strong> Es una zona exclusiva donde hay <strong>viviendas que superan los dos millones <\/strong>de euros, aunque el precio depende de muchos factores.<\/p>\n<p class=\"ue-c-article__paragraph\">La pareja, que<strong> reside en el centro de Madrid,<\/strong> ha elegido este enclave de la sierra de Gredos con muchas posibilidades para hacer rutas y peque\u00f1as excursiones y cerca del pantano de Burguillo, considerado como uno de los m\u00e1s bonitos de \u00c1vila. En definitiva, el presentador y la actriz han encontrado su particular refugio en un lugar que est\u00e1 a poco <strong>m\u00e1s de una hora de la capital.<\/strong><\/p>\n<p>Sus otras propiedades <\/p>\n<p class=\"ue-c-article__paragraph\">La vivienda en la que reside el presentador en el centro de Madrid, cerca del teatro donde graba su programa de televisi\u00f3n, no es de su propiedad, sino que est\u00e1 en r\u00e9gimen de alquiler, seg\u00fan ha contado. Pero s\u00ed es<strong> due\u00f1o de dos \u00e1ticos contiguos <\/strong>que tambi\u00e9n se encuentran en la capital, que adquiri\u00f3 a finales de 2021 <strong>y que tienen unas espectaculares vistas <\/strong>a la Casa de Campo. <\/p>\n<p class=\"ue-c-article__paragraph\">Dos pisos que uni\u00f3 para tener m\u00e1s amplitud y que suman <strong>170 metros cuadrados m\u00e1s 70 de terraza<\/strong>. Adem\u00e1s, dispone de un par de <strong>plazas de garaje y de dos trasteros.<\/strong> El valor aproximado de este conjunto es de un mill\u00f3n de euros, cuenta Vanitatis, debido a la zona en la que se encuentra y a la reforma que ha realizado el presentador de TVE.<\/p>\n","protected":false},"excerpt":{"rendered":"Actualizado Viernes, 3 octubre 2025 &#8211; 13:54 Durante una entrevista con Detective Murciano y Zorror\u00edfico para su canal&hellip;\n","protected":false},"author":2,"featured_media":154917,"comment_status":"","ping_status":"","sticky":false,"template":"","format":"standard","meta":{"footnotes":""},"categories":[91],"tags":[9029,146,147,25,24,720,23],"class_list":{"0":"post-154916","1":"post","2":"type-post","3":"status-publish","4":"format-standard","5":"has-post-thumbnail","7":"category-entretenimiento","8":"tag-david-broncano","9":"tag-entertainment","10":"tag-entretenimiento","11":"tag-es","12":"tag-espana","13":"tag-loc-famosos","14":"tag-spain"},"share_on_mastodon":{"url":"","error":""},"_links":{"self":[{"href":"https:\/\/www.europesays.com\/es\/wp-json\/wp\/v2\/posts\/154916","targetHints":{"allow":["GET"]}}],"collection":[{"href":"https:\/\/www.europesays.com\/es\/wp-json\/wp\/v2\/posts"}],"about":[{"href":"https:\/\/www.europesays.com\/es\/wp-json\/wp\/v2\/types\/post"}],"author":[{"embeddable":true,"href":"https:\/\/www.europesays.com\/es\/wp-json\/wp\/v2\/users\/2"}],"replies":[{"embeddable":true,"href":"https:\/\/www.europesays.com\/es\/wp-json\/wp\/v2\/comments?post=154916"}],"version-history":[{"count":0,"href":"https:\/\/www.europesays.com\/es\/wp-json\/wp\/v2\/posts\/154916\/revisions"}],"wp:featuredmedia":[{"embeddable":true,"href":"https:\/\/www.europesays.com\/es\/wp-json\/wp\/v2\/media\/154917"}],"wp:attachment":[{"href":"https:\/\/www.europesays.com\/es\/wp-json\/wp\/v2\/media?parent=154916"}],"wp:term":[{"taxonomy":"category","embeddable":true,"href":"https:\/\/www.europesays.com\/es\/wp-json\/wp\/v2\/categories?post=154916"},{"taxonomy":"post_tag","embeddable":true,"href":"https:\/\/www.europesays.com\/es\/wp-json\/wp\/v2\/tags?post=154916"}],"curies":[{"name":"wp","href":"https:\/\/api.w.org\/{rel}","templated":true}]}}