{"id":154922,"date":"2025-10-03T13:14:15","date_gmt":"2025-10-03T13:14:15","guid":{"rendered":"https:\/\/www.europesays.com\/es\/154922\/"},"modified":"2025-10-03T13:14:15","modified_gmt":"2025-10-03T13:14:15","slug":"la-casa-blanca-senalo-que-trump-sera-quien-fije-la-fecha-limite-para-que-hamas-acepte-el-acuerdo-de-paz-para-gaza","status":"publish","type":"post","link":"https:\/\/www.europesays.com\/es\/154922\/","title":{"rendered":"La Casa Blanca se\u00f1al\u00f3 que Trump ser\u00e1 quien fije la fecha l\u00edmite para que Hamas acepte el acuerdo de paz para Gaza"},"content":{"rendered":"<p><img alt=\"La Casa Blanca inform\u00f3 que\" class=\"global-image\" decoding=\"async\" fetchpriority=\"high\" height=\"4000\" loading=\"eager\" src=\"https:\/\/www.europesays.com\/es\/wp-content\/uploads\/2025\/10\/NWTUU7UPIRFMDJV3GNKYILYJBY.jpg\" width=\"6000\"\/>La Casa Blanca inform\u00f3 que Trump decidir\u00e1 el tiempo que le dar\u00e1 a Hamas para responder al plan de alto el fuego en Gaza (AP foto\/Alex Brandon)<\/p>\n<p class=\"paragraph\">El presidente de Estados Unidos, <b>Donald Trump<\/b>, decidir\u00e1 el plazo que dar\u00e1 al grupo terrorista <b>Hamas<\/b> para aceptar una propuesta respaldada por <b>Israel<\/b> destinada a detener los combates en Gaza, inform\u00f3 el jueves la Casa Blanca.<\/p>\n<p class=\"paragraph\">El martes, Trump se\u00f1al\u00f3 que otorgar\u00eda entre <b>tres y cuatro d\u00edas<\/b> a la organizaci\u00f3n extremista para aceptar el documento de 20 puntos, que incluye el <b>desarme<\/b>, una condici\u00f3n rechazada previamente por Hamas. Una fuente cercana al grupo terrorista indic\u00f3 el mi\u00e9rcoles que el grupo analizaba la propuesta.<\/p>\n<p class=\"paragraph\">Consultada en el programa \u201cAmerica\u2019s Newsroom\u201d de Fox News sobre en qu\u00e9 momento se considerar\u00eda que Hamas habr\u00eda abandonado el plan, la portavoz de la Casa Blanca <b>Karoline Leavitt<\/b> respondi\u00f3: \u201cBueno, es una muy buena pregunta, y <b>es una l\u00ednea roja que el presidente de Estados Unidos va a tener que trazar\u201d<\/b>.<\/p>\n<p class=\"paragraph\">A\u00f1adi\u00f3: <b>\u201cSe trata de un plan aceptable, y esperamos y deseamos que Hamas acepte este plan para que podamos avanzar\u201d<\/b>.<\/p>\n<p><img alt=\"La portavoz de la Casa\" class=\"global-image\" decoding=\"async\" fetchpriority=\"low\" height=\"3668\" loading=\"lazy\" src=\"https:\/\/www.europesays.com\/es\/wp-content\/uploads\/2025\/10\/S4WA3IB34ZDRJEDQITJWSV645U.JPG\" width=\"5500\"\/>La portavoz de la Casa Blanca Karoline Leavitt (REUTERS\/Kevin Lamarque)<\/p>\n<p class=\"paragraph\">El llamado \u201cPlan Trump\u201d contempla un <b>cese al fuego inmediato<\/b>, la liberaci\u00f3n de todos los <b>rehenes bajo control de Hamas en un plazo de 72 horas<\/b>, el <b>desarme del grupo<\/b> y una <b>retirada progresiva del ej\u00e9rcito israel\u00ed<\/b> de la Franja de Gaza.<\/p>\n<p class=\"paragraph\">Posteriormente, prev\u00e9 la instalaci\u00f3n de una <b>autoridad transitoria<\/b> dirigida por Trump, acompa\u00f1ado por el ex primer ministro brit\u00e1nico <b>Tony Blair<\/b> y otros actores internacionales.<\/p>\n<p class=\"paragraph\">Durante la presentaci\u00f3n, el primer ministro israel\u00ed <b>Benjam\u00edn Netanyahu<\/b> expres\u00f3: <b>\u201cApoyo su iniciativa para acabar con la guerra en Gaza y alcanzar nuestros objetivos\u201d<\/b>. Insisti\u00f3 en que, si Hamas rechaza la propuesta o intenta sabotear su implementaci\u00f3n, <b>\u201cIsrael actuar\u00eda por su cuenta para completar la ofensiva militar\u201d<\/b>.<\/p>\n<p class=\"paragraph\">La reacci\u00f3n internacional lleg\u00f3 de inmediato. Ocho pa\u00edses \u00e1rabes y musulmanes \u2014<b>Egipto, Jordania, Qatar, Arabia Saudita, Emiratos \u00c1rabes Unidos, Turqu\u00eda, Indonesia y Pakist\u00e1n<\/b>\u2014 elogiaron los <b>\u201cesfuerzos sinceros\u201d<\/b> del acuerdo en un comunicado tras mantener reuniones previas con Trump.<\/p>\n<p><img alt=\"Durante la presentaci\u00f3n, el primer\" class=\"global-image\" decoding=\"async\" fetchpriority=\"low\" height=\"1281\" loading=\"lazy\" src=\"https:\/\/www.europesays.com\/es\/wp-content\/uploads\/2025\/10\/YYREGZBFRJCYDCOVIEY4WZTFZY.JPG\" width=\"1922\"\/>Durante la presentaci\u00f3n, el primer ministro israel\u00ed Benjamin Netanyahu expres\u00f3: \u201cApoyo su iniciativa para acabar con la guerra en Gaza y alcanzar nuestros objetivos\u201d (REUTERS)<\/p>\n<p class=\"paragraph\">En paralelo, los aliados europeos de Washington, incluidos <b>Francia, Reino Unido, Alemania e Italia<\/b>, respaldaron p\u00fablicamente la propuesta. El presidente de la Comisi\u00f3n Europea, <b>Antonio Costa<\/b>, pidi\u00f3 a las partes <b>\u201caprovechar este momento para dar a la paz una oportunidad real\u201d<\/b>.<\/p>\n<p class=\"paragraph\">En los territorios palestinos, la acogida fue esc\u00e9ptica. Un alto funcionario de Hamas se\u00f1al\u00f3 que el grupo responder\u00eda oficialmente tras conocer todos los detalles. Entre los civiles, prevaleci\u00f3 la desconfianza. <b>\u201cComo pueblo, no aceptaremos esta farsa\u201d<\/b>, declar\u00f3 Abu Mazen Nassar, uno de los 1,9 millones de desplazados por el conflicto en Gaza.<\/p>\n<p class=\"paragraph\">La <b>Autoridad Palestina<\/b>, con sede en Cisjordania, valor\u00f3 los <b>\u201cesfuerzos sinceros y decididos\u201d<\/b> para alcanzar una soluci\u00f3n, aunque advirti\u00f3 que el plan conlleva exigencias dif\u00edciles.<\/p>\n<p class=\"paragraph\">El plan tambi\u00e9n prev\u00e9 la creaci\u00f3n de una <b>fuerza internacional de estabilizaci\u00f3n<\/b> y la gesti\u00f3n de la administraci\u00f3n transitoria bajo Trump y Blair, con garant\u00edas de seguridad hasta la eventual formaci\u00f3n de un marco institucional palestino.<\/p>\n<p><img alt=\"La Autoridad Palestina, con sede\" class=\"global-image\" decoding=\"async\" fetchpriority=\"low\" height=\"1185\" loading=\"lazy\" src=\"https:\/\/www.europesays.com\/es\/wp-content\/uploads\/2025\/10\/DA5GRJE43NFSNIOOHGR65I7VN4.jpg\" width=\"1920\"\/>La Autoridad Palestina, con sede en Cisjordania, valor\u00f3 los \u201cesfuerzos sinceros y decididos\u201d para alcanzar una soluci\u00f3n, aunque advirti\u00f3 que el plan conlleva exigencias dif\u00edciles (EP)<\/p>\n<p class=\"paragraph\">Netanyahu reiter\u00f3 en la Casa Blanca: <b>\u201cSi Hamas rechaza su plan, se\u00f1or presidente, o si aparenta aceptarlo y luego lo desbarata, Israel terminar\u00e1 el trabajo solo\u201d<\/b>.<\/p>\n<p class=\"paragraph\">Trump asegur\u00f3 el <b>\u201cpleno respaldo\u201d<\/b> estadounidense a Israel en caso de rechazo. Al mismo tiempo, declar\u00f3 que la paz en Medio Oriente est\u00e1 <b>\u201cm\u00e1s cerca que nunca\u201d<\/b>, calificando la presentaci\u00f3n como <b>\u201cuno de los grandes d\u00edas posibles de la civilizaci\u00f3n\u201d<\/b>.<\/p>\n<p class=\"paragraph\">(Con informaci\u00f3n de REUTERS y AFP)<\/p>\n","protected":false},"excerpt":{"rendered":"La Casa Blanca inform\u00f3 que Trump decidir\u00e1 el tiempo que le dar\u00e1 a Hamas para responder al plan&hellip;\n","protected":false},"author":2,"featured_media":154923,"comment_status":"","ping_status":"","sticky":false,"template":"","format":"standard","meta":{"footnotes":""},"categories":[42],"tags":[17,18,46519,13,14,5638,11,61,62,63,64,19,20,9,3119,10,15,16,88,12,21,22,65,66,67],"class_list":{"0":"post-154922","1":"post","2":"type-post","3":"status-publish","4":"format-standard","5":"has-post-thumbnail","7":"category-internacional","8":"tag-breaking-news","9":"tag-breakingnews","10":"tag-domestic","11":"tag-featured-news","12":"tag-featurednews","13":"tag-government-politics","14":"tag-headlines","15":"tag-internacional","16":"tag-international","17":"tag-international-news","18":"tag-internationalnews","19":"tag-latest-news","20":"tag-latestnews","21":"tag-news","22":"tag-north-america","23":"tag-noticias","24":"tag-noticias-destacadas","25":"tag-noticiasdestacadas","26":"tag-politics","27":"tag-titulares","28":"tag-ultimas-noticias","29":"tag-ultimasnoticias","30":"tag-world","31":"tag-world-news","32":"tag-worldnews"},"share_on_mastodon":{"url":"","error":""},"_links":{"self":[{"href":"https:\/\/www.europesays.com\/es\/wp-json\/wp\/v2\/posts\/154922","targetHints":{"allow":["GET"]}}],"collection":[{"href":"https:\/\/www.europesays.com\/es\/wp-json\/wp\/v2\/posts"}],"about":[{"href":"https:\/\/www.europesays.com\/es\/wp-json\/wp\/v2\/types\/post"}],"author":[{"embeddable":true,"href":"https:\/\/www.europesays.com\/es\/wp-json\/wp\/v2\/users\/2"}],"replies":[{"embeddable":true,"href":"https:\/\/www.europesays.com\/es\/wp-json\/wp\/v2\/comments?post=154922"}],"version-history":[{"count":0,"href":"https:\/\/www.europesays.com\/es\/wp-json\/wp\/v2\/posts\/154922\/revisions"}],"wp:featuredmedia":[{"embeddable":true,"href":"https:\/\/www.europesays.com\/es\/wp-json\/wp\/v2\/media\/154923"}],"wp:attachment":[{"href":"https:\/\/www.europesays.com\/es\/wp-json\/wp\/v2\/media?parent=154922"}],"wp:term":[{"taxonomy":"category","embeddable":true,"href":"https:\/\/www.europesays.com\/es\/wp-json\/wp\/v2\/categories?post=154922"},{"taxonomy":"post_tag","embeddable":true,"href":"https:\/\/www.europesays.com\/es\/wp-json\/wp\/v2\/tags?post=154922"}],"curies":[{"name":"wp","href":"https:\/\/api.w.org\/{rel}","templated":true}]}}