{"id":154924,"date":"2025-10-03T13:15:08","date_gmt":"2025-10-03T13:15:08","guid":{"rendered":"https:\/\/www.europesays.com\/es\/154924\/"},"modified":"2025-10-03T13:15:08","modified_gmt":"2025-10-03T13:15:08","slug":"jornada-mundial-por-el-trabajo-decente-el-empleo-en-el-centro","status":"publish","type":"post","link":"https:\/\/www.europesays.com\/es\/154924\/","title":{"rendered":"Jornada Mundial por el Trabajo Decente: el empleo, en el centro"},"content":{"rendered":"<p>La precariedad laboral global, los incumplimientos en trabajo infantil o el deterioro de la libertad sindical, reivindicaciones claves para la Jornada Mundial por el Trabajo Decente<\/p>\n<p>Cada 7 de octubre, se celebra la Jornada Mundial por el Trabajo Decente, una fecha que recuerda la necesidad de situar el empleo digno en el centro de las pol\u00edticas p\u00fablicas y empresariales.<\/p>\n<p>El concepto de trabajo decente, acu\u00f1ado por la Organizaci\u00f3n Internacional del Trabajo (OIT) en 1999, se define como aquel que ofrece oportunidades de empleo productivo, con un ingreso justo, seguridad en el lugar de trabajo, protecci\u00f3n social para las familias, igualdad de oportunidades y derechos laborales para todas las personas.<\/p>\n<p>La Jornada fue instaurada por la Confederaci\u00f3n Sindical Internacional (CSI) en 2008 y, desde entonces, se ha convertido en un d\u00eda de movilizaci\u00f3n global para exigir avances reales en la defensa de los derechos laborales. Este a\u00f1o, tanto la CSI como la Confederaci\u00f3n Europea de Sindicatos (CES) hacen un llamamiento a gobiernos y empleadores para reforzar la lucha contra la precariedad, garantizar la negociaci\u00f3n colectiva y situar el trabajo decente como eje de la transici\u00f3n digital, verde y demogr\u00e1fica.<\/p>\n<p>Objetivos de de Desarrollo Sostenible<\/p>\n<p>En 2015, con la aprobaci\u00f3n de la Agenda 2030 de Naciones Unidas, 193 pa\u00edses firmantes se comprometieron a cumplir 17 Objetivos de Desarrollo Sostenible (ODS) en el horizonte de 2030. Este a\u00f1o, se cumplen 10 a\u00f1os de su adopci\u00f3n. En concreto, el ODS 8 recoge de forma expresa la necesidad de promover el trabajo decente y el crecimiento econ\u00f3mico inclusivo y sostenible. Las principales metas del ODS 8 son:<\/p>\n<ul>\n<li>Mantener un crecimiento econ\u00f3mico sostenido, inclusivo y sostenible.<\/li>\n<li>Lograr el empleo pleno y productivo, garantizando un trabajo decente para todas las personas.<\/li>\n<li>Reducir la proporci\u00f3n de j\u00f3venes que no estudian ni trabajan.<\/li>\n<li>Erradicar el trabajo forzoso y las peores formas de trabajo infantil.<\/li>\n<li>Proteger los derechos laborales y promover un entorno de trabajo seguro y sin riesgos.<\/li>\n<\/ul>\n<p>Datos y estad\u00edsticas internacionales relevantes<\/p>\n<p>Seg\u00fan el \u00faltimo informe Perspectivas Sociales y del Empleo en el Mundo 2025 de la OIT, la tasa mundial de desempleo se mantiene alrededor del 5 %. Es un nivel similar al de 2023. Sin embargo, el crecimiento del empleo sigue siendo muy d\u00e9bil para poder cerrar las brechas del llamado \u201cempleo decente\u201d. Los j\u00f3venes enfrentan una situaci\u00f3n especialmente dif\u00edcil: su tasa de desempleo global ronda el 12,6 %.<\/p>\n<p>En cuanto a indicadores globales, la OIT reporta que, para 2023, la tasa mundial de participaci\u00f3n laboral fue del 60,8 %, mientras que la tasa de desocupaci\u00f3n estimada fue de 5,1 %.<\/p>\n<p>En materia salarial, tambi\u00e9n hay se\u00f1ales de recuperaci\u00f3n: los salarios reales crecieron un 2,7 % a escala mundial en 2024, la mayor subida en m\u00e1s de 15 a\u00f1os. Sin embargo, buena parte del avance se concentra en ciertos pa\u00edses, y persisten desequilibrios internos.<\/p>\n<p>Deterioro de la libertad sindical<\/p>\n<p>Sobre los derechos laborales, <a href=\"https:\/\/www.uso.es\/indice-global-de-derechos-movimiento-sindical-en-el-punto-de-mira\/\" target=\"_blank\" rel=\"noopener nofollow\">el \u00cdndice Global de Derechos 2025 de la CSI alerta de un deterioro mundial del respeto a libertades sindicales<\/a> y negociaci\u00f3n colectiva. Por ejemplo, en las Am\u00e9ricas, se documenta que un 92 % de los pa\u00edses impidieron el registro de sindicatos, un 88 % viol\u00f3 el derecho de huelga y un 80 % vulner\u00f3 la negociaci\u00f3n colectiva. A nivel global, el informe subraya que muchos gobiernos est\u00e1n imponiendo restricciones crecientes que limitan la acci\u00f3n sindical y la libertad de asociaci\u00f3n.<\/p>\n<p>En cuanto al trabajo infantil, un informe conjunto de la OIT y UNICEF estima que 138 millones de ni\u00f1os y ni\u00f1as en el mundo realizan alg\u00fan tipo de trabajo. Muchos de ellos, adem\u00e1s, en condiciones peligrosas.<\/p>\n<p>Este 7 de octubre, el movimiento sindical internacional vuelve a alzar la voz para que el trabajo decente deje de ser una aspiraci\u00f3n y se convierta en un derecho garantizado en todo el mundo.<\/p>\n","protected":false},"excerpt":{"rendered":"La precariedad laboral global, los incumplimientos en trabajo infantil o el deterioro de la libertad sindical, reivindicaciones claves&hellip;\n","protected":false},"author":2,"featured_media":154925,"comment_status":"","ping_status":"","sticky":false,"template":"","format":"standard","meta":{"footnotes":""},"categories":[8],"tags":[17,18,11745,25,24,13,14,11,61,19,20,9,10,15,16,46520,46521,23,12,46522,21,22],"class_list":{"0":"post-154924","1":"post","2":"type-post","3":"status-publish","4":"format-standard","5":"has-post-thumbnail","7":"category-espana","8":"tag-breaking-news","9":"tag-breakingnews","10":"tag-desarrollo-sostenible","11":"tag-es","12":"tag-espana","13":"tag-featured-news","14":"tag-featurednews","15":"tag-headlines","16":"tag-internacional","17":"tag-latest-news","18":"tag-latestnews","19":"tag-news","20":"tag-noticias","21":"tag-noticias-destacadas","22":"tag-noticiasdestacadas","23":"tag-ods","24":"tag-sindicalismo-internacional","25":"tag-spain","26":"tag-titulares","27":"tag-trabajo-decente","28":"tag-ultimas-noticias","29":"tag-ultimasnoticias"},"share_on_mastodon":{"url":"","error":""},"_links":{"self":[{"href":"https:\/\/www.europesays.com\/es\/wp-json\/wp\/v2\/posts\/154924","targetHints":{"allow":["GET"]}}],"collection":[{"href":"https:\/\/www.europesays.com\/es\/wp-json\/wp\/v2\/posts"}],"about":[{"href":"https:\/\/www.europesays.com\/es\/wp-json\/wp\/v2\/types\/post"}],"author":[{"embeddable":true,"href":"https:\/\/www.europesays.com\/es\/wp-json\/wp\/v2\/users\/2"}],"replies":[{"embeddable":true,"href":"https:\/\/www.europesays.com\/es\/wp-json\/wp\/v2\/comments?post=154924"}],"version-history":[{"count":0,"href":"https:\/\/www.europesays.com\/es\/wp-json\/wp\/v2\/posts\/154924\/revisions"}],"wp:featuredmedia":[{"embeddable":true,"href":"https:\/\/www.europesays.com\/es\/wp-json\/wp\/v2\/media\/154925"}],"wp:attachment":[{"href":"https:\/\/www.europesays.com\/es\/wp-json\/wp\/v2\/media?parent=154924"}],"wp:term":[{"taxonomy":"category","embeddable":true,"href":"https:\/\/www.europesays.com\/es\/wp-json\/wp\/v2\/categories?post=154924"},{"taxonomy":"post_tag","embeddable":true,"href":"https:\/\/www.europesays.com\/es\/wp-json\/wp\/v2\/tags?post=154924"}],"curies":[{"name":"wp","href":"https:\/\/api.w.org\/{rel}","templated":true}]}}