{"id":154926,"date":"2025-10-03T13:16:06","date_gmt":"2025-10-03T13:16:06","guid":{"rendered":"https:\/\/www.europesays.com\/es\/154926\/"},"modified":"2025-10-03T13:16:06","modified_gmt":"2025-10-03T13:16:06","slug":"la-diputacion-entrega-al-ateneo-de-sevilla-los-poemarios-ganadores-del-i-premio-ateneo-de-poesia-generacion-del-27","status":"publish","type":"post","link":"https:\/\/www.europesays.com\/es\/154926\/","title":{"rendered":"La Diputaci\u00f3n entrega al Ateneo de Sevilla los poemarios ganadores del I Premio Ateneo de Poes\u00eda &#8216;Generaci\u00f3n del 27&#8217;"},"content":{"rendered":"<p align=\"justify\">Casimiro Fern\u00e1ndez y Carolina Morales, diputado provincial y directora del \u00c1rea de Cultura y Ciudadan\u00eda, han mantenido un encuentro hoy con Emilio Boja, presidente del Ateneo de Sevilla, y Jos\u00e9 Vallecillo, presidente de la Secci\u00f3n de Literatura del mismo.<\/p>\n<p align=\"justify\">\u00a0<\/p>\n<p align=\"justify\">En la reuni\u00f3n se ha hecho entrega por parte de la Diputaci\u00f3n de los ejemplares ejemplares de los libros galardonados en los premios de poes\u00eda \u201cGeneraci\u00f3n del 27\u201d Ateneo de Sevilla y Premio de Poes\u00eda Joven \u201cGeneraci\u00f3n del 27\u201d Ateneo de Sevilla.<\/p>\n<p align=\"justify\">\u00a0<\/p>\n<p align=\"justify\">Los premiados en el certamen fueron Jos\u00e9 A. Ram\u00edrez Lozano, por el poemario \u2018La rosa c\u00fabica\u2019, para la categor\u00eda abierta, y V\u00edctor Ruiz Polanco, por \u2018Plano de una ciudad\u2019, para la modalidad Joven, que estar\u00e1n disponibles a la venta en el expositor de la Diputaci\u00f3n de Sevilla en la pr\u00f3xima Feria del Libro.<\/p>\n<p align=\"justify\">\u00a0<\/p>\n<p align=\"justify\">La presentaci\u00f3n oficial de los ejemplares tendr\u00e1 lugar el pr\u00f3ximo 15 de octubre en la Casa de la Provincia de la Diputaci\u00f3n de Sevilla.<\/p>\n","protected":false},"excerpt":{"rendered":"Casimiro Fern\u00e1ndez y Carolina Morales, diputado provincial y directora del \u00c1rea de Cultura y Ciudadan\u00eda, han mantenido un&hellip;\n","protected":false},"author":2,"featured_media":154927,"comment_status":"","ping_status":"","sticky":false,"template":"","format":"standard","meta":{"footnotes":""},"categories":[5],"tags":[17,18,25,24,13,14,11,19,20,9,10,15,16,23,12,21,22],"class_list":{"0":"post-154926","1":"post","2":"type-post","3":"status-publish","4":"format-standard","5":"has-post-thumbnail","7":"category-titulares","8":"tag-breaking-news","9":"tag-breakingnews","10":"tag-es","11":"tag-espana","12":"tag-featured-news","13":"tag-featurednews","14":"tag-headlines","15":"tag-latest-news","16":"tag-latestnews","17":"tag-news","18":"tag-noticias","19":"tag-noticias-destacadas","20":"tag-noticiasdestacadas","21":"tag-spain","22":"tag-titulares","23":"tag-ultimas-noticias","24":"tag-ultimasnoticias"},"share_on_mastodon":{"url":"","error":""},"_links":{"self":[{"href":"https:\/\/www.europesays.com\/es\/wp-json\/wp\/v2\/posts\/154926","targetHints":{"allow":["GET"]}}],"collection":[{"href":"https:\/\/www.europesays.com\/es\/wp-json\/wp\/v2\/posts"}],"about":[{"href":"https:\/\/www.europesays.com\/es\/wp-json\/wp\/v2\/types\/post"}],"author":[{"embeddable":true,"href":"https:\/\/www.europesays.com\/es\/wp-json\/wp\/v2\/users\/2"}],"replies":[{"embeddable":true,"href":"https:\/\/www.europesays.com\/es\/wp-json\/wp\/v2\/comments?post=154926"}],"version-history":[{"count":0,"href":"https:\/\/www.europesays.com\/es\/wp-json\/wp\/v2\/posts\/154926\/revisions"}],"wp:featuredmedia":[{"embeddable":true,"href":"https:\/\/www.europesays.com\/es\/wp-json\/wp\/v2\/media\/154927"}],"wp:attachment":[{"href":"https:\/\/www.europesays.com\/es\/wp-json\/wp\/v2\/media?parent=154926"}],"wp:term":[{"taxonomy":"category","embeddable":true,"href":"https:\/\/www.europesays.com\/es\/wp-json\/wp\/v2\/categories?post=154926"},{"taxonomy":"post_tag","embeddable":true,"href":"https:\/\/www.europesays.com\/es\/wp-json\/wp\/v2\/tags?post=154926"}],"curies":[{"name":"wp","href":"https:\/\/api.w.org\/{rel}","templated":true}]}}