{"id":154938,"date":"2025-10-03T13:28:08","date_gmt":"2025-10-03T13:28:08","guid":{"rendered":"https:\/\/www.europesays.com\/es\/154938\/"},"modified":"2025-10-03T13:28:08","modified_gmt":"2025-10-03T13:28:08","slug":"el-escritor-palestino-que-ha-ganado-el-maximo-galardon-de-las-letras-arabes-desde-una-carcel-israeli","status":"publish","type":"post","link":"https:\/\/www.europesays.com\/es\/154938\/","title":{"rendered":"El escritor palestino que ha ganado el m\u00e1ximo galard\u00f3n de las letras \u00e1rabes desde una c\u00e1rcel israel\u00ed"},"content":{"rendered":"<p><img decoding=\"async\" src=\"https:\/\/www.europesays.com\/es\/wp-content\/uploads\/2025\/10\/1759498088_38_default.jpg\" itemprop=\"image\" width=\"100%\" alt=\"\"\/><\/p>\n<p><b>Basim Khandaqji<\/b><\/p>\n<p><b>Traductor: <\/b>Alberto L\u00f3pez Oliva<b\/><\/p>\n<p><b>Editorial: <\/b>Hoja de Lata<\/p>\n<p><b>A\u00f1o de publicaci\u00f3n original: <\/b>2024<\/p>\n<p>Cuando se hizo p\u00fablico el fallo y <b>Basim Khandaqji<\/b> gan\u00f3 el <b>Premio Internacional de Ficci\u00f3n \u00c1rabe<\/b>, ni el jurado ni sus lectores sab\u00edan a ciencia cierta cu\u00e1ndo le podr\u00edan transmitir la noticia. Hoy sabemos que conoce el fallo y que, a ra\u00edz del mismo, no tiene ya acceso ni a papel ni m\u00e1s visitas que las de su abogada y sus familiares m\u00e1s cercanos.<\/p>\n<blockquote><p> &#8216;Una m\u00e1scara del color del cielo&#8217; es hoy un s\u00edmbolo de la resistencia palestina <\/p><\/blockquote>\n<p>Una m\u00e1scara del color del cielo es hoy un <b><a title=\"s\u00edmbolo de la resistencia palestina\" href=\"https:\/\/www.lasexta.com\/ahoraqueleo\/libros\/detalle-menor-asesinato-joven-palestina-1948-que-sigue-sangrando-dia-hoy_202311286565cbbd1b48c30001319bb4.html\" target=\"_blank\" rel=\"nofollow noopener\">s\u00edmbolo de la resistencia palestina<\/a><\/b>. Escrito en alg\u00fan momento de los 21 a\u00f1os que su autor lleva en prisi\u00f3n, el autor cumple una pena de tres cadenas perpetuas por pertenecer a una organizaci\u00f3n propalestina laica y de izquierdas, a pesar de que \u00abobservadores internacionales han criticado la falta de garant\u00edas de todo el proceso judicial\u00bb, como rezan la solapas del libro editado por Hoja de Lata.<\/p>\n<p>Convertirse en sionista<\/p>\n<p>Nur intenta sobrevivir en el campo de refugiados de Ramala. Crece a la sombra de la figura de su padre, quien particip\u00f3 en <b><a title=\"la primera intifada\" href=\"https:\/\/www.lasexta.com\/ahoraqueleo\/libros\/este-reputado-periodista-guerra-cuenta-que-conflicto-palestinoisraeli-imposible-solucionar_20241226676951ab4f1fb700019ad21c.html\" target=\"_blank\" rel=\"nofollow noopener\">la primera intifada<\/a><\/b> y que, cuando qued\u00f3 liberado, se encontr\u00f3 con sus antiguos compa\u00f1eros, convertidos en otros, en puestos c\u00f3modos en la <b>Autoridad Nacional Palestina<\/b>. Con su madre fallecida durante su propio parto, el signo de la tragedia parece atravesar la vida de su protagonista. As\u00ed que toma la determinaci\u00f3n de esquivar su mala estrella, intentando enga\u00f1arla bajo otro nombre.<\/p>\n<blockquote><p> El protagonista toma la determinaci\u00f3n de esquivar su mala estrella, intentando enga\u00f1arla bajo otro nombre <\/p><\/blockquote>\n<p>Un viejo abrigo y un documento de identidad israel\u00ed ser\u00e1n el salvoconducto a una nueva vida. Nur empezar\u00e1 a atravesar las fronteras con el documento, a visitar las zonas israel\u00edes y mimetizarse con el <b>entorno sionista<\/b>. Bajo otra identidad, la de Or, conseguir\u00e1 trabajo en una excavaci\u00f3n arqueol\u00f3gica. La oportunidad de ahondar en la historia de su propio pueblo desde la comodidad del invasor.<\/p>\n<p>La m\u00e1scara del ocupante cerrar\u00e1 el abismo entre invasores e invadidos, aunque a un alto coste. Cuanto m\u00e1s tiempo pasa bajo esta nueva ense\u00f1a, m\u00e1s tendr\u00e1 que olvidar los aspectos de su vida original. Su familia, su idioma y su vida en definitiva. Una lucha interior que enlaza directamente con <b><a title=\"la p\u00e9rdida progresiva de identidad del pueblo palestino\" href=\"https:\/\/www.lasexta.com\/ahoraqueleo\/libros\/libro-que-recoge-voces-gaza-pueblo-que-niega-ser-borrado-mapa_20250423680791cf7922a400015050b3.html\" target=\"_blank\" rel=\"nofollow noopener\">la p\u00e9rdida progresiva de identidad del pueblo palestino<\/a><\/b>.<\/p>\n<p>Un escritor a la sombra<\/p>\n<p>Una m\u00e1scara del color del cielo se convierte en una met\u00e1fora que nos habla de distancias insalvables, diferencias que se completan con una narraci\u00f3n que gira en torno a la vida de Nur y la historia de Palestina. Lo que ocurre mientras atraviesa los check points del ej\u00e9rcito israel\u00ed, se da de bruces con la interpretaci\u00f3n de los textos b\u00edblicos, la sombra de los ap\u00f3stoles, mes\u00edas y profetas que pasaron por aquella tierra.<\/p>\n<p>Cuanto ocurre en el yacimiento arqueol\u00f3gico tiene un pie en asentamientos reales que cuentan la historia cambiante de aquella tierra. Si el sionismo trata de convencernos de que aquella tierra fue prometida a sangre y fuego, Khandaqji <b>redirige la narraci\u00f3n<\/b> hacia romanos, soldados mongoles y dem\u00e1s rastros hist\u00f3ricos<b> sepultados por los intereses coloniales<\/b>.<\/p>\n<p>Las palabras de su hermano<\/p>\n<p>Dada la excepcional situaci\u00f3n del escritor, la \u00fanica forma que tenemos de empezar a dibujar sus opiniones es <b>a trav\u00e9s de su hermano Youssef<\/b>, enviadas por la editorial que hoy le publica en nuestro pa\u00eds y que aqu\u00ed reproducimos de forma \u00edntegra:<\/p>\n<p>\u00abComo sabes, querido amigo, la ocupaci\u00f3n extrae confesiones bajo tortura y brutales palizas. S\u00ed, hay injusticia en la historia de Basim, ya que defendi\u00f3 a su pueblo y perdi\u00f3 a muchos de sus amigos. La reacci\u00f3n se agudiz\u00f3 a\u00fan m\u00e1s cuando vio a la ni\u00f1a Iman Hajjo, de Gaza, asesinada por un proyectil de tanque. <b>Basim se ha visto privado de sus derechos m\u00e1s b\u00e1sicos<\/b> hasta el d\u00eda de hoy: sin visitas familiares, sin ropa y con muy poca comida. Puedes comprobarlo con abogados palestinos.<\/p>\n<blockquote><p> \u00abBasim se encuentra bajo una vigilancia que le proh\u00edbe dar conferencias e introducir papeles o bol\u00edgrafos\u00bb <\/p><\/blockquote>\n<p>Basim se encuentra ahora bajo vigilancia por parte de la administraci\u00f3n penitenciaria, que <b>le proh\u00edbe dar conferencias literarias y tampoco le permite introducir papeles o bol\u00edgrafos<\/b>. Las condiciones en las c\u00e1rceles israel\u00edes son extremadamente precarias e insoportables, y muchos presos han perdido la vida en prisi\u00f3n.<\/p>\n<p>Temo que lo ataquen, ya que es un novelista de fama mundial. Recuerdo que cuando su novela <b>gan\u00f3 el Premio Booker<\/b>, lo aislaron de los dem\u00e1s presos, lo sometieron a duros interrogatorios y le impidieron visitar a su abogado\u00bb.<\/p>\n<p>Sigue el <b><a title=\"canal de Ahora Qu\u00e9 Leo en WhatsApp\" href=\"https:\/\/whatsapp.com\/channel\/0029VaRsQjkFsn0ZyeLlFd3n\" target=\"_blank\" rel=\"nofollow noopener\">canal de Ahora Qu\u00e9 Leo en WhatsApp<\/a><\/b> para estar al tanto de todas nuestras rese\u00f1as, reportajes y entrevistas.<\/p>\n","protected":false},"excerpt":{"rendered":"Basim Khandaqji Traductor: Alberto L\u00f3pez Oliva Editorial: Hoja de Lata A\u00f1o de publicaci\u00f3n original: 2024 Cuando se hizo&hellip;\n","protected":false},"author":2,"featured_media":154939,"comment_status":"","ping_status":"","sticky":false,"template":"","format":"standard","meta":{"footnotes":""},"categories":[172],"tags":[224,146,147,25,24,225,23],"class_list":{"0":"post-154938","1":"post","2":"type-post","3":"status-publish","4":"format-standard","5":"has-post-thumbnail","7":"category-libros","8":"tag-books","9":"tag-entertainment","10":"tag-entretenimiento","11":"tag-es","12":"tag-espana","13":"tag-libros","14":"tag-spain"},"share_on_mastodon":{"url":"","error":""},"_links":{"self":[{"href":"https:\/\/www.europesays.com\/es\/wp-json\/wp\/v2\/posts\/154938","targetHints":{"allow":["GET"]}}],"collection":[{"href":"https:\/\/www.europesays.com\/es\/wp-json\/wp\/v2\/posts"}],"about":[{"href":"https:\/\/www.europesays.com\/es\/wp-json\/wp\/v2\/types\/post"}],"author":[{"embeddable":true,"href":"https:\/\/www.europesays.com\/es\/wp-json\/wp\/v2\/users\/2"}],"replies":[{"embeddable":true,"href":"https:\/\/www.europesays.com\/es\/wp-json\/wp\/v2\/comments?post=154938"}],"version-history":[{"count":0,"href":"https:\/\/www.europesays.com\/es\/wp-json\/wp\/v2\/posts\/154938\/revisions"}],"wp:featuredmedia":[{"embeddable":true,"href":"https:\/\/www.europesays.com\/es\/wp-json\/wp\/v2\/media\/154939"}],"wp:attachment":[{"href":"https:\/\/www.europesays.com\/es\/wp-json\/wp\/v2\/media?parent=154938"}],"wp:term":[{"taxonomy":"category","embeddable":true,"href":"https:\/\/www.europesays.com\/es\/wp-json\/wp\/v2\/categories?post=154938"},{"taxonomy":"post_tag","embeddable":true,"href":"https:\/\/www.europesays.com\/es\/wp-json\/wp\/v2\/tags?post=154938"}],"curies":[{"name":"wp","href":"https:\/\/api.w.org\/{rel}","templated":true}]}}