{"id":154944,"date":"2025-10-03T13:33:09","date_gmt":"2025-10-03T13:33:09","guid":{"rendered":"https:\/\/www.europesays.com\/es\/154944\/"},"modified":"2025-10-03T13:33:09","modified_gmt":"2025-10-03T13:33:09","slug":"mv130-la-vacuna-experimental-para-prevenir-el-asma","status":"publish","type":"post","link":"https:\/\/www.europesays.com\/es\/154944\/","title":{"rendered":"MV130, la vacuna experimental para prevenir el asma"},"content":{"rendered":"<p>El asma es una enfermedad respiratoria cr\u00f3nica muy extendida y <strong>en Espa\u00f1a lo padecen entre un 5 y 10 % de la poblaci\u00f3n, <\/strong>lo que supone unos 2,5 millones de personas, de los que, alrededor del 5 %, corresponden a asma grave que no se controla bien con los tratamientos actuales. Una <strong>vacuna experimental<\/strong> <strong>desarrollada en Espa\u00f1a<\/strong> ha mostrado resultados prometedores para prevenir el desarrollo del asma en modelos animales. <strong>\u00d3scar Palomares<\/strong>, investigador de bioqu\u00edmica y biolog\u00eda Molecular de la Universidad, y<strong> Laura Conejero, <\/strong>de la empresa espa\u00f1ola Inmunotek, nos explican todo lo relacionado con esta vacuna. <\/p>\n<p>Adem\u00e1s, vuelve nuestra secci\u00f3n \u201cEl presente de las especies\u201d, donde nuestro compa\u00f1ero <strong>Carlos Alonso Ruiz <\/strong>nos trae las curiosidades del <strong>ornitorrinco<\/strong>.<\/p>\n","protected":false},"excerpt":{"rendered":"El asma es una enfermedad respiratoria cr\u00f3nica muy extendida y en Espa\u00f1a lo padecen entre un 5 y&hellip;\n","protected":false},"author":2,"featured_media":154945,"comment_status":"","ping_status":"","sticky":false,"template":"","format":"standard","meta":{"footnotes":""},"categories":[92],"tags":[2519,25,24,165,46524,46523,133,1448,1986,1987,166,23],"class_list":{"0":"post-154944","1":"post","2":"type-post","3":"status-publish","4":"format-standard","5":"has-post-thumbnail","7":"category-salud","8":"tag-a-golpe-de-bit","9":"tag-es","10":"tag-espana","11":"tag-health","12":"tag-la-vacuna-experimental-para-prevenir-el-asma","13":"tag-mv130","14":"tag-online","15":"tag-radio","16":"tag-rne","17":"tag-rtve-play","18":"tag-salud","19":"tag-spain"},"share_on_mastodon":{"url":"","error":""},"_links":{"self":[{"href":"https:\/\/www.europesays.com\/es\/wp-json\/wp\/v2\/posts\/154944","targetHints":{"allow":["GET"]}}],"collection":[{"href":"https:\/\/www.europesays.com\/es\/wp-json\/wp\/v2\/posts"}],"about":[{"href":"https:\/\/www.europesays.com\/es\/wp-json\/wp\/v2\/types\/post"}],"author":[{"embeddable":true,"href":"https:\/\/www.europesays.com\/es\/wp-json\/wp\/v2\/users\/2"}],"replies":[{"embeddable":true,"href":"https:\/\/www.europesays.com\/es\/wp-json\/wp\/v2\/comments?post=154944"}],"version-history":[{"count":0,"href":"https:\/\/www.europesays.com\/es\/wp-json\/wp\/v2\/posts\/154944\/revisions"}],"wp:featuredmedia":[{"embeddable":true,"href":"https:\/\/www.europesays.com\/es\/wp-json\/wp\/v2\/media\/154945"}],"wp:attachment":[{"href":"https:\/\/www.europesays.com\/es\/wp-json\/wp\/v2\/media?parent=154944"}],"wp:term":[{"taxonomy":"category","embeddable":true,"href":"https:\/\/www.europesays.com\/es\/wp-json\/wp\/v2\/categories?post=154944"},{"taxonomy":"post_tag","embeddable":true,"href":"https:\/\/www.europesays.com\/es\/wp-json\/wp\/v2\/tags?post=154944"}],"curies":[{"name":"wp","href":"https:\/\/api.w.org\/{rel}","templated":true}]}}