{"id":154952,"date":"2025-10-03T13:37:10","date_gmt":"2025-10-03T13:37:10","guid":{"rendered":"https:\/\/www.europesays.com\/es\/154952\/"},"modified":"2025-10-03T13:37:10","modified_gmt":"2025-10-03T13:37:10","slug":"los-jovenes-marroquies-exigen-la-destitucion-del-primer-ministro-y-la-convocatoria-de-elecciones-abajo-el-gobierno","status":"publish","type":"post","link":"https:\/\/www.europesays.com\/es\/154952\/","title":{"rendered":"Los j\u00f3venes marroqu\u00edes exigen la destituci\u00f3n del primer ministro y la convocatoria de elecciones: \u00abAbajo el Gobierno\u00bb"},"content":{"rendered":"<p style=\"\">El grupo que lidera las protestas masivas en Marruecos pidi\u00f3 el viernes la destituci\u00f3n del gobierno, tras una semana de de disturbios que de momento, han dejado tres muertos.<\/p>\n<p style=\"\">La demanda se produjo despu\u00e9s de que nuevas manifestaciones exigiendo reformas en los sectores de salud  &#8230; y educaci\u00f3n tuvieron lugar en todo el reino el jueves, un sexto d\u00eda consecutivo de protestas en gran medida pac\u00edficas marcadas por oleadas de violencia.<\/p>\n<p class=\"voc-p\" style=\"\">\u00abExigimos la destituci\u00f3n del actual gobierno por no proteger los derechos constitucionales de los marroqu\u00edes ni responder a sus demandas sociales\u00bb, afirm\u00f3 el grupo de protesta<a href=\"https:\/\/www.abc.es\/internacional\/marruecos-disuelve-fuerza-varias-manifestaciones-convocadas-jovenes-20250929104203-nt.html\" target=\"_self\" data-voc-vtm-id=\"in-text-traffic\" title=\" GenZ 212.\" data-mrf-link=\"www.abc.es\" rel=\"nofollow noopener\"> GenZ 212.<\/a><\/p>\n<p class=\"voc-p\" style=\"\">El grupo, cuyos organizadores siguen siendo desconocidos, tambi\u00e9n exigi\u00f3 \u00abla liberaci\u00f3n de todos los detenidos en relaci\u00f3n con las protestas pac\u00edficas\u00bb.<\/p>\n<p class=\"voc-p\" style=\"\">\u00abVoy a seguir manifest\u00e1ndome hasta que caiga el Gobierno. Tienen que convocar elecciones\u00bb, asegura una de las participantes en estas manifestaciones desde Casablanca.<\/p>\n<p class=\"voc-p\" style=\"\">El jueves por la noche, tras la reuni\u00f3n del Consejo de Gobierno, el primer ministro marroqu\u00ed <strong>Aziz Ajanuch<\/strong> hizo su primera aparici\u00f3n p\u00fablica y pronunci\u00f3 sus primeras palabras sobre las revueltas en el pa\u00eds. \u00abEl di\u00e1logo sigue siendo la \u00fanica v\u00eda para afrontar los desaf\u00edos que enfrentan nuestro pa\u00eds\u00bb, dijo.  <\/p>\n<p class=\"voc-p\" style=\"\">El primer ministro tambi\u00e9n lament\u00f3 la muerte de tres personas  durante las protestas de la noche anterior, calificando los acontecimientos de \u00ablamentables\u00bb.<\/p>\n<p class=\"voc-p\" style=\"\">Las manifestaciones en un pa\u00eds habitualmente estable han estado alimentadas por la ira por la desigualdad social, en particular despu\u00e9s de que el mes pasado se supiera que ocho mujeres embarazadas murieron en un hospital p\u00fablico de la ciudad de Agadir.<\/p>\n<p class=\"voc-p\" style=\"\">Muchos marroqu\u00edes consideran que se deben mejorar los sectores de la salud p\u00fablica y la educaci\u00f3n a medida que el reino avanza con importantes proyectos de infraestructura para albergar la Copa Africana de Naciones en diciembre y parte de la Copa Mundial de 2030.<\/p>\n<p class=\"voc-p\" style=\"\">GenZ 212 dijo que basaba su demanda de destituci\u00f3n del gobierno en un art\u00edculo de la constituci\u00f3n que \u00abotorga a Su Majestad el Rey el poder de nombrar y destituir al Primer Ministro y a los miembros del gobierno\u00bb.<\/p>\n<p>\n\u00abSalud y no solo estadios\u00bb\n<\/p>\n<p class=\"voc-p\" style=\"\">El grupo ha utilizado en gran medida la plataforma de mensajer\u00eda en l\u00ednea Discord para difundir sus llamados a la protesta y se ha distanciado repetidamente de la violencia y el vandalismo observados en algunas ciudades.<\/p>\n<p class=\"voc-p\" style=\"\">En la capital, Rabat, manifestantes con banderas marroqu\u00edes exigieron este jueves \u00absalud y no s\u00f3lo estadios\u00bb, seg\u00fan un periodista de la AFP, que precis\u00f3 que no hubo incidentes violentos.<\/p>\n<p class=\"voc-p\" style=\"\">Se registraron otras manifestaciones en Casablanca, Marrakech y Agadir, tambi\u00e9n sin se\u00f1ales de disturbios.<\/p>\n<p class=\"voc-p\" style=\"\">Un portavoz del Ministerio del Interior dijo que los tres manifestantes murieron despu\u00e9s de intentar asaltar una comisar\u00eda local el mi\u00e9rcoles por la noche.<\/p>\n<p class=\"voc-p\" style=\"\">Las autoridades hab\u00edan dicho inicialmente que dos manifestantes murieron cuando los agentes abrieron fuego contra un grupo de manifestantes a los que acusaron de poseer \u00abarmas blancas\u00bb y dijeron que hab\u00edan intentado \u00abasaltar\u00bb la estaci\u00f3n cerca de Agadir.<\/p>\n<p class=\"voc-p\" style=\"\">El ministro de Salud, <strong>Amine Tehraoui<\/strong>, dijo en un discurso ante el Parlamento el mi\u00e9rcoles que varias reformas estaban en marcha, pero reconoci\u00f3 que \u00abtodav\u00eda eran insuficientes para cerrar las brechas del sector\u00bb.<\/p>\n<p class=\"voc-p\" style=\"\">Desde que comenzaron las manifestaciones, cientos de personas, en su mayor\u00eda j\u00f3venes, han sido detenidas.<\/p>\n<p class=\"voc-p\" style=\"\">GenZ 212 ha instado a los manifestantes a no ejercer la violencia y ha pedido que las protestas del jueves sean pac\u00edficas \u00abcomo parte de una expresi\u00f3n civilizada y responsable de nuestras demandas\u00bb.<\/p>\n<p class=\"voc-p\" style=\"\">Hasta el mi\u00e9rcoles por la noche, m\u00e1s de 400 personas hab\u00edan sido arrestadas durante las manifestaciones y casi 300 personas, principalmente de las fuerzas de seguridad, resultaron heridas, seg\u00fan el Ministerio del Interior.<\/p>\n<p class=\"voc-p\" style=\"\">El ministerio tambi\u00e9n dijo que 80 establecimientos p\u00fablicos y privados fueron vandalizados y agreg\u00f3 que los manifestantes tambi\u00e9n da\u00f1aron cientos de autom\u00f3viles.<\/p>\n<p class=\"voc-p\" style=\"\">Est\u00e1 previsto que unas 134 personas, seis de ellas detenidas, sean juzgadas pr\u00f3ximamente en Rabat, seg\u00fan los abogados.<\/p>\n<p class=\"voc-p\" style=\"\">Los manifestantes han pedido \u00abla ca\u00edda de la corrupci\u00f3n\u00bb as\u00ed como \u00ablibertad, dignidad y justicia social\u00bb. A pesar de sus llamamientos a la protesta, GenZ 212 tambi\u00e9n ha afirmado <strong>su \u00abamor por la patria y el rey\u00bb,<\/strong> en referencia al monarca marroqu\u00ed Mohammed VI . Sin embargo, dice que se opone a algunos partidos pol\u00edticos.<\/p>\n<p class=\"voc-p\" style=\"\">Se han producido enfrentamientos en algunas ciudades, incluida Sidi Bibi, cerca de Agadir, donde los manifestantes incendiaron las oficinas de la sede de la comuna local, seg\u00fan informes de los medios de comunicaci\u00f3n y v\u00eddeos en las redes sociales.<\/p>\n<p class=\"voc-p\" style=\"\">En la ciudad de Sal\u00e9, al norte de la capital, Rabat, un periodista de la AFP vio a manifestantes encapuchados incendiar dos coches de polic\u00eda y una sucursal bancaria.<\/p>\n<p class=\"voc-p\" style=\"\">\u00abLos j\u00f3venes que vi vandalizando y rompiendo cosas en Sale no tienen nada que ver con GenZ 212\u00bb, dijo el residente Hicham Madani. \u00abSon j\u00f3venes matones que vinieron con intenci\u00f3n de hacer vandalismo\u00bb.<\/p>\n","protected":false},"excerpt":{"rendered":"El grupo que lidera las protestas masivas en Marruecos pidi\u00f3 el viernes la destituci\u00f3n del gobierno, tras una&hellip;\n","protected":false},"author":2,"featured_media":154953,"comment_status":"","ping_status":"","sticky":false,"template":"","format":"standard","meta":{"footnotes":""},"categories":[42],"tags":[34879,17,18,8461,30431,4374,29455,13,14,582,11,61,62,63,64,433,19,20,46526,7459,9,10,15,16,977,12,21,22,65,66,67],"class_list":{"0":"post-154952","1":"post","2":"type-post","3":"status-publish","4":"format-standard","5":"has-post-thumbnail","7":"category-internacional","8":"tag-abajo","9":"tag-breaking-news","10":"tag-breakingnews","11":"tag-convocatoria","12":"tag-destitucion","13":"tag-elecciones","14":"tag-exigen","15":"tag-featured-news","16":"tag-featurednews","17":"tag-gobierno","18":"tag-headlines","19":"tag-internacional","20":"tag-international","21":"tag-international-news","22":"tag-internationalnews","23":"tag-jovenes","24":"tag-latest-news","25":"tag-latestnews","26":"tag-marroquies","27":"tag-ministro","28":"tag-news","29":"tag-noticias","30":"tag-noticias-destacadas","31":"tag-noticiasdestacadas","32":"tag-primer","33":"tag-titulares","34":"tag-ultimas-noticias","35":"tag-ultimasnoticias","36":"tag-world","37":"tag-world-news","38":"tag-worldnews"},"share_on_mastodon":{"url":"","error":""},"_links":{"self":[{"href":"https:\/\/www.europesays.com\/es\/wp-json\/wp\/v2\/posts\/154952","targetHints":{"allow":["GET"]}}],"collection":[{"href":"https:\/\/www.europesays.com\/es\/wp-json\/wp\/v2\/posts"}],"about":[{"href":"https:\/\/www.europesays.com\/es\/wp-json\/wp\/v2\/types\/post"}],"author":[{"embeddable":true,"href":"https:\/\/www.europesays.com\/es\/wp-json\/wp\/v2\/users\/2"}],"replies":[{"embeddable":true,"href":"https:\/\/www.europesays.com\/es\/wp-json\/wp\/v2\/comments?post=154952"}],"version-history":[{"count":0,"href":"https:\/\/www.europesays.com\/es\/wp-json\/wp\/v2\/posts\/154952\/revisions"}],"wp:featuredmedia":[{"embeddable":true,"href":"https:\/\/www.europesays.com\/es\/wp-json\/wp\/v2\/media\/154953"}],"wp:attachment":[{"href":"https:\/\/www.europesays.com\/es\/wp-json\/wp\/v2\/media?parent=154952"}],"wp:term":[{"taxonomy":"category","embeddable":true,"href":"https:\/\/www.europesays.com\/es\/wp-json\/wp\/v2\/categories?post=154952"},{"taxonomy":"post_tag","embeddable":true,"href":"https:\/\/www.europesays.com\/es\/wp-json\/wp\/v2\/tags?post=154952"}],"curies":[{"name":"wp","href":"https:\/\/api.w.org\/{rel}","templated":true}]}}