{"id":154954,"date":"2025-10-03T13:38:13","date_gmt":"2025-10-03T13:38:13","guid":{"rendered":"https:\/\/www.europesays.com\/es\/154954\/"},"modified":"2025-10-03T13:38:13","modified_gmt":"2025-10-03T13:38:13","slug":"el-programa-verano-joven-termina-con-68-millones-de-viajes","status":"publish","type":"post","link":"https:\/\/www.europesays.com\/es\/154954\/","title":{"rendered":"El programa Verano Joven termina con 6,8 millones de viajes"},"content":{"rendered":"<p>El programa <strong>Verano Joven<\/strong> del Ministerio de Transportes y Movilidad Sostenible ha finalizado la edici\u00f3n de 2025 con un r\u00e9cord de viajes. Entre el 1 de julio y el 30 de septiembre, el programa ha registrado un total de <strong>6,8 millones de desplazamientos<\/strong> con descuentos, un <strong>30% m\u00e1s que en 2024<\/strong>, seg\u00fan los <a href=\"https:\/\/www.transportes.gob.es\/el-ministerio\/sala-de-prensa\/noticias\/vie-03102025-1228\" target=\"_blank\" rel=\"nofollow noopener\">datos publicados por el Ministerio<\/a>. <\/p>\n<p>El Verano Joven, que ha cumplido su tercera edici\u00f3n, tiene el objetivo de promover el uso del transporte p\u00fablico entre los j\u00f3venes para que puedan viajar a trav\u00e9s de Espa\u00f1a \u00abde una forma eficiente, segura y sostenible\u00bb. <\/p>\n<p>Adem\u00e1s, en n\u00fameros totales de viajeros, la iniciativa este a\u00f1o ha alcanzado a <strong>1.550.562 j\u00f3venes<\/strong> de <strong>entre 18 y 30<\/strong> <strong>a\u00f1os<\/strong>. Este dato supone <strong>un 10% m\u00e1s<\/strong> que en la edici\u00f3n del a\u00f1o pasado. La media ha sido de 4,6 viajes por persona.<\/p>\n<p>Mayor uso entre los j\u00f3venes<\/p>\n<p>El programa est\u00e1 m\u00e1s extendido entre los m\u00e1s j\u00f3venes, aquellos que tienen entre 18 y 23 a\u00f1os, representando al 57,3% del total de viajeros. Asimismo, unos <strong>115.947 usuarios son de nacionalidad extranjera<\/strong>. <\/p>\n<p>Los destinos m\u00e1s demandados dentro de Espa\u00f1a son Madrid, Andaluc\u00eda, Valencia y Catalu\u00f1a, ya que el 62% de los viajes tienen su origen o destino en estas comunidades aut\u00f3nomas. <\/p>\n<p>Las diez rutas m\u00e1s demandadas en ferrocarril son Madrid &#8211; Valencia, Barcelona &#8211; Madrid, M\u00e1laga &#8211; Madrid y trayectos entre Madrid &#8211; Sevilla y Madrid &#8211; Alicante. <\/p>\n<p>Por otro lado, las diez rutas m\u00e1s utilizadas en autob\u00fas son Bilbao &#8211; Madrid, Granada &#8211; Madrid, Zaragoza &#8211; Madrid y otros trayectos como Barcelona &#8211; Valencia y Madrid &#8211; Burgos.<\/p>\n<p>De todos los <strong>viajes<\/strong>, <strong>el 66% se ha realizado en ferrocarril<\/strong> y el resto en autobuses. En cuanto a los pases de Interrail, se han emitido a trav\u00e9s de la web de Renfe m\u00e1s de 6.000 billetes con descuentos. Los d\u00edas que m\u00e1s viajes ha habido, superando los 100.000 viajes, han sido los tres \u00faltimos fines de semana de septiembre. <\/p>\n<p>Descuentos desde el 50% hasta el 90%<\/p>\n<p>El programa ofrece diferentes tipos de descuentos seg\u00fan la modalidad de transporte. De este modo, la rebaja ha sido del <strong>90% para los servicios de media<\/strong> <strong>distancia <\/strong>convencional y en red de ancho m\u00e9trico y para los servicios de autob\u00fas regular de competencia estatal. <\/p>\n<p>Adem\u00e1s, un <strong>descuento del 50% para los billetes sencillos<\/strong> <strong>de Avant<\/strong> y para los servicios comerciales de larga distancia o alta velocidad de todos los operadores ferroviarios. En este caso, con un m\u00e1ximo de 30 euros por billete. <\/p>\n<p>Por otro lado, el descuento tambi\u00e9n era del 50% para el Global Flexible de Interrail de diez d\u00edas en dos meses, cuando se comercialice a trav\u00e9s de Renfe. La rebaja se ha aplicado sobre las tarifas oficiales de Interrail. <\/p>\n","protected":false},"excerpt":{"rendered":"El programa Verano Joven del Ministerio de Transportes y Movilidad Sostenible ha finalizado la edici\u00f3n de 2025 con&hellip;\n","protected":false},"author":2,"featured_media":154955,"comment_status":"","ping_status":"","sticky":false,"template":"","format":"standard","meta":{"footnotes":""},"categories":[8],"tags":[17,18,25,24,13,14,11,19,20,9,10,15,16,23,12,21,22],"class_list":{"0":"post-154954","1":"post","2":"type-post","3":"status-publish","4":"format-standard","5":"has-post-thumbnail","7":"category-espana","8":"tag-breaking-news","9":"tag-breakingnews","10":"tag-es","11":"tag-espana","12":"tag-featured-news","13":"tag-featurednews","14":"tag-headlines","15":"tag-latest-news","16":"tag-latestnews","17":"tag-news","18":"tag-noticias","19":"tag-noticias-destacadas","20":"tag-noticiasdestacadas","21":"tag-spain","22":"tag-titulares","23":"tag-ultimas-noticias","24":"tag-ultimasnoticias"},"share_on_mastodon":{"url":"","error":""},"_links":{"self":[{"href":"https:\/\/www.europesays.com\/es\/wp-json\/wp\/v2\/posts\/154954","targetHints":{"allow":["GET"]}}],"collection":[{"href":"https:\/\/www.europesays.com\/es\/wp-json\/wp\/v2\/posts"}],"about":[{"href":"https:\/\/www.europesays.com\/es\/wp-json\/wp\/v2\/types\/post"}],"author":[{"embeddable":true,"href":"https:\/\/www.europesays.com\/es\/wp-json\/wp\/v2\/users\/2"}],"replies":[{"embeddable":true,"href":"https:\/\/www.europesays.com\/es\/wp-json\/wp\/v2\/comments?post=154954"}],"version-history":[{"count":0,"href":"https:\/\/www.europesays.com\/es\/wp-json\/wp\/v2\/posts\/154954\/revisions"}],"wp:featuredmedia":[{"embeddable":true,"href":"https:\/\/www.europesays.com\/es\/wp-json\/wp\/v2\/media\/154955"}],"wp:attachment":[{"href":"https:\/\/www.europesays.com\/es\/wp-json\/wp\/v2\/media?parent=154954"}],"wp:term":[{"taxonomy":"category","embeddable":true,"href":"https:\/\/www.europesays.com\/es\/wp-json\/wp\/v2\/categories?post=154954"},{"taxonomy":"post_tag","embeddable":true,"href":"https:\/\/www.europesays.com\/es\/wp-json\/wp\/v2\/tags?post=154954"}],"curies":[{"name":"wp","href":"https:\/\/api.w.org\/{rel}","templated":true}]}}