{"id":154956,"date":"2025-10-03T13:39:08","date_gmt":"2025-10-03T13:39:08","guid":{"rendered":"https:\/\/www.europesays.com\/es\/154956\/"},"modified":"2025-10-03T13:39:08","modified_gmt":"2025-10-03T13:39:08","slug":"casi-1-600-millones-de-euros-de-fondos-de-la-ue-ayudaran-a-espana-a-recuperarse-de-las-devastadoras-inundaciones-en-valencia","status":"publish","type":"post","link":"https:\/\/www.europesays.com\/es\/154956\/","title":{"rendered":"Casi 1 600 millones de euros de fondos de la UE ayudar\u00e1n a Espa\u00f1a a recuperarse de las devastadoras inundaciones en Valencia"},"content":{"rendered":"<p>La Comisi\u00f3n Europea ha propuesto al Parlamento Europeo y al Consejo asignar a Espa\u00f1a una ayuda de 945 millones de euros del Fondo de Solidaridad de la UE (FSUE) para apoyar la recuperaci\u00f3n tras las destructivas inundaciones de la DANA de octubre de 2024 en Valencia.<\/p>\n<p>Adem\u00e1s, la Comisi\u00f3n ha aprobado la reasignaci\u00f3n de 645 millones de euros de los fondos de la pol\u00edtica de cohesi\u00f3n de Espa\u00f1a a trav\u00e9s del <a href=\"https:\/\/ec.europa.eu\/regional_policy\/whats-new\/newsroom\/18-12-2024-commission-welcomes-adoption-of-restore-proposal-helping-member-states-recover-from-climate-related-disasters_en\" rel=\"nofollow noopener\" target=\"_blank\">mecanismo RESTORE<\/a>, para complementar la ayuda del FSUE e impulsar el apoyo europeo en estos esfuerzos de recuperaci\u00f3n.\u00a0<\/p>\n<p>La ayuda propuesta del FSUE para Espa\u00f1a representa la segunda mayor asignaci\u00f3n desde la creaci\u00f3n del Fondo en 2002, tras los 1\u00a0200 millones de euros concedidos a Italia por los terremotos de 2015-2016. La Comisi\u00f3n ya pag\u00f3 a Espa\u00f1a un anticipo de 100 millones de euros en abril de 2025 para ayudar a poner en marcha las operaciones de recuperaci\u00f3n.\u00a0<\/p>\n<p>La DANA \u2014acr\u00f3nimo de \u00abdepresi\u00f3n aislada en niveles altos\u00bb\u2014 de octubre de 2024 golpe\u00f3 a la regi\u00f3n valenciana con lluvias torrenciales incesantes, provocando graves inundaciones que causaron la tr\u00e1gica muerte de m\u00e1s de 230 personas y graves da\u00f1os en viviendas, escuelas, hospitales, redes de transporte y empresas.\u00a0<\/p>\n<p>La presidenta Ursula <strong>von der Leyen<\/strong> ha declarado: \u00abLa devastaci\u00f3n que presenciamos hace casi un a\u00f1o en la Comunidad Valenciana y en toda Espa\u00f1a conmovi\u00f3 profundamente a Europa. Esta cat\u00e1strofe clim\u00e1tica nos uni\u00f3 en un dolor y una solidaridad compartidos. Me reun\u00ed con representantes de las familias que perdieron a sus seres queridos en las inundaciones de la DANA y pude sentir su dolor. Hoy hemos decidido movilizar casi 1\u00a0600 millones de euros de fondos europeos para apoyar la labor vital de recuperaci\u00f3n, reparaci\u00f3n y reconstrucci\u00f3n. Este compromiso refleja nuestra determinaci\u00f3n de ayudar a los Estados miembros a aumentar su resiliencia y poder hacer frente a futuras crisis. En los momentos dif\u00edciles, Europa encuentra su verdadera fuerza en la unidad\u00bb.<\/p>\n<p>Como principal instrumento de ayuda de la UE tras las cat\u00e1strofes, el FSUE cubrir\u00e1 una amplia gama de esfuerzos de recuperaci\u00f3n, como la reparaci\u00f3n de infraestructuras, la provisi\u00f3n de alojamiento temporal, el refuerzo de las infraestructuras preventivas, la conservaci\u00f3n de los sitios del patrimonio cultural y la realizaci\u00f3n de operaciones de limpieza.\u00a0<\/p>\n<p>Por su parte, los fondos reasignados RESTORE servir\u00e1n para reconstruir las infraestructuras p\u00fablicas da\u00f1adas \u2014incluidas las carreteras, las l\u00edneas de metro y los centros sanitarios y educativos\u2014, aplicar medidas de mitigaci\u00f3n y adaptaci\u00f3n al cambio clim\u00e1tico (como las inversiones para restaurar los ecosistemas afectados por las inundaciones) y financiar a las peque\u00f1as y medianas empresas para que reanuden r\u00e1pidamente su actividad. Estos fondos RESTORE se beneficiar\u00e1n de un porcentaje de cofinanciaci\u00f3n de la UE de hasta el 95\u00a0% de los gastos subvencionables. Los fondos del FSUE y de RESTORE financiar\u00e1n medidas de emergencia con car\u00e1cter retroactivo desde el primer d\u00eda en que la tormenta DANA caus\u00f3 da\u00f1os.\u00a0<\/p>\n<p>\u00a0<\/p>\n<p><strong>Pr\u00f3ximas etapas<\/strong><\/p>\n<p>Una vez que el Parlamento Europeo y el Consejo aprueben la propuesta de la Comisi\u00f3n para la movilizaci\u00f3n del FSUE, el saldo restante (la asignaci\u00f3n total menos la prefinanciaci\u00f3n ya abonada) se desembolsar\u00e1 en un pago \u00fanico. En cuanto a los fondos RESTORE, los pagos se efectuar\u00e1n progresivamente sobre la base de los gastos.\u00a0<\/p>\n<p>\u00a0<\/p>\n<p><strong>Antecedentes<\/strong><\/p>\n<p>El Fondo de Solidaridad de la UE es un instrumento clave para apoyar la recuperaci\u00f3n tras una cat\u00e1strofe tanto en los Estados miembros como en los pa\u00edses candidatos. Desde su creaci\u00f3n en 2002, el Fondo ha movilizado m\u00e1s de 10\u00a0000 millones de euros en respuesta a 144 cat\u00e1strofes (124 cat\u00e1strofes naturales y 20 emergencias sanitarias) en veinticuatro Estados miembros (m\u00e1s el Reino Unido) y cuatro pa\u00edses en v\u00edas de adhesi\u00f3n.\u00a0<\/p>\n<p>La nueva legislaci\u00f3n <a href=\"https:\/\/ec.europa.eu\/regional_policy\/whats-new\/newsroom\/18-12-2024-commission-welcomes-adoption-of-restore-proposal-helping-member-states-recover-from-climate-related-disasters_en\" rel=\"nofollow noopener\" target=\"_blank\">RESTORE<\/a> adoptada en diciembre de 2024 permite a los Estados miembros complementar la ayuda del FSUE con los fondos de la pol\u00edtica de cohesi\u00f3n. La iniciativa ofrece un porcentaje de cofinanciaci\u00f3n de la UE del 95\u00a0% y una prefinanciaci\u00f3n del 25\u00a0% para las medidas de recuperaci\u00f3n.\u00a0<\/p>\n<p>\u00a0<\/p>\n<p><strong>Declaraciones de los miembros del Colegio de Comisarios<\/strong><\/p>\n<p>La presidenta Ursula <strong>von der Leyen<\/strong> ha declarado:\u00a0<\/p>\n<blockquote>\n<p>\u00abLa devastaci\u00f3n sin precedentes provocada por esta cat\u00e1strofe clim\u00e1tica ha dejado una huella indeleble en nuestros corazones, uniendo a toda Europa en un dolor y una solidaridad compartidos. La abrumadora magnitud del sufrimiento humano observado en la Comunidad Valenciana y en toda Espa\u00f1a nos ha conmovido profundamente. Hoy hemos decidido movilizar casi 1\u00a0600 millones de euros de fondos europeos para apoyar la labor vital de recuperaci\u00f3n, reparaci\u00f3n y reconstrucci\u00f3n. Esto tambi\u00e9n demuestra nuestra determinaci\u00f3n a la hora de ayudar a nuestros Estados miembros para que puedan hacer frente a futuras crisis con una mayor resiliencia. En los momentos dif\u00edciles, Europa encuentra su verdadera fuerza en la unidad. Estamos al lado de nuestros hermanos y hermanas espa\u00f1oles en estos momentos de necesidad\u00bb.<\/p>\n<\/blockquote>\n<p>\u00a0<\/p>\n<p>Raffaele <strong>Fitto<\/strong>, vicepresidente ejecutivo de Cohesi\u00f3n y Reformas, ha declarado:\u00a0<\/p>\n<blockquote>\n<p>\u00abLa DANA de octubre de 2024 fue una tragedia que se cobr\u00f3 vidas y dej\u00f3 una profunda huella en las comunidades. La UE est\u00e1 con Espa\u00f1a, no solo con palabras, sino con apoyo concreto. Estamos movilizando recursos para ayudar a reconstruir escuelas, hospitales, carreteras y empresas. La pol\u00edtica de cohesi\u00f3n es la respuesta de Europa a los retos regionales: refuerza a las regiones proporcionando herramientas para el desarrollo territorial e invirtiendo en prevenci\u00f3n y resiliencia, a fin de mitigar los riesgos futuros\u00bb.<\/p>\n<\/blockquote>\n","protected":false},"excerpt":{"rendered":"La Comisi\u00f3n Europea ha propuesto al Parlamento Europeo y al Consejo asignar a Espa\u00f1a una ayuda de 945&hellip;\n","protected":false},"author":2,"featured_media":154957,"comment_status":"","ping_status":"","sticky":false,"template":"","format":"standard","meta":{"footnotes":""},"categories":[5],"tags":[17,18,1708,25,24,13,14,11,19,20,9,10,15,16,23,12,21,22],"class_list":{"0":"post-154956","1":"post","2":"type-post","3":"status-publish","4":"format-standard","5":"has-post-thumbnail","7":"category-titulares","8":"tag-breaking-news","9":"tag-breakingnews","10":"tag-comision-europea","11":"tag-es","12":"tag-espana","13":"tag-featured-news","14":"tag-featurednews","15":"tag-headlines","16":"tag-latest-news","17":"tag-latestnews","18":"tag-news","19":"tag-noticias","20":"tag-noticias-destacadas","21":"tag-noticiasdestacadas","22":"tag-spain","23":"tag-titulares","24":"tag-ultimas-noticias","25":"tag-ultimasnoticias"},"share_on_mastodon":{"url":"","error":""},"_links":{"self":[{"href":"https:\/\/www.europesays.com\/es\/wp-json\/wp\/v2\/posts\/154956","targetHints":{"allow":["GET"]}}],"collection":[{"href":"https:\/\/www.europesays.com\/es\/wp-json\/wp\/v2\/posts"}],"about":[{"href":"https:\/\/www.europesays.com\/es\/wp-json\/wp\/v2\/types\/post"}],"author":[{"embeddable":true,"href":"https:\/\/www.europesays.com\/es\/wp-json\/wp\/v2\/users\/2"}],"replies":[{"embeddable":true,"href":"https:\/\/www.europesays.com\/es\/wp-json\/wp\/v2\/comments?post=154956"}],"version-history":[{"count":0,"href":"https:\/\/www.europesays.com\/es\/wp-json\/wp\/v2\/posts\/154956\/revisions"}],"wp:featuredmedia":[{"embeddable":true,"href":"https:\/\/www.europesays.com\/es\/wp-json\/wp\/v2\/media\/154957"}],"wp:attachment":[{"href":"https:\/\/www.europesays.com\/es\/wp-json\/wp\/v2\/media?parent=154956"}],"wp:term":[{"taxonomy":"category","embeddable":true,"href":"https:\/\/www.europesays.com\/es\/wp-json\/wp\/v2\/categories?post=154956"},{"taxonomy":"post_tag","embeddable":true,"href":"https:\/\/www.europesays.com\/es\/wp-json\/wp\/v2\/tags?post=154956"}],"curies":[{"name":"wp","href":"https:\/\/api.w.org\/{rel}","templated":true}]}}