{"id":154966,"date":"2025-10-03T13:48:13","date_gmt":"2025-10-03T13:48:13","guid":{"rendered":"https:\/\/www.europesays.com\/es\/154966\/"},"modified":"2025-10-03T13:48:13","modified_gmt":"2025-10-03T13:48:13","slug":"alberto-jimenez-capitan-castellon-sporting","status":"publish","type":"post","link":"https:\/\/www.europesays.com\/es\/154966\/","title":{"rendered":"ALBERTO JIMENEZ CAPITAN CASTELLON &#8211; SPORTING"},"content":{"rendered":"<p class=\"ft-text ft-helper-closenews\"><a class=\"ft-link ft-link--decoration\" href=\"https:\/\/www.elperiodicomediterraneo.com\/tags\/alberto-jimenez\/\" target=\"_blank\" rel=\"nofollow noopener\">Alberto Jim\u00e9nez <\/a>tiene potestad y galones para hablar de todo lo que acontece en el<a class=\"ft-link ft-link--decoration\" href=\"https:\/\/www.elperiodicomediterraneo.com\/tags\/cd-castellon\/\" target=\"_blank\" rel=\"nofollow noopener\"> CD Castell\u00f3n<\/a>. El central de Fuerteventura (La Oliva, 15 de noviembre de 1992) es uno de los capitanes del primer equipo en la presente temporada 2025\/26 en <a class=\"ft-link ft-link--decoration\" href=\"https:\/\/www.elperiodicomediterraneo.com\/tags\/segunda-division-a\/\" target=\"_blank\" rel=\"nofollow noopener\">Segunda Divisi\u00f3n<\/a> y, como tal, es conocedor a la perfecci\u00f3n de la situaci\u00f3n del equipo y tiene la capacidad para hacer un an\u00e1lisis detallado de c\u00f3mo ha sido el arranque liguero del equipo.<\/p>\n<p class=\"ft-text\">Un inicio que no ha sido el esperado, pero que <a class=\"ft-link ft-link--decoration\" href=\"https:\/\/www.elperiodicomediterraneo.com\/cd-castellon\/2025\/09\/30\/pablo-hernandez-castellon-entrenador-122097448.html\" target=\"_blank\" rel=\"nofollow noopener\">desde la llegada de Pablo Hern\u00e1ndez al banquillo ha dado un giro radical,<\/a> con dos victorias en las dos \u00faltimas salidas a <strong>Le\u00f3n <\/strong>y <strong>Legan\u00e9s<\/strong>, y con un equipo \u00abcompacto\u00bb y que ofrece sensaciones distintas a las anteriores. \u00abPablo le ha dado al equipo ese plus que quiz\u00e1s le faltaba. \u00c9l ha jugado muchos partidos y ha estado en muchos vestuarios, y eso se nota a la hora de preparar los partidos y en los entrenamientos. Estamos contentos con las dos victorias que acabamos de sumar, pero no son suficientes porque esto acaba de empezar y no hemos hecho nada a\u00fan\u00bb, explic\u00f3 el central.<\/p>\n<p class=\"ft-text\">\u00abTenemos ganas de que llegue el partido del domingo porque la <a class=\"ft-link ft-link--decoration\" href=\"https:\/\/www.elperiodicomediterraneo.com\/tags\/aficion\/\" target=\"_blank\" rel=\"nofollow noopener\">afici\u00f3n <\/a>para nosotros es muy importante. Tiene que animar al equipo y, como esas dos victorias han sido fuera de casa, queremos darle la primera en el <a class=\"ft-link ft-link--decoration\" href=\"https:\/\/www.elperiodicomediterraneo.com\/tags\/skyfi-castalia\/\" target=\"_blank\" rel=\"nofollow noopener\">SkyFi Castalia<\/a>\u00ab, a\u00f1adi\u00f3.<\/p>\n<p>Cambios por obligaci\u00f3n<\/p>\n<p class=\"ft-text\">Para el encuentro del domingo contra el <a class=\"ft-link ft-link--decoration\" href=\"https:\/\/www.elperiodicomediterraneo.com\/tags\/sporting-de-gijon\/\" target=\"_blank\" rel=\"nofollow noopener\">Sporting de Gij\u00f3n<\/a>, al t\u00e9cnico albinegro le tocar\u00e1 hacer cambios ya que ha perdido por lesi\u00f3n a tres de sus cuatro centrales: <a class=\"ft-link ft-link--decoration\" href=\"https:\/\/www.elperiodicomediterraneo.com\/cd-castellon\/2025\/10\/01\/castellon-oscar-gil-central-lesion-sporting-skyfi-122170187.html\" target=\"_blank\" rel=\"nofollow noopener\">\u00d3scar Gil, Sienra y Brignani.<\/a> Y Alberto Jim\u00e9nez es el \u00fanico en condiciones para ocupar su sitio de inicio, pero \u00bfqui\u00e9n podr\u00eda acompa\u00f1arle?. \u00ab<strong>Salva (Ruiz) <\/strong>ha jugado tambi\u00e9n de cental muchas veces y cualquiera que juegue est\u00e1 preparado. Salva el otro d\u00eda dio un muy nivel desde que sali\u00f3 y es dif\u00edcil saliendo desde el banquillo, pero eso demuestra que estamos todos a una, preparados, y que tenemos que seguir en esa l\u00ednea para que los tres puntos se queden en casa\u00bb.<\/p>\n<p><img decoding=\"async\" src=\"https:\/\/www.europesays.com\/es\/wp-content\/uploads\/2025\/10\/53762662-6230-4203-a99a-b26bf6b41a9e_alta-libre-aspect-ratio_default_0.jpg\" width=\"1200\" height=\"772\" alt=\"Alberto Jim\u00e9nez, durante el partido del Castell\u00f3n contra la Cultural.\" class=\"ft-helper-img-rd\" loading=\"lazy\" hasdataaida=\"true\"\/><\/p>\n<p class=\"ft-helper-fontColor-quaternary ft-helper-fontSize-body-S ft-helper-spacer-t-xxs\">Alberto Jim\u00e9nez, durante el partido del Castell\u00f3n contra la Cultural.  \/ LaLiga<\/p>\n<p class=\"ft-text\">Adem\u00e1s, el central de Fuerteventura se refiri\u00f3<strong> a la primera porter\u00eda a cero de la temporada<\/strong>, cerrada ante el Legan\u00e9s, comentando que \u00abhemos entrenado bastante la defensa y creo que ahora somos un grupo que vamos tanto al ataque como en defensa unidos en las marcas y el otro d\u00eda se vio un equipo compacto\u00bb. \u00abSiempre que vienen muchos jugadores nuevos al principio cuesta un poco, no es lo mismo la pretemporada que la temporada en s\u00ed y lo que importa es<a class=\"ft-link ft-link--decoration\" href=\"https:\/\/www.elperiodicomediterraneo.com\/tags\/laliga\/\" target=\"_blank\" rel=\"nofollow noopener\"> LaLiga<\/a>. No hemos tenido un buen arranque y hay que ir adapt\u00e1ndonos, irnos conociendo poco a poco y lo estamos consiguiendo. Los nuevos, y los veteranos que llevamos aqu\u00ed a\u00f1os, vamos haciendo pi\u00f1a y con los resultados positivos parece que te conoces m\u00e1s. Tenemos un buen equipo, joven y esperamos poder seguir en esta l\u00ednea\u00bb, declar\u00f3.<\/p>\n<p class=\"ft-text\">Preguntado sobre el Sporting de Gij\u00f3n, <strong>rival de este domingo a las 16.15 horas<\/strong>, el futbolista del conjunto albinegro no se mostr\u00f3 del todo sorprendido por su actual situaci\u00f3n (und\u00e9cimos en la tabla) y examin\u00f3 a los asturianos diciendo que \u00abes un equipo que tiene muy buenos jugadores, sobre todo en la parte de arriba y en las bandas, por eso creo que va a ser un partido competido, pero nosotros tenemos que centrarnos en nuestro juego y no pensar en el rival, tratando de estar en la misma l\u00ednea de los dos \u00faltimos partidos, estando jugando y tratando de que los tres puntos se queden en casa\u00bb.<\/p>\n<p class=\"ft-text\">\u00abTendremos que aprovechar sus errores y apretarles arriba porque ellos no son mucho de jugar sino que son m\u00e1s del pelotazo, y nosotros ahora mismo estamos bien y con ilusi\u00f3n\u00bb, concluy\u00f3.<\/p>\n<p data-close=\"closedContent\" class=\"subscribeHideForDisplay\">Suscr\u00edbete para seguir leyendo<\/p>\n","protected":false},"excerpt":{"rendered":"Alberto Jim\u00e9nez tiene potestad y galones para hablar de todo lo que acontece en el CD Castell\u00f3n. El&hellip;\n","protected":false},"author":2,"featured_media":154967,"comment_status":"","ping_status":"","sticky":false,"template":"","format":"standard","meta":{"footnotes":""},"categories":[268],"tags":[9125,46527,3965,16752,168,3735,25,24,280,282,11672,22611,281,23,4782,167],"class_list":{"0":"post-154966","1":"post","2":"type-post","3":"status-publish","4":"format-standard","5":"has-post-thumbnail","7":"category-futbol","8":"tag-alberto","9":"tag-alberto-jimenez","10":"tag-castellon","11":"tag-cd-castellon","12":"tag-deportes","13":"tag-entrenamientos","14":"tag-es","15":"tag-espana","16":"tag-football","17":"tag-futbol","18":"tag-jimenez","19":"tag-previa","20":"tag-soccer","21":"tag-spain","22":"tag-sporting","23":"tag-sports"},"share_on_mastodon":{"url":"","error":""},"_links":{"self":[{"href":"https:\/\/www.europesays.com\/es\/wp-json\/wp\/v2\/posts\/154966","targetHints":{"allow":["GET"]}}],"collection":[{"href":"https:\/\/www.europesays.com\/es\/wp-json\/wp\/v2\/posts"}],"about":[{"href":"https:\/\/www.europesays.com\/es\/wp-json\/wp\/v2\/types\/post"}],"author":[{"embeddable":true,"href":"https:\/\/www.europesays.com\/es\/wp-json\/wp\/v2\/users\/2"}],"replies":[{"embeddable":true,"href":"https:\/\/www.europesays.com\/es\/wp-json\/wp\/v2\/comments?post=154966"}],"version-history":[{"count":0,"href":"https:\/\/www.europesays.com\/es\/wp-json\/wp\/v2\/posts\/154966\/revisions"}],"wp:featuredmedia":[{"embeddable":true,"href":"https:\/\/www.europesays.com\/es\/wp-json\/wp\/v2\/media\/154967"}],"wp:attachment":[{"href":"https:\/\/www.europesays.com\/es\/wp-json\/wp\/v2\/media?parent=154966"}],"wp:term":[{"taxonomy":"category","embeddable":true,"href":"https:\/\/www.europesays.com\/es\/wp-json\/wp\/v2\/categories?post=154966"},{"taxonomy":"post_tag","embeddable":true,"href":"https:\/\/www.europesays.com\/es\/wp-json\/wp\/v2\/tags?post=154966"}],"curies":[{"name":"wp","href":"https:\/\/api.w.org\/{rel}","templated":true}]}}