{"id":154968,"date":"2025-10-03T13:55:11","date_gmt":"2025-10-03T13:55:11","guid":{"rendered":"https:\/\/www.europesays.com\/es\/154968\/"},"modified":"2025-10-03T13:55:11","modified_gmt":"2025-10-03T13:55:11","slug":"paula-ostiz-culmina-un-doblete-historico-para-el-ciclismo-espanol","status":"publish","type":"post","link":"https:\/\/www.europesays.com\/es\/154968\/","title":{"rendered":"Paula Ostiz culmina un doblete hist\u00f3rico para el ciclismo espa\u00f1ol"},"content":{"rendered":"<p>\n                    La campeona del mundo se ha coronado tambi\u00e9n como campeona de Europa, cerrando la competici\u00f3n continental con doblete en la prueba contrarreloj y la carrera en l\u00ednea.\n                <\/p>\n<p class=\"MsoNormal\" style=\"background: white;\">La ciclista espa\u00f1ola Paula Ostiz contin\u00faa imbatible y se ha coronado hoy como campeona de Europa j\u00fanior de ciclismo en carretera en el Europeo de Drome-Ardeche. Una victoria que le permite culminar un doblete hist\u00f3rico para el ciclismo nacional al llevarse el oro tanto en la prueba contrarreloj como en la carrera en l\u00ednea.<\/p>\n<p class=\"MsoNormal\" style=\"background: white;\">La reciente campeona del mundo en Kigali (Ruanda) ha lucido hoy por primera vez el maillot arco\u00edris que la acredita como campeona mundial, y durante la carrera ha vuelto a demostrar por qu\u00e9 es uno de los mayores talentos que ha tenido jam\u00e1s el ciclismo patrio.<\/p>\n<p class=\"MsoNormal\" style=\"background: white;\">La prueba en l\u00ednea del Europeo ha constado de 63 kil\u00f3metros con algo m\u00e1s de 800 metros de desnivel, incluyendo un tramo inicial con la subida a Mont\u00e9e de Costebelle para posteriormente entrar ya en el circuito final y realizar tres giros con sus respectivos ascensos al Val d\u2019Enfer (1,7 km al 9,3%).<\/p>\n<p class=\"MsoNormal\" style=\"background: white;\">La Selecci\u00f3n Espa\u00f1ola, compuesta en la cita continental por Paula Ostiz, Alejandra Neira, Irati Aranguren, Lidia Castro, Celia Torres e Irene Moreno ha completado una sobresaliente carrera como bloque, con representaci\u00f3n siempre en los puestos de cabeza y manteniendo la unidad del conjunto hasta los kil\u00f3metros finales. A falta de 15 kil\u00f3metros para el final, cuando solo restaban unas 20 ciclistas en el grupo de cabeza, las seis corredoras nacionales marchaban en el grupo con suficiencia.<\/p>\n<p class=\"MsoNormal\" style=\"background: white;\"><img loading=\"lazy\" decoding=\"async\" src=\"https:\/\/www.europesays.com\/es\/wp-content\/uploads\/2025\/10\/doc_68dfd01b3d58f2.60056492_sprintcyclingagency_9097225_1_2000px.jpg\" alt=\"imagen\" width=\"750\" height=\"500\"\/><\/p>\n<p class=\"MsoNormal\" style=\"background: white;\">La carrera se ha decidido en la \u00faltima subida, donde Paula Ostiz se ha marchado en solitario junto a la suiza Anja Grossmann, a la que ha batido en l\u00ednea de meta con un poderoso sprint marca de la casa. La italiana Pegolo ha completado el podio.<\/p>\n<p class=\"MsoNormal\" style=\"background: white;\"><img loading=\"lazy\" decoding=\"async\" src=\"https:\/\/www.europesays.com\/es\/wp-content\/uploads\/2025\/10\/doc_68dfd05a15c646.40031619_DSC09055.jpg\" alt=\"imagen\" width=\"750\" height=\"501\"\/><\/p>\n<p class=\"MsoNormal\" style=\"background: white;\">\u201cLlevo todo el a\u00f1o trabajando y al final se ha visto reflejado en los resultados de estas semanas. Solo puedo dar las gracias a mis compa\u00f1eras, sin ellas esto no ser\u00eda posible. Estoy s\u00faper feliz, solo queda disfrutarlo con mi familia y la gente que me rodea. Sab\u00eda que al sprint pod\u00eda ser muy fuerte, ten\u00eda unas piernas incre\u00edbles y he conseguido esta victoria que tanto deseaba\u201d, ha declarado la navarra portando el maillot de campeona de Europa.<\/p>\n<p class=\"MsoNormal\" style=\"background: white;\"><img loading=\"lazy\" decoding=\"async\" src=\"https:\/\/www.europesays.com\/es\/wp-content\/uploads\/2025\/10\/doc_68dfd09b1e2e19.95054275_558157107_822395213678597_5038532297271678299_n.jpg\" alt=\"imagen\" width=\"750\" height=\"501\"\/><\/p>\n<p class=\"MsoNormal\" style=\"background: white;\">La exhibici\u00f3n de la Selecci\u00f3n Espa\u00f1ola no ha quedado solo en la victoria de Ostiz. Alejandra Neira, j\u00fanior de primer a\u00f1o, ha completado tambi\u00e9n una magn\u00edfica actuaci\u00f3n para concluir en sexto lugar, con Lidia Castro, tambi\u00e9n de primer a\u00f1o, entrando del mismo modo entre las diez mejores al finalizar en octava plaza a solo 5\u201d de Ostiz. Tres ciclistas entre las diez mejores que escenifican el gran trabajo del grupo liderado por la seleccionador nacional Gema Pascual. Adem\u00e1s, tras un gran trabajo de equipo, Irene Moreno ha sido 15\u00aa, Celia Torres 18\u00aa e Irati Aranguren 30\u00aa.<\/p>\n<p class=\"MsoNormal\" style=\"background: white;\">Toda la informaci\u00f3n sobre la Selecci\u00f3n Espa\u00f1ola puede encontrarse en redes sociales bajo el hashtag <a href=\"https:\/\/x.com\/search?q=%23TeamESPciclismo&amp;src=typed_query\" rel=\"nofollow\">#TeamESPciclismo.<\/a><\/p>\n<p class=\"MsoNormal\" style=\"background: white;\">\u00a0<\/p>\n","protected":false},"excerpt":{"rendered":"La campeona del mundo se ha coronado tambi\u00e9n como campeona de Europa, cerrando la competici\u00f3n continental con doblete&hellip;\n","protected":false},"author":2,"featured_media":154969,"comment_status":"","ping_status":"","sticky":false,"template":"","format":"standard","meta":{"footnotes":""},"categories":[93],"tags":[168,25,24,23,167],"class_list":{"0":"post-154968","1":"post","2":"type-post","3":"status-publish","4":"format-standard","5":"has-post-thumbnail","7":"category-deportes","8":"tag-deportes","9":"tag-es","10":"tag-espana","11":"tag-spain","12":"tag-sports"},"share_on_mastodon":{"url":"","error":""},"_links":{"self":[{"href":"https:\/\/www.europesays.com\/es\/wp-json\/wp\/v2\/posts\/154968","targetHints":{"allow":["GET"]}}],"collection":[{"href":"https:\/\/www.europesays.com\/es\/wp-json\/wp\/v2\/posts"}],"about":[{"href":"https:\/\/www.europesays.com\/es\/wp-json\/wp\/v2\/types\/post"}],"author":[{"embeddable":true,"href":"https:\/\/www.europesays.com\/es\/wp-json\/wp\/v2\/users\/2"}],"replies":[{"embeddable":true,"href":"https:\/\/www.europesays.com\/es\/wp-json\/wp\/v2\/comments?post=154968"}],"version-history":[{"count":0,"href":"https:\/\/www.europesays.com\/es\/wp-json\/wp\/v2\/posts\/154968\/revisions"}],"wp:featuredmedia":[{"embeddable":true,"href":"https:\/\/www.europesays.com\/es\/wp-json\/wp\/v2\/media\/154969"}],"wp:attachment":[{"href":"https:\/\/www.europesays.com\/es\/wp-json\/wp\/v2\/media?parent=154968"}],"wp:term":[{"taxonomy":"category","embeddable":true,"href":"https:\/\/www.europesays.com\/es\/wp-json\/wp\/v2\/categories?post=154968"},{"taxonomy":"post_tag","embeddable":true,"href":"https:\/\/www.europesays.com\/es\/wp-json\/wp\/v2\/tags?post=154968"}],"curies":[{"name":"wp","href":"https:\/\/api.w.org\/{rel}","templated":true}]}}