{"id":154970,"date":"2025-10-03T13:56:09","date_gmt":"2025-10-03T13:56:09","guid":{"rendered":"https:\/\/www.europesays.com\/es\/154970\/"},"modified":"2025-10-03T13:56:09","modified_gmt":"2025-10-03T13:56:09","slug":"la-gripe-repunta-por-la-vuelta-al-cole","status":"publish","type":"post","link":"https:\/\/www.europesays.com\/es\/154970\/","title":{"rendered":"La gripe repunta por la vuelta al cole"},"content":{"rendered":"<p>La vuelta al colegio de los m\u00e1s peque\u00f1os ha sido un factor fundamental para que la curva de las infecciones respiratorias comenzar\u00e1 a ascender hace algo m\u00e1s de un mes. Por entonces, en la semana 35, la tasa de incidencia se situaba en 300 casos por cada cien mil habitantes, seg\u00fan los datos de Vigira (el programa de vigilancia de Sacyl de las infecciones respiratorias). Pues bien, seg\u00fan los datos correspondientes a la semana 39, publicados el martes de esta semana, la tasa de incidencia ya ha escalado hasta los 558 casos.<\/p>\n<p>Si se analiza exclusivamente el virus de la gripe, la escalada tambi\u00e9n comenz\u00f3 a partir de la semana 35, la \u00faltima de agosto. Por entonces la tasa era de cero y en la actualidad ya ha llegado a 30 casos por cada cien mil habitantes, si bien se mantiene lejos del umbral epid\u00e9mico, establecido en 50 casos. De hecho, en el \u00faltimo informe de Vigira, Sanidad reconoce que han aumentado las urgencias por infecciones respiratorias en menores de cinco a\u00f1os y en personas de m\u00e1s de 74.<\/p>\n<p>El prestigioso microbi\u00f3logo Ra\u00fal Ortiz de Lejarazu, exdirector del Centro Nacional de la Gripe, apunta a que no solo influye la vuelta al cole en este repunte, sino el regreso a la normalidad del resto de la poblaci\u00f3n. M\u00e1s reuniones en la oficina, en autobuses, en el cine, etc\u00e9tera. Aunque el doctor destaca el impacto que tienen estas infecciones en la poblaci\u00f3n infantil para la posterior propagaci\u00f3n. \u00abGrandes transmisores\u00bb, como los denomina. \u00abCuando empieza a haber durante una semana o semana y media casos de gripe en ni\u00f1os, en un plazo de dos semanas tenemos el inicio de la &#8216;otra&#8217; gripe, eso es as\u00ed siempre\u00bb, se\u00f1ala. Con todo, sostiene que el nivel actual entra dentro de la normalidad y no ser\u00e1 hasta \u00abdentro de un mes y medio o dos\u00bb, cuando se alcance el umbral epid\u00e9mico. Con todas las reservas, porque Ortiz de Lejarazu siempre incide en la dificultad que implica predecir c\u00f3mo ser\u00e1 la temporada de gripe antes de que comience.<br \/>Seg\u00fan los datos de Vigira, los virus circulantes este a\u00f1o son AH1, AH3 y ANS.<\/p>\n<p><strong>Aumento de covid<\/strong><\/p>\n<p>Por otro lado, en las \u00faltimas semanas tambi\u00e9n se ha confirmado la tendencia alcista de los casos de covid, con una incidencia de 71 casos por cada cien mil habitantes en la semana 38 (del 22 al 29 de septiembre) y que lleg\u00f3 a estar por encima de 80 en la semana previa. Es la tasa de incidencia de covid m\u00e1s alta del \u00faltimo a\u00f1o. No obstante, el microbi\u00f3logo se\u00f1ala que esto no tiene nada que ver con la bajada de las temperaturas ni con la llegada del oto\u00f1o, porque \u00abel covid no est\u00e1 estacionalizado\u00bb. En este sentido, a\u00f1ade que \u00abhay una competencia entre los virus respiratorios, que son como los bomberos: no se pisan la manguera\u00bb. Una forma de se\u00f1alar que los picos epid\u00e9micos de unos y otros no suelen coincidir en el tiempo.<\/p>\n<p>Ortiz de Lejarazu opina que \u00abtodav\u00eda no hemos llegado a una normalidad epid\u00e9mica\u00bb despu\u00e9s de la pandemia, pero se\u00f1ala que Espa\u00f1a est\u00e1 haciendo bien algunas cosas, como el proceso de vacunaci\u00f3n a los ni\u00f1os, que son \u00ablos m\u00e1s hospitalizados por gripe\u00bb. De hecho, en la campa\u00f1a de este a\u00f1o Castilla yLe\u00f3n ha aumentado hasta los ocho a\u00f1os a los ni\u00f1os a inmunizar frente a la gripe (antes solo era de seis a cinco a\u00f1os). Seg\u00fan los datos presentados esta semana por la Consejer\u00eda de Sanidad, durante la campa\u00f1a del a\u00f1o pasado se vacunaron en Valladolid el 65,1% de los menores de dos a\u00f1os y la tasa de cobertura lleg\u00f3 al 45,7% entre los ni\u00f1os de dos y cinco a\u00f1os.<\/p>\n<p>En cambio, no est\u00e1 tan satisfecho con el porcentaje de vacunados mayores de 59 a\u00f1os, que en la provincia fue del 60,7%, ligeramente por encima de la cobertura regional en esta franja de edad. \u00abSeg\u00fan la Organizaci\u00f3n Mundial de la Salud (OMS), en los mayores tendr\u00edamos que tener porcentajes superiores al 75%\u00bb, se\u00f1ala, un nivel que se \u00abroz\u00f3\u00bb durante el segundo a\u00f1o de la pandemia. \u00abPor entonces la gente mayor ten\u00eda mucho m\u00e1s miedo\u00bb, reconoce. Adem\u00e1s, el doctor incide en que \u00ablos americanos abogan por coberturas del 90%\u00bb, aunque reconoce que no las consiguen.<\/p>\n<p><strong>Preguntas y respuestas sobre la campa\u00f1a de vacunaci\u00f3n<\/strong><\/p>\n<p><strong>\u00bfCu\u00e1les son las fechas clave de la campa\u00f1a de vacunaci\u00f3n?<\/strong><\/p>\n<p>El 1 de octubre comenz\u00f3 la campa\u00f1a para personas institucionalizadas, embarazadas y ni\u00f1os entre seis meses y ocho a\u00f1os. El d\u00eda 14 de octubre comenzar\u00e1 la campa\u00f1a de vacunaci\u00f3n frente a la gripe y covid en todos los grupos de poblaci\u00f3n en los que est\u00e1 recomendada: la poblaci\u00f3n diana.<\/p>\n<p><strong>\u00bfQui\u00e9nes forman estos grupos diana?<\/strong><\/p>\n<p>La lista es muy amplia, tanto dentro de la gripe como de la covid. En el primer caso est\u00e1n, por ejemplo, los mayores de 59 a\u00f1os, fumadores, personas que trabajan en servicios p\u00fablicos esenciales, con especial \u00e9nfasis en Fuerzas y Cuerpos de Seguridad del Estado, bomberos y servicios de Protecci\u00f3n Civil, los que tengan riesgo de complicaciones en caso de padecer la gripe, los que puedan contagiar, por proximidad a estas personas, personal de centros y establecimientos sanitarios y sociosanitarios p\u00fablicos y privados, personal docente, personas con exposici\u00f3n laboral directa a animales o a sus secreciones en granjas o explotaciones av\u00edcolas, porcinas o a fauna silvestre y personas a partir de nueve a\u00f1os hasta 59 con determinadas condiciones de riesgo (diabetes, obesidad, enfermedad renal, enfermedades neuromusculares graves, etc\u00e9tera). En el caso de la covid, personas de 70 o m\u00e1s a\u00f1os, internos en centros de discapacidad, residencias de mayores y residentes en instituciones cerradas, personal sanitario, convivientes con grupos de riesgo y personas a partir de 12 a\u00f1os pertenecientes a grupos de riesgo o con inmunosupresi\u00f3n grave, entre otros.<\/p>\n<p><strong>\u00bfD\u00f3nde se administra la vacuna?<\/strong><\/p>\n<p>En el caso de las personas institucionalizadas en residencias, su vacunaci\u00f3n se realizar\u00e1 por profesionales sanitarios de cada \u00e1rea de salud de Castilla y Le\u00f3n, que acudir\u00e1n a estas instituciones para administrar ambas vacunas. El personal sanitario y sociosanitario podr\u00e1 recibir ambas vacunas en sus centros de trabajo, a trav\u00e9s de los servicios de salud laboral de referencia. Para el resto de la poblaci\u00f3n incluida en los grupos diana, se establecer\u00e1n los lugares donde podr\u00e1n vacunarse y el modo de citaci\u00f3n en cada \u00e1rea de salud, de acuerdo con sus circunstancias sociales, poblacionales y sanitarias, entre otras.<\/p>\n<p><strong>\u00bfC\u00f3mo se pide cita?<\/strong><\/p>\n<p>Podr\u00e1 solicitarse desde unos d\u00edas antes del 14 de octubre a trav\u00e9s de los canales habituales: la app Sacyl Conecta, en su centro de salud, ya sea por tel\u00e9fono o presencialmente y online, a trav\u00e9s de www.saludcastillayleon.es.<\/p>\n<p><strong>\u00bfCu\u00e1ntos tipos de vacuna contra la gripe hay?<\/strong><\/p>\n<p>Cinco: 200.000 dosis de vacuna inactivada trivalente que se puede administrar a partir de los seis meses, 475.000 dosis de vacuna inactivada adyuvada para poblaci\u00f3n general a partir de los 60 a\u00f1os no institucionalizada, 50.000 unidades inactivadas trivalentes con alta carga antig\u00e9nica, destinada a poblaci\u00f3n mayor de 60 a\u00f1os institucionalizada en residencias y grandes dependientes en sus domicilios, 650 vacunas inactivadas trivalentes, para personas al\u00e9rgicas a antibi\u00f3ticos y 40.000 dosis de vacuna atenuada trivalente de administraci\u00f3n intranasal cuya poblaci\u00f3n diana son los ni\u00f1os y ni\u00f1as entre 2 y 8 a\u00f1os inclusive.<\/p>\n<p><strong>\u00bfQu\u00e9 ni\u00f1os pueden vacunarse contra la bronquiolitis?<\/strong><\/p>\n<p>En el oto\u00f1o se llevar\u00e1 a cabo de nuevo la campa\u00f1a de inmunizaci\u00f3n frente al Virus Respiratorio Sincitial (VRS) con Nirsevimab, cuya infecci\u00f3n produce lo que com\u00fanmente conocemos como bronquiolitis. La inmunizaci\u00f3n se realizar\u00e1 mediante la administraci\u00f3n de una sola dosis para todos los ni\u00f1os nacidos entre el 1 de abril de 2025 y el 31 de marzo de 2026. Los nacidos entre el 1 de octubre de 2025 y el 31 de marzo de 2026 recibir\u00e1n el anticuerpo monoclonal en el hospital al nacimiento. Los nacidos entre los meses de abril y septiembre, se realizar\u00e1 una campa\u00f1a de captaci\u00f3n espec\u00edfica al principio de la temporada VRS, durante el mes de octubre, administrando la dosis en el centro de salud o de vacunaci\u00f3n habitual.<\/p>\n<p><strong>\u00bfPueden los adultos ponerse esta vacuna?<\/strong><\/p>\n<p>S\u00ed, los grupos de riesgo. Es una novedad de este a\u00f1o. El VRS tradicionalmente se ha asociado con bronquiolitis y neumon\u00eda en ni\u00f1os, pero tambi\u00e9n causa una importante morbilidad y mortalidad en la poblaci\u00f3n adulta, especialmente en mayores de 65 a\u00f1os, personas con enfermedades pulmonares o card\u00edacas graves y en individuos inmunodeprimidos.<\/p>\n","protected":false},"excerpt":{"rendered":"La vuelta al colegio de los m\u00e1s peque\u00f1os ha sido un factor fundamental para que la curva de&hellip;\n","protected":false},"author":2,"featured_media":154971,"comment_status":"","ping_status":"","sticky":false,"template":"","format":"standard","meta":{"footnotes":""},"categories":[92],"tags":[3590,177,2272,25,24,241,7749,165,2218,3572,22550,31032,45150,166,1811,23,1607,2275,25040],"class_list":{"0":"post-154970","1":"post","2":"type-post","3":"status-publish","4":"format-standard","5":"has-post-thumbnail","7":"category-salud","8":"tag-castilla-y-leon","9":"tag-cine","10":"tag-covid-19","11":"tag-es","12":"tag-espana","13":"tag-exposiciones","14":"tag-gripe","15":"tag-health","16":"tag-infecciones","17":"tag-oms","18":"tag-proteccion-civil","19":"tag-residencias-de-mayores","20":"tag-sacyl","21":"tag-salud","22":"tag-sanidad","23":"tag-spain","24":"tag-valladolid","25":"tag-virus","26":"tag-vuelta-al-cole"},"share_on_mastodon":{"url":"","error":""},"_links":{"self":[{"href":"https:\/\/www.europesays.com\/es\/wp-json\/wp\/v2\/posts\/154970","targetHints":{"allow":["GET"]}}],"collection":[{"href":"https:\/\/www.europesays.com\/es\/wp-json\/wp\/v2\/posts"}],"about":[{"href":"https:\/\/www.europesays.com\/es\/wp-json\/wp\/v2\/types\/post"}],"author":[{"embeddable":true,"href":"https:\/\/www.europesays.com\/es\/wp-json\/wp\/v2\/users\/2"}],"replies":[{"embeddable":true,"href":"https:\/\/www.europesays.com\/es\/wp-json\/wp\/v2\/comments?post=154970"}],"version-history":[{"count":0,"href":"https:\/\/www.europesays.com\/es\/wp-json\/wp\/v2\/posts\/154970\/revisions"}],"wp:featuredmedia":[{"embeddable":true,"href":"https:\/\/www.europesays.com\/es\/wp-json\/wp\/v2\/media\/154971"}],"wp:attachment":[{"href":"https:\/\/www.europesays.com\/es\/wp-json\/wp\/v2\/media?parent=154970"}],"wp:term":[{"taxonomy":"category","embeddable":true,"href":"https:\/\/www.europesays.com\/es\/wp-json\/wp\/v2\/categories?post=154970"},{"taxonomy":"post_tag","embeddable":true,"href":"https:\/\/www.europesays.com\/es\/wp-json\/wp\/v2\/tags?post=154970"}],"curies":[{"name":"wp","href":"https:\/\/api.w.org\/{rel}","templated":true}]}}