{"id":154972,"date":"2025-10-03T13:57:16","date_gmt":"2025-10-03T13:57:16","guid":{"rendered":"https:\/\/www.europesays.com\/es\/154972\/"},"modified":"2025-10-03T13:57:16","modified_gmt":"2025-10-03T13:57:16","slug":"concierto-gratis-de-gloria-estefan-en-madrid-cuando-es-a-que-hora-y-como-llegar-el-mundo","status":"publish","type":"post","link":"https:\/\/www.europesays.com\/es\/154972\/","title":{"rendered":"Concierto gratis de Gloria Estefan en Madrid: cu\u00e1ndo es, a qu\u00e9 hora y c\u00f3mo llegar &#8211; El Mundo"},"content":{"rendered":"<ol>\n<li><a href=\"https:\/\/news.google.com\/rss\/articles\/CBMid0FVX3lxTE8xNF9aUkxOMllIVTJZdTRSRGYza3dOWkdTY2txLTU0X2JVdWk5Y2ZXZG9sb3IteW5iZnU5VTZnOGZJczJLOFdBZWJoR1Y4MzRTVUQtX2trOUM0TVZ6amJ2S0FUT1BMYkhfN1JYVlBBak1NMHlxMnJv0gF3QVVfeXFMUEhLQXZnQjNZSy1jaDBxV0Z3ZmJFMWZfa2NWRDZTUzljNzZORTNBVVNJaTdESzk5b3JuaHlqc29ocWhRbVNGU1VTSlRFXzU0Vjk5SWxiVU5NdEpnRndOREU1dnE0UzVReG51eTFIUEpGckVvTWFlUU0?oc=5\" target=\"_blank\" rel=\"nofollow noopener\">Concierto gratis de Gloria Estefan en Madrid: cu\u00e1ndo es, a qu\u00e9 hora y c\u00f3mo llegar<\/a>&nbsp;&nbsp;El Mundo<\/li>\n<li><a href=\"https:\/\/news.google.com\/rss\/articles\/CBMitAFBVV95cUxObGRXOHFlZWZ6dXNVMHRPZEJHeG1KeWtDUV8yZ1llaVA3bmNVSFBVZ3g2c1U5Z1VublFWWlpsc0tad0NfN09MdVdXZ0tMNUhEOXhhY05nNGh0bER1ME5TVlV6MGN3aHNrbXNlUXZwQzU1WEFhZDVPdHU3YlRqYzhIeEFVOEpGQWtvcVBjSGxQeVYwMDRjVEpPTmp4bUtCSUFzeEdGSWRPT2VmX3dlbFY0RWZBMjI?oc=5\" target=\"_blank\" rel=\"nofollow noopener\">Conciertos gratis en Madrid por la Hispanidad desde el 5 de octubre: Gloria Estefan, Los Panchos o Bomba Est\u00e9reo, entre los grandes nombres<\/a>&nbsp;&nbsp;ABC<\/li>\n<li><a href=\"https:\/\/news.google.com\/rss\/articles\/CBMi7wFBVV95cUxQYW5sX0hwdUg1Nm40M3VLZ0R3X2hnbUNlR3RYSTRoMTM1Tm1YT0taMGlCLTFHNDIybHRXVFpzcUEzUjBYNE5FMkwzY0pIUnp6M1ZNaV9DNkVmSXM2bEFCNFNWb2ZPOGhVTFJpTFgxZ0hWNFBiLUx4NFgyWDVqV0xaTWx5V2ZHdVpKcl9qRlV3RWVmWjQzLXpJWE81RzFFU19nX2NkbzN6UjBxQ05WbHk3dVZLZnpMUVZSU3pldlBEVS1LbFF5LWRhX1hna0tLY3BTdW5fMTVkaVZVS3ZSdl9QZ2lmbUl5NWl2bUJGMEJ4bw?oc=5\" target=\"_blank\" rel=\"nofollow noopener\">Gloria Estefan protagonizar\u00e1 las Fiestas de la Hispanidad de Madrid: fechas y horarios de todos los conciertos<\/a>&nbsp;&nbsp;EL PA\u00cdS<\/li>\n<li><a href=\"https:\/\/news.google.com\/rss\/articles\/CBMivwFBVV95cUxNb1dHMVZOMG05TmUwb0RmU1RUWGFlRVAxTjcwM01tbVJOV1pscGJmNFowTldQUTJKS2RTWmhuSTRHUERUbDRONVAxTFhWTnR4TXNhSmlkN0p1YnFSZmhSbHl4RnhRenIxUkZkTGQxYWo3dG9UYjV6alNCdnh3anl3N3Q3SlRkUEpXeENNYktwX2NuVzBkM3Y5ZFUtdncyNGJwN3RKUThUUFBUN3J3UTFDblNfR1A3MjRhblBvSGRPa9IBxAFBVV95cUxPTDFiSzJZWXhkSHY3Y01oUkpaMS12QnNOeTF5bG9PUy03ajFXN1h0RnE5VERWbS0wV0FxUFNySnZPeUY3M2M2b3djYnhwVER1SDE2RC1FN2RWZlREcEVuZTNjd3JoSFBzajZGdWU5TjFGWnJhNzl3UHZVUzJzMmx6b1R3MUxkVnpDNnExMEp3ZHh6dFR1c3d3TVZCMjJwWDJPcG9TS0loQkt6SjFyaGRqMTIyTUQzN21QNk9ZVzdzdkpwWC1u?oc=5\" target=\"_blank\" rel=\"nofollow noopener\">Madrid inaugura con conciertos y danza el festival &#8216;Hispanidad 2025&#8217;<\/a>&nbsp;&nbsp;La Vanguardia<\/li>\n<li><a href=\"https:\/\/news.google.com\/rss\/articles\/CBMirAJBVV95cUxNVURyT1JPYldxOWRSUnlIX0lpRHNZZ0o3ZmNZQmMwWW55VzViYnI3Qk5BNkQ4NFRPdy1FY2UyR011Y2pQNjM0UktsVlVsLWVuZUVBQmpUV25kWVB2UGN4VlhBQXVzQ2xSdGZHUUpjTk5WYzVEalRXeU11ZDVUbDVfak9wRmZZdTVSX2diWWpwY1JHMVRDYmMxdFktV1pDbnFfczREeWJ1b1NzaWhUdkVVWUxXS0RvejF4WHp2ZmJKdjJTNi1BQ0JmSWdtbGR2NjFoRnltaEI3RzdKXzFFYWhOVkNfRlI0aW5pMXFnbEx5NTJpeVJtTDJPVkJidElDckhUNUVuU2drOEQzT1B5ZWVGaG9QRjhTWklDalpkeDZnSS15RDBBRlN6bXZLQUbSAbICQVVfeXFMTkNiSnU0c2F3MWlqVUpLeGxnWTlKWWNfQXlYOG85TzdxUjNSU0VOZms4MkY3TXdYYzcyM3ZlR2JZal83eFF0MHhpSGwxeVFqTFp0MzAwZV80YjZFVGM0R1A1dk9Ia0syQUNFRGp1MEE3UUtWM29IR0kxMGV6S2s3a3dXTmdjT0JtLUI3WlRlTjFhaG9vdEQ3ek4wOGR2bkpmTktad3plcjFGdnRuM2RPei01bEN6MTlQMWxzT2dGTVlRR3NURS1LZ25mY0NKaWpNX0tMeGtBWENJSTAtRFo2TU04RW9PUEJod0d4ZnZlandrVm1ZV1NUZTB1WlYxOThkYkxkUEZoYkJkMGtrSExDU00tQWZNblliajNuOExFbzNCQmxtUks1TU9ZeFdzX25NTTdR?oc=5\" target=\"_blank\" rel=\"nofollow noopener\">As\u00ed inspecciona la Polic\u00eda Judicial de Madrid las carrozas del D\u00eda de la Hispanidad para evitar fallos y accidentes<\/a>&nbsp;&nbsp;Telemadrid<\/li>\n<\/ol>\n","protected":false},"excerpt":{"rendered":"Concierto gratis de Gloria Estefan en Madrid: cu\u00e1ndo es, a qu\u00e9 hora y c\u00f3mo llegar&nbsp;&nbsp;El Mundo Conciertos gratis&hellip;\n","protected":false},"author":2,"featured_media":154973,"comment_status":"","ping_status":"","sticky":false,"template":"","format":"standard","meta":{"footnotes":""},"categories":[91],"tags":[2170,208,729,146,147,25,24,205,185,23],"class_list":{"0":"post-154972","1":"post","2":"type-post","3":"status-publish","4":"format-standard","5":"has-post-thumbnail","7":"category-entretenimiento","8":"tag-como","9":"tag-conciertos","10":"tag-dda","11":"tag-entertainment","12":"tag-entretenimiento","13":"tag-es","14":"tag-espana","15":"tag-madrid","16":"tag-musica","17":"tag-spain"},"share_on_mastodon":{"url":"","error":""},"_links":{"self":[{"href":"https:\/\/www.europesays.com\/es\/wp-json\/wp\/v2\/posts\/154972","targetHints":{"allow":["GET"]}}],"collection":[{"href":"https:\/\/www.europesays.com\/es\/wp-json\/wp\/v2\/posts"}],"about":[{"href":"https:\/\/www.europesays.com\/es\/wp-json\/wp\/v2\/types\/post"}],"author":[{"embeddable":true,"href":"https:\/\/www.europesays.com\/es\/wp-json\/wp\/v2\/users\/2"}],"replies":[{"embeddable":true,"href":"https:\/\/www.europesays.com\/es\/wp-json\/wp\/v2\/comments?post=154972"}],"version-history":[{"count":0,"href":"https:\/\/www.europesays.com\/es\/wp-json\/wp\/v2\/posts\/154972\/revisions"}],"wp:featuredmedia":[{"embeddable":true,"href":"https:\/\/www.europesays.com\/es\/wp-json\/wp\/v2\/media\/154973"}],"wp:attachment":[{"href":"https:\/\/www.europesays.com\/es\/wp-json\/wp\/v2\/media?parent=154972"}],"wp:term":[{"taxonomy":"category","embeddable":true,"href":"https:\/\/www.europesays.com\/es\/wp-json\/wp\/v2\/categories?post=154972"},{"taxonomy":"post_tag","embeddable":true,"href":"https:\/\/www.europesays.com\/es\/wp-json\/wp\/v2\/tags?post=154972"}],"curies":[{"name":"wp","href":"https:\/\/api.w.org\/{rel}","templated":true}]}}