{"id":154978,"date":"2025-10-03T14:00:08","date_gmt":"2025-10-03T14:00:08","guid":{"rendered":"https:\/\/www.europesays.com\/es\/154978\/"},"modified":"2025-10-03T14:00:08","modified_gmt":"2025-10-03T14:00:08","slug":"guillermo-presta-juramento-como-gran-duque-de-luxemburgo-tras-la-abdicacion-de-su-padre","status":"publish","type":"post","link":"https:\/\/www.europesays.com\/es\/154978\/","title":{"rendered":"Guillermo presta juramento como gran duque de Luxemburgo tras la abdicaci\u00f3n de su padre"},"content":{"rendered":"<p>    <img src=\"https:\/\/www.europesays.com\/es\/wp-content\/uploads\/2025\/10\/2025-10-03T113A363A09Z-90109291.jpg\" width=\"1024\" height=\"682\" alt=\"\" loading=\"eager\" decoding=\"sync\" fetchpriority=\"high\"\/><\/p>\n<p>            afp_tickers        <\/p>\n<p>        Este contenido fue publicado en    <\/p>\n<p>        03 octubre 2025 &#8211; 13:36\n<\/p>\n<p>El gran duque Guillermo de Luxemburgo prest\u00f3 juramento el viernes al frente de esta peque\u00f1a monarqu\u00eda europea, justo despu\u00e9s de la abdicaci\u00f3n de su padre, Enrique.<\/p>\n<p>\u00abJuro respetar la Constituci\u00f3n y las leyes\u00bb, declar\u00f3 desde la C\u00e1mara de Diputados de Luxemburgo, rodeado de parejas reales y dirigentes de las instituciones europeas.<\/p>\n<p>Guillermo sucede a Enrique, quien, visiblemente emocionado, abdic\u00f3 instantes antes a sus 70 a\u00f1os y despu\u00e9s de un cuarto de siglo de reinado.<\/p>\n<p>La nueva pareja gran ducal \u2014Guillermo y su esposa Estefan\u00eda\u2014 debe encontrarse con la poblaci\u00f3n en una plaza del barrio hist\u00f3rico de la capital de este Estado de poco m\u00e1s de 670.000 habitantes.<\/p>\n<p>Por la noche hay una cena de gala, en la que participar\u00e1n especialmente el presidente franc\u00e9s, Emmanuel Macron, y su hom\u00f3logo alem\u00e1n, Frank Walter Steinmeier.<\/p>\n<p>Hasta el domingo est\u00e1n previstas festividades en todo el pa\u00eds para conmemorar el \u00abTrounwiessel\u00bb (\u00abCambio en el trono\u00bb en luxemburgu\u00e9s).<\/p>\n<p>Guillermo, de 43 a\u00f1os, ser\u00e1 el s\u00e9ptimo soberano de la dinast\u00eda Nassau Weilbourg, que reina en Luxemburgo desde 1890 y comparte or\u00edgenes comunes con la monarqu\u00eda neerlandesa.<\/p>\n<p>Aunque representar\u00e1 a una nueva generaci\u00f3n al frente del Estado, no deber\u00eda alterar la pr\u00e1ctica del poder en una democracia parlamentaria considerada estable, donde el monarca asume sobre todo funciones de representaci\u00f3n adem\u00e1s de promulgar las leyes.<\/p>\n<p>En Luxemburgo, \u00abel gran duque encarna la independencia y la estabilidad del Estado\u00bb, declar\u00f3 el primer ministro Luc Frieden en una entrevista con la AFP.<\/p>\n<p>bur-mad-cjc\/jca\/cn\/mab\/dbh<\/p>\n","protected":false},"excerpt":{"rendered":"afp_tickers Este contenido fue publicado en 03 octubre 2025 &#8211; 13:36 El gran duque Guillermo de Luxemburgo prest\u00f3&hellip;\n","protected":false},"author":2,"featured_media":154979,"comment_status":"","ping_status":"","sticky":false,"template":"","format":"standard","meta":{"footnotes":""},"categories":[42],"tags":[17,18,13,14,4437,11,10110,39605,61,62,63,64,19,20,9,10,15,16,88,2005,90,12,21,22,65,66,67],"class_list":{"0":"post-154978","1":"post","2":"type-post","3":"status-publish","4":"format-standard","5":"has-post-thumbnail","7":"category-internacional","8":"tag-breaking-news","9":"tag-breakingnews","10":"tag-featured-news","11":"tag-featurednews","12":"tag-government","13":"tag-headlines","14":"tag-human-interest","15":"tag-imperial-and-royal-matters","16":"tag-internacional","17":"tag-international","18":"tag-international-news","19":"tag-internationalnews","20":"tag-latest-news","21":"tag-latestnews","22":"tag-news","23":"tag-noticias","24":"tag-noticias-destacadas","25":"tag-noticiasdestacadas","26":"tag-politics","27":"tag-society","28":"tag-ticker","29":"tag-titulares","30":"tag-ultimas-noticias","31":"tag-ultimasnoticias","32":"tag-world","33":"tag-world-news","34":"tag-worldnews"},"share_on_mastodon":{"url":"","error":""},"_links":{"self":[{"href":"https:\/\/www.europesays.com\/es\/wp-json\/wp\/v2\/posts\/154978","targetHints":{"allow":["GET"]}}],"collection":[{"href":"https:\/\/www.europesays.com\/es\/wp-json\/wp\/v2\/posts"}],"about":[{"href":"https:\/\/www.europesays.com\/es\/wp-json\/wp\/v2\/types\/post"}],"author":[{"embeddable":true,"href":"https:\/\/www.europesays.com\/es\/wp-json\/wp\/v2\/users\/2"}],"replies":[{"embeddable":true,"href":"https:\/\/www.europesays.com\/es\/wp-json\/wp\/v2\/comments?post=154978"}],"version-history":[{"count":0,"href":"https:\/\/www.europesays.com\/es\/wp-json\/wp\/v2\/posts\/154978\/revisions"}],"wp:featuredmedia":[{"embeddable":true,"href":"https:\/\/www.europesays.com\/es\/wp-json\/wp\/v2\/media\/154979"}],"wp:attachment":[{"href":"https:\/\/www.europesays.com\/es\/wp-json\/wp\/v2\/media?parent=154978"}],"wp:term":[{"taxonomy":"category","embeddable":true,"href":"https:\/\/www.europesays.com\/es\/wp-json\/wp\/v2\/categories?post=154978"},{"taxonomy":"post_tag","embeddable":true,"href":"https:\/\/www.europesays.com\/es\/wp-json\/wp\/v2\/tags?post=154978"}],"curies":[{"name":"wp","href":"https:\/\/api.w.org\/{rel}","templated":true}]}}