{"id":154980,"date":"2025-10-03T14:01:10","date_gmt":"2025-10-03T14:01:10","guid":{"rendered":"https:\/\/www.europesays.com\/es\/154980\/"},"modified":"2025-10-03T14:01:10","modified_gmt":"2025-10-03T14:01:10","slug":"la-union-europea-concede-a-espana-946-millones-de-euros-del-fondo-de-solidaridad-destinados-a-paliar-los-efectos-de-la-dana-de-valencia","status":"publish","type":"post","link":"https:\/\/www.europesays.com\/es\/154980\/","title":{"rendered":"La Uni\u00f3n Europea concede a Espa\u00f1a 946 millones de euros del Fondo de Solidaridad destinados a paliar los efectos de la DANA de Valencia"},"content":{"rendered":"<p>La Comisi\u00f3n Europea ha aprobado la Decisi\u00f3n por la que se concede a Espa\u00f1a 946 millones de euros con cargo al Fondo de Solidaridad de la Uni\u00f3n Europea (FSUE) para paliar los devastadores efectos de la DANA que afect\u00f3 gravemente a la Comunidad Valenciana y otras zonas del pa\u00eds a finales del pasado a\u00f1o.<\/p>\n<p>Esta resoluci\u00f3n responde a la solicitud formal que el Ministerio de Hacienda remiti\u00f3 a las autoridades comunitarias el pasado 20 de enero, en la que se justificaba que la cat\u00e1strofe reun\u00eda los requisitos para ser calificada de naturaleza grave. En dicha solicitud, Espa\u00f1a cifr\u00f3 los gastos p\u00fablicos susceptibles de financiaci\u00f3n en 4.304 millones de euros, del total de 18.000 millones en da\u00f1os.<\/p>\n<p>La ayuda aprobada representa un hito hist\u00f3rico, al ser la segunda m\u00e1s alta concedida por este mecanismo de solidaridad desde su creaci\u00f3n en 2002, tan solo por detr\u00e1s de los 1.200 millones de euros que recibi\u00f3 Italia en 2017 por los terremotos que asolaron el centro del pa\u00eds. Este hecho subraya tanto la gravedad excepcional de la cat\u00e1strofe sufrida como el \u00e9xito de las gestiones realizadas por el Gobierno de Espa\u00f1a para movilizar el apoyo europeo.<\/p>\n<p>De hecho, esta cifra supone el 81% del total del Fondo de Solidaridad del a\u00f1o, que alcanza un total de 1.167 millones de euros. Adem\u00e1s de los fondos consignados a Espa\u00f1a, la Comisi\u00f3n destinar\u00e1 110,84 millones a Francia, como consecuencia de los ciclones sufridos en sus islas de Mayotte y Reuni\u00f3n en diciembre de 2024 y febrero de 2025, respectivamente.<\/p>\n<p>El importe final, del que ya se ha recibido de forma anticipada un total de 100 millones de euros en abril, se destinar\u00e1 a complementar los enormes esfuerzos financieros que las administraciones p\u00fablicas espa\u00f1olas est\u00e1n realizando. En concreto, servir\u00e1 para reembolsar una parte del gasto p\u00fablico destinado a operaciones de emergencia y recuperaci\u00f3n, tales como el restablecimiento de infraestructuras b\u00e1sicas, los servicios de socorro, el alojamiento provisional de la poblaci\u00f3n o la limpieza de las zonas siniestradas.<\/p>\n<p>La vicepresidenta primera y ministra de Hacienda, Mar\u00eda Jes\u00fas Montero, ya record\u00f3 el pasado mes de enero, durante la solicitud de la ayuda, que, desde el primer momento, el Gobierno despleg\u00f3 \u00abtodos los recursos posibles para ayudar a los ciudadanos, llevando a cabo el mayor despliegue de efectivos de las Fuerzas y Cuerpos de Seguridad del Estado y de las Fuerzas Armadas que se ha realizado jam\u00e1s en Espa\u00f1a en tiempos de paz\u00bb. \u00abEsta ayuda europea es un reconocimiento a ese esfuerzo y un impulso fundamental para la reconstrucci\u00f3n\u00bb, resalt\u00f3 entonces.<\/p>\n<p>Reprogramaci\u00f3n de 645 millones de la pol\u00edtica de cohesi\u00f3n <\/p>\n<p>Adicionalmente a la ayuda del Fondo de Solidaridad, la Comisi\u00f3n ha dado luz verde a las propuestas de reprogramaci\u00f3n de diferentes programas de los fondos de la pol\u00edtica de cohesi\u00f3n para movilizar m\u00e1s recursos hacia las zonas afectadas. Esta aprobaci\u00f3n se produce en el marco del nuevo Reglamento RESTORE, que permite destinar fondos para labores de reconstrucci\u00f3n derivadas de cat\u00e1strofes naturales.<\/p>\n<p>En total, la Comisi\u00f3n ha aprobado la reasignaci\u00f3n de 645 millones de euros, lo que sumar\u00e1 un total de 1.600 millones en financiaci\u00f3n de la UE con destino a la recuperaci\u00f3n de las zonas afectadas por la DANA.<\/p>\n<p>Pr\u00f3ximos pasos del FSUE<\/p>\n<p>Una vez que el Parlamento Europeo y el Consejo aprueben la propuesta de la Comisi\u00f3n de los fondos del FSUE, el Ministerio de Hacienda iniciar\u00e1, en coordinaci\u00f3n con la Generalitat Valenciana y el resto de administraciones afectadas, los procedimientos para asegurar que los fondos se distribuyen y aplican con la m\u00e1xima eficacia y transparencia, garantizando que contribuyen de manera directa a la recuperaci\u00f3n de los territorios da\u00f1ados.<\/p>\n<p>Origen del Fondo de Solidaridad<\/p>\n<p>El FSUE naci\u00f3 como respuesta a las devastadoras inundaciones que afectaron a Europa central en el verano de 2002. Desde entonces, se ha consolidado como la principal herramienta de la UE para actuar ante grandes cat\u00e1strofes naturales y reflejar la solidaridad europea.<\/p>\n<p>Espa\u00f1a ha recurrido a este fondo en varias ocasiones, entre las que destacan la crisis del Prestige en 2003, el terremoto de Lorca en 2011, la pandemia de la COVID-19 en 2020 o la erupci\u00f3n del volc\u00e1n en La Palma en 2022.<\/p>\n<p>Con la asignaci\u00f3n actual, Espa\u00f1a habr\u00e1 recibido m\u00e1s de 1.100 millones de euros del FSUE desde su creaci\u00f3n, consolidando el apoyo de la Uni\u00f3n Europea a Espa\u00f1a en los momentos m\u00e1s dif\u00edciles.<\/p>\n<p>                <img decoding=\"async\" alt=\"Banderas de la Uni\u00f3n Europea\" title=\"Banderas de la Uni\u00f3n Europea\" src=\"https:\/\/www.europesays.com\/es\/wp-content\/uploads\/2025\/10\/010419-banderasue.jpg\"\/><\/p>\n<p id=\"ctl00_PlaceHolderMain_DisplayMode_noticia_pImageCaption\" class=\"media-captionContainer rs_skip\">Sede de la Comisi\u00f3n Europea.<\/p>\n<ul id=\"ctl00_PlaceHolderMain_DisplayMode_noticia_list_banner_home\" class=\"list-banner list-banner-no-border\">&#13;<\/p>\n<li class=\"BannerLi\">&#13;<br \/>\n\t\t\t\t\t<a title=\"Datos actualizados y ayudas del Plan de Respuesta Inmediata, Reconstrucci\u00f3n y Relanzamiento\" href=\"https:\/\/www.lamoncloa.gob.es\/info-dana\/Paginas\/index.aspx\" rel=\"nofollow noopener\" target=\"_blank\"><img decoding=\"async\" title=\"Datos actualizados y ayudas del Plan de Respuesta Inmediata, Reconstrucci\u00f3n y Relanzamiento\" src=\"https:\/\/www.europesays.com\/es\/wp-content\/uploads\/2025\/09\/1756890969_792_banner-noticias-dana.png\" alt=\"Datos actualizados y ayudas del Plan de Respuesta Inmediata, Reconstrucci\u00f3n y Relanzamiento\"\/><\/a>&#13;\n\t\t\t\t<\/li>\n<p>&#13;\n\t\t\t<\/ul>\n","protected":false},"excerpt":{"rendered":"La Comisi\u00f3n Europea ha aprobado la Decisi\u00f3n por la que se concede a Espa\u00f1a 946 millones de euros&hellip;\n","protected":false},"author":2,"featured_media":154981,"comment_status":"","ping_status":"","sticky":false,"template":"","format":"standard","meta":{"footnotes":""},"categories":[8],"tags":[17,18,25,24,13,14,11,19,20,9,10,15,16,23,12,21,22],"class_list":{"0":"post-154980","1":"post","2":"type-post","3":"status-publish","4":"format-standard","5":"has-post-thumbnail","7":"category-espana","8":"tag-breaking-news","9":"tag-breakingnews","10":"tag-es","11":"tag-espana","12":"tag-featured-news","13":"tag-featurednews","14":"tag-headlines","15":"tag-latest-news","16":"tag-latestnews","17":"tag-news","18":"tag-noticias","19":"tag-noticias-destacadas","20":"tag-noticiasdestacadas","21":"tag-spain","22":"tag-titulares","23":"tag-ultimas-noticias","24":"tag-ultimasnoticias"},"share_on_mastodon":{"url":"","error":""},"_links":{"self":[{"href":"https:\/\/www.europesays.com\/es\/wp-json\/wp\/v2\/posts\/154980","targetHints":{"allow":["GET"]}}],"collection":[{"href":"https:\/\/www.europesays.com\/es\/wp-json\/wp\/v2\/posts"}],"about":[{"href":"https:\/\/www.europesays.com\/es\/wp-json\/wp\/v2\/types\/post"}],"author":[{"embeddable":true,"href":"https:\/\/www.europesays.com\/es\/wp-json\/wp\/v2\/users\/2"}],"replies":[{"embeddable":true,"href":"https:\/\/www.europesays.com\/es\/wp-json\/wp\/v2\/comments?post=154980"}],"version-history":[{"count":0,"href":"https:\/\/www.europesays.com\/es\/wp-json\/wp\/v2\/posts\/154980\/revisions"}],"wp:featuredmedia":[{"embeddable":true,"href":"https:\/\/www.europesays.com\/es\/wp-json\/wp\/v2\/media\/154981"}],"wp:attachment":[{"href":"https:\/\/www.europesays.com\/es\/wp-json\/wp\/v2\/media?parent=154980"}],"wp:term":[{"taxonomy":"category","embeddable":true,"href":"https:\/\/www.europesays.com\/es\/wp-json\/wp\/v2\/categories?post=154980"},{"taxonomy":"post_tag","embeddable":true,"href":"https:\/\/www.europesays.com\/es\/wp-json\/wp\/v2\/tags?post=154980"}],"curies":[{"name":"wp","href":"https:\/\/api.w.org\/{rel}","templated":true}]}}