{"id":154984,"date":"2025-10-03T14:03:10","date_gmt":"2025-10-03T14:03:10","guid":{"rendered":"https:\/\/www.europesays.com\/es\/154984\/"},"modified":"2025-10-03T14:03:10","modified_gmt":"2025-10-03T14:03:10","slug":"milar-codeco-nuevo-patrocinador-del-cordoba-de-balonmano","status":"publish","type":"post","link":"https:\/\/www.europesays.com\/es\/154984\/","title":{"rendered":"Milar Codeco, nuevo patrocinador del C\u00f3rdoba de Balonmano"},"content":{"rendered":"<p>Milar ya luce en la camiseta del CBM como nuevo patrocinador para la temporada 25\/26, sum\u00e1ndose as\u00ed a las entidades que apoyan al club desde hace a\u00f1os. Adem\u00e1s del equipo s\u00e9nior, la cadena de electrodom\u00e9sticos estar\u00e1 presente en el resto de categor\u00edas y en el plan de \u201cBecas Deportivas Milar\u201d, destinadas a aquellos jugadores del club con dificultades econ\u00f3micas para el normal desarrollo de su actividad deportiva vinculada al C\u00f3rdoba de Balonmano.<\/p>\n<p>La cadena MILAR est\u00e1 gestionada en Andaluc\u00eda por CODECO, empresa cordobesa con m\u00e1s de 60 tiendas en nuestra regi\u00f3n, dos de ellas en la capital: una en la Avenida de Granada y otra en el Pol\u00edgono de Chinales, muy pr\u00f3xima al polideportivo sede del #orgullogranate.<\/p>\n<p><strong>\u201cEn Milar llevamos muchos a\u00f1os apoyando el deporte en distintas disciplinas y, de manera especial, a las categor\u00edas base, porque creemos firmemente en los valores de esfuerzo, superaci\u00f3n y trabajo en equipo que transmiten a la sociedad\u201d<\/strong>, se\u00f1al\u00f3 Rosa Navarro, CEO de MILAR CODECO.<\/p>\n<p>Por su parte, Francisco D\u00edez, presidente de MILAR CODECO y CEO de MILAR CHINALES, destac\u00f3: <strong>\u201cPara nosotros es un verdadero honor poder colaborar con este club de C\u00f3rdoba, la ciudad donde se ubica nuestra sede, y contribuir al crecimiento de un referente deportivo que representa los valores de nuestra tierra\u201d<\/strong>.<\/p>\n<p>Con este acuerdo, MILAR refuerza su compromiso con el deporte andaluz y con las nuevas generaciones, continuando la labor que desarrolla desde hace a\u00f1os junto a otros clubes de f\u00fatbol, f\u00fatbol sala, baloncesto, tenis y distintas disciplinas deportivas.<\/p>\n<p><img decoding=\"async\" src=\"https:\/\/www.europesays.com\/es\/wp-content\/uploads\/2025\/10\/731-milar-codeco-colaboracion.jpg\" alt=\"Codeco\"\/><\/p>\n","protected":false},"excerpt":{"rendered":"Milar ya luce en la camiseta del CBM como nuevo patrocinador para la temporada 25\/26, sum\u00e1ndose as\u00ed a&hellip;\n","protected":false},"author":2,"featured_media":154985,"comment_status":"","ping_status":"","sticky":false,"template":"","format":"standard","meta":{"footnotes":""},"categories":[278],"tags":[376,168,25,24,375,23,167],"class_list":{"0":"post-154984","1":"post","2":"type-post","3":"status-publish","4":"format-standard","5":"has-post-thumbnail","7":"category-balonmano","8":"tag-balonmano","9":"tag-deportes","10":"tag-es","11":"tag-espana","12":"tag-handball","13":"tag-spain","14":"tag-sports"},"share_on_mastodon":{"url":"","error":""},"_links":{"self":[{"href":"https:\/\/www.europesays.com\/es\/wp-json\/wp\/v2\/posts\/154984","targetHints":{"allow":["GET"]}}],"collection":[{"href":"https:\/\/www.europesays.com\/es\/wp-json\/wp\/v2\/posts"}],"about":[{"href":"https:\/\/www.europesays.com\/es\/wp-json\/wp\/v2\/types\/post"}],"author":[{"embeddable":true,"href":"https:\/\/www.europesays.com\/es\/wp-json\/wp\/v2\/users\/2"}],"replies":[{"embeddable":true,"href":"https:\/\/www.europesays.com\/es\/wp-json\/wp\/v2\/comments?post=154984"}],"version-history":[{"count":0,"href":"https:\/\/www.europesays.com\/es\/wp-json\/wp\/v2\/posts\/154984\/revisions"}],"wp:featuredmedia":[{"embeddable":true,"href":"https:\/\/www.europesays.com\/es\/wp-json\/wp\/v2\/media\/154985"}],"wp:attachment":[{"href":"https:\/\/www.europesays.com\/es\/wp-json\/wp\/v2\/media?parent=154984"}],"wp:term":[{"taxonomy":"category","embeddable":true,"href":"https:\/\/www.europesays.com\/es\/wp-json\/wp\/v2\/categories?post=154984"},{"taxonomy":"post_tag","embeddable":true,"href":"https:\/\/www.europesays.com\/es\/wp-json\/wp\/v2\/tags?post=154984"}],"curies":[{"name":"wp","href":"https:\/\/api.w.org\/{rel}","templated":true}]}}