{"id":154986,"date":"2025-10-03T14:04:10","date_gmt":"2025-10-03T14:04:10","guid":{"rendered":"https:\/\/www.europesays.com\/es\/154986\/"},"modified":"2025-10-03T14:04:10","modified_gmt":"2025-10-03T14:04:10","slug":"asi-son-los-toros-de-victoriano-del-rio-para-hoy","status":"publish","type":"post","link":"https:\/\/www.europesays.com\/es\/154986\/","title":{"rendered":"as\u00ed son los toros de Victoriano del R\u00edo para hoy"},"content":{"rendered":"<p>La <strong data-start=\"416\" data-end=\"439\">Feria de Oto\u00f1o 2025<\/strong> contin\u00faa este viernes con un cartel de gran calado en la plaza de toros de <strong data-start=\"515\" data-end=\"529\">Las Ventas<\/strong>, en una edici\u00f3n muy concentrada y de gran nivel. Tras un incio tibio con la novillada de L\u00f3pez Gibaja, el abono madrile\u00f1o entra en una jornada decisiva en la que se miden tres toreros en distintos momentos de sus carreras y una de las ganader\u00edas m\u00e1s fiables de la temporada. Con la exigencia de Madrid siempre presente, la cita no se retransmitir\u00e1 por televisi\u00f3n, por lo que solo el p\u00fablico asistente ser\u00e1 testigo directo de lo que ocurra en el ruedo.<\/p>\n<p>La <b>ganader\u00eda de <a title=\"Victoriano del R\u00edo\" href=\"https:\/\/www.larazon.es\/cultura\/toros\/san-isidro-rinde-bravura-victoriano-rio-hierro-que-conquista-ventas-toros-leyenda_202505246831e1559906bf76df7231fc.html\" target=\"_blank\" rel=\"nofollow noopener\">Victoriano del R\u00edo<\/a>, con un toro de <a title=\"Toros de Cort\u00e9s\" href=\"https:\/\/www.larazon.es\/cultura\/toros\/san-isidro-rinde-bravura-victoriano-rio-hierro-que-conquista-ventas-toros-leyenda_202505246831e1559906bf76df7231fc.html\" target=\"_blank\" rel=\"nofollow noopener\">Toros de Cort\u00e9s<\/a>, <\/b>regresa al coso vente\u00f1o con el respaldo de su trayectoria. Finca en Guadalix de la Sierra, el hierro ha protagonizado algunos de los grandes triunfos de las \u00faltimas d\u00e9cadas en Madrid. Nombres como Jos\u00e9 Tom\u00e1s, C\u00e9sar Jim\u00e9nez, Espl\u00e1, Manzanares, Roca Rey o Talavante han abierto la Puerta Grande con toros de su divisa. M\u00e1s recientemente, en la <strong data-start=\"1387\" data-end=\"1415\">Feria de San Isidro 2025<\/strong>, dos ejemplares de <a title=\"Victoriano del R\u00edo\" href=\"https:\/\/www.larazon.es\/cultura\/toros\/san-isidro-rinde-bravura-victoriano-rio-hierro-que-conquista-ventas-toros-leyenda_202505246831e1559906bf76df7231fc.html\" target=\"_blank\" rel=\"nofollow noopener\">Victoriano del R\u00edo<\/a> \u2014\u201cMisterio\u201d y \u201cFrenoso\u201d\u2014 dejaron su huella en la plaza. Este \u00faltimo fue ovacionado tras su lidia por Fernando Adri\u00e1n, que acarici\u00f3 una nueva salida a hombros. Conocida por su bravura, movilidad y fondo, la ganader\u00eda llega de nuevo a Madrid con la leyenda a cuestas y la expectativa intacta.<\/p>\n<p>El cartel lo componen <strong data-start=\"1768\" data-end=\"1787\"><a title=\"Emilio de Justo\" href=\"https:\/\/www.larazon.es\/tags\/emilio-de-justo\/\" target=\"_blank\" rel=\"nofollow noopener\">Emilio de Justo<\/a><\/strong>, <b><a title=\"Borja Jim\u00e9nez\" href=\"https:\/\/www.larazon.es\/tags\/borja-jimenez\/\" target=\"_blank\" rel=\"nofollow noopener\">Borja Jim\u00e9nez<\/a> y <a title=\"Tom\u00e1s Rufo\" href=\"https:\/\/www.larazon.es\/tags\/tomas-rufo\/\" target=\"_blank\" rel=\"nofollow noopener\">Tom\u00e1s Rufo<\/a><\/b>,<b> tres nombres que llegan con distintos argumentos y un mismo objetivo: triunfar en Las Ventas. <\/b>El extreme\u00f1o <a title=\"Emilio de Justo\" href=\"https:\/\/www.larazon.es\/tags\/emilio-de-justo\/\" target=\"_blank\" rel=\"nofollow noopener\">Emilio de Justo<\/a> vuelve a la plaza donde toc\u00f3 el cielo&#8230; y tambi\u00e9n donde sufri\u00f3 uno de los percances m\u00e1s duros de su carrera. <a title=\"Borja Jim\u00e9nez\" href=\"https:\/\/www.larazon.es\/tags\/borja-jimenez\/\" target=\"_blank\" rel=\"nofollow noopener\">Borja Jim\u00e9nez<\/a>, revelaci\u00f3n de San Isidro 2024, regresa con el cr\u00e9dito ganado y el reto de consolidar su posici\u00f3n. <a title=\"Tom\u00e1s Rufo\" href=\"https:\/\/www.larazon.es\/tags\/tomas-rufo\/\" target=\"_blank\" rel=\"nofollow noopener\">Tom\u00e1s Rufo<\/a>, que ya sabe lo que es salir a hombros de Madrid, vuelve a medirse con la afici\u00f3n m\u00e1s exigente.<\/p>\n<p>El <strong data-start=\"2282\" data-end=\"2311\">sorteo y enchiqueramiento<\/strong> de los toros ha tenido lugar esta ma\u00f1ana y el orden de lidia ya est\u00e1 definido. A las seis en punto de la tarde, con los clarines de Las Ventas, comenzar\u00e1 una corrida clave para la resoluci\u00f3n de la feria.<\/p>\n<p>Estos son los toros y el orden en que ser\u00e1n lidiados:<\/p>\n<p><b>Emilio de Justo<\/b> abrir\u00e1 la tarde con \u00abPudoroso\u00bb, n\u00ba 38, negro, 570 kg, nacido en 09\/2020.<\/p>\n<p><img decoding=\"async\" loading=\"lazy\" src=\"https:\/\/www.europesays.com\/es\/wp-content\/uploads\/2025\/10\/pudoroso-38_58.jpg\" alt=\"&quot;Pudoroso&quot;, n\u00ba 38\" width=\"6789\" height=\"4526\"\/><b>\u00abPudoroso\u00bb, n\u00ba 38<\/b>Alfredo Ar\u00e9valoPlaza 1<\/p>\n<p><b>Borja Jim\u00e9nez<\/b> lidiar\u00e1 en segundo lugar a \u00abBocinero\u00bb, n\u00ba 152, negro, 557 kg, nacido en 04\/2021.<\/p>\n<p><img decoding=\"async\" loading=\"lazy\" src=\"https:\/\/www.europesays.com\/es\/wp-content\/uploads\/2025\/10\/bocinero-152_58.jpg\" alt=\"&quot;Bocinero&quot;, n\u00ba 152\" width=\"6412\" height=\"4275\"\/><b>\u00abBocinero\u00bb, n\u00ba 152<\/b>Alfredo Ar\u00e9valoPlaza 1<\/p>\n<p>El tercero ser\u00e1 \u00abCarterista\u00bb, n\u00ba 94, negro list\u00f3n salpicado, 529 kg, nacido en 02\/2020, para<b> Tom\u00e1s Rufo.<\/b><\/p>\n<p><img decoding=\"async\" loading=\"lazy\" src=\"https:\/\/www.europesays.com\/es\/wp-content\/uploads\/2025\/10\/carterista-94_58.jpg\" alt=\"&quot;Carterista&quot;, n\u00ba 94\" width=\"7751\" height=\"5167\"\/><b>\u00abCarterista\u00bb, n\u00ba 94<\/b>Alfredo Ar\u00e9valoPlaza 1<\/p>\n<p>En cuarto turno saldr\u00e1 \u00abDiamante\u00bb, n\u00ba 6, negro, 566 kg, nacido en 03\/2020, para<b> Emilio de Justo.<\/b><\/p>\n<p><img decoding=\"async\" loading=\"lazy\" src=\"https:\/\/www.europesays.com\/es\/wp-content\/uploads\/2025\/10\/diamante-6_58.jpg\" alt=\"&quot;Diamante&quot;, n\u00ba 6\" width=\"7225\" height=\"4817\"\/><b>\u00abDiamante\u00bb, n\u00ba 6<\/b>Alfredo Ar\u00e9valoPlaza 1<\/p>\n<p><b>Borja Jim\u00e9nez <\/b>se enfrentar\u00e1 al quinto, \u00abSoleares\u00bb, n\u00ba 192, negro, 554 kg, nacido en 02\/2021, de <b>Toros de Cort\u00e9s.<\/b><\/p>\n<p><img decoding=\"async\" loading=\"lazy\" src=\"https:\/\/www.europesays.com\/es\/wp-content\/uploads\/2025\/10\/soleares-192_58.jpg\" alt=\"&quot;Soleares&quot;, n\u00ba 192\" width=\"6748\" height=\"4499\"\/><b>\u00abSoleares\u00bb, n\u00ba 192<\/b>Alfredo Ar\u00e9valoPlaza 1<\/p>\n<p>Cerrar\u00e1 la tarde <b>Tom\u00e1s Rufo<\/b> con \u00abBochornoso\u00bb, n\u00ba 105, negro list\u00f3n bragado, 565 kg, nacido en 08\/2020.<\/p>\n<p><img decoding=\"async\" loading=\"lazy\" src=\"https:\/\/www.europesays.com\/es\/wp-content\/uploads\/2025\/10\/bochornoso-105_58.jpg\" alt=\"&quot;Bochornoso&quot;, n\u00ba 105\" width=\"7225\" height=\"4817\"\/><b>\u00abBochornoso\u00bb, n\u00ba 105<\/b>Alfredo Ar\u00e9valoPlaza 1<\/p>\n<p>El primer sobrero ser\u00e1 \u00abEncaminado\u00bb, n\u00ba 64, con el hierro de<b> Victoriano del R\u00edo,<\/b> y el segundo \u00abEsparraguero\u00bb, n\u00ba 56, de la ganader\u00eda de <b>Ave Mar\u00eda.<\/b><\/p>\n","protected":false},"excerpt":{"rendered":"La Feria de Oto\u00f1o 2025 contin\u00faa este viernes con un cartel de gran calado en la plaza de&hellip;\n","protected":false},"author":2,"featured_media":154987,"comment_status":"","ping_status":"","sticky":false,"template":"","format":"standard","meta":{"footnotes":""},"categories":[277],"tags":[373,168,25,24,23,167,374],"class_list":{"0":"post-154986","1":"post","2":"type-post","3":"status-publish","4":"format-standard","5":"has-post-thumbnail","7":"category-toreo","8":"tag-bullfighting","9":"tag-deportes","10":"tag-es","11":"tag-espana","12":"tag-spain","13":"tag-sports","14":"tag-toreo"},"share_on_mastodon":{"url":"","error":""},"_links":{"self":[{"href":"https:\/\/www.europesays.com\/es\/wp-json\/wp\/v2\/posts\/154986","targetHints":{"allow":["GET"]}}],"collection":[{"href":"https:\/\/www.europesays.com\/es\/wp-json\/wp\/v2\/posts"}],"about":[{"href":"https:\/\/www.europesays.com\/es\/wp-json\/wp\/v2\/types\/post"}],"author":[{"embeddable":true,"href":"https:\/\/www.europesays.com\/es\/wp-json\/wp\/v2\/users\/2"}],"replies":[{"embeddable":true,"href":"https:\/\/www.europesays.com\/es\/wp-json\/wp\/v2\/comments?post=154986"}],"version-history":[{"count":0,"href":"https:\/\/www.europesays.com\/es\/wp-json\/wp\/v2\/posts\/154986\/revisions"}],"wp:featuredmedia":[{"embeddable":true,"href":"https:\/\/www.europesays.com\/es\/wp-json\/wp\/v2\/media\/154987"}],"wp:attachment":[{"href":"https:\/\/www.europesays.com\/es\/wp-json\/wp\/v2\/media?parent=154986"}],"wp:term":[{"taxonomy":"category","embeddable":true,"href":"https:\/\/www.europesays.com\/es\/wp-json\/wp\/v2\/categories?post=154986"},{"taxonomy":"post_tag","embeddable":true,"href":"https:\/\/www.europesays.com\/es\/wp-json\/wp\/v2\/tags?post=154986"}],"curies":[{"name":"wp","href":"https:\/\/api.w.org\/{rel}","templated":true}]}}