{"id":154988,"date":"2025-10-03T14:05:08","date_gmt":"2025-10-03T14:05:08","guid":{"rendered":"https:\/\/www.europesays.com\/es\/154988\/"},"modified":"2025-10-03T14:05:08","modified_gmt":"2025-10-03T14:05:08","slug":"nos-gustaria-volver-a-pelear-este-ano","status":"publish","type":"post","link":"https:\/\/www.europesays.com\/es\/154988\/","title":{"rendered":"Nos gustar\u00eda volver a pelear este a\u00f1o"},"content":{"rendered":"<p data-mrf-recirculation=\"Links P\u00e1rrafos\" class=\"ue-c-article__paragraph paragraph ue-c-article--first-letter-highlighted\">Durante el pasado<strong> WOW 22<\/strong>, MARCA tuvo la oportunidad de entrevistar a <strong>Javi Climent,<\/strong> entrenador de striking de <strong>Ilia Topuria. <\/strong>A pesar de que Aleksandre Topuria pelear\u00e1 el<strong> 22 de noviembre <\/strong>en Qatar y &#8216;El Matador&#8217; le est\u00e1 ayudando en el campamento, Javi revel\u00f3 que la<strong> intenci\u00f3n<\/strong> del equipo es volver antes de que acabe el a\u00f1o para que el peleador hispanogeorgiano defienda por primera vez su<strong> cintur\u00f3n de peso ligero<\/strong>. Adem\u00e1s, tambi\u00e9n trat\u00f3 otros temas como el posible salto al<strong> boxeo <\/strong>de su pupilo.<\/p>\n<p data-mrf-recirculation=\"Links P\u00e1rrafos\" class=\"ue-c-article__paragraph paragraph\">Uno de los grandes culpables de la<strong> transformaci\u00f3n<\/strong> que ha sufrido Ilia hasta convertirse en un <strong>noqueador <\/strong>de \u00e9lite es Javi, que ha pulido su striking hasta <strong>rozar la excelencia.<\/strong> Topuria, que comenz\u00f3 su carrera profesional con <strong>siete sumisiones<\/strong> en sus primeros siete combates, viene de noquear a <strong>tres leyendas <\/strong>como Alexander Volkanovski, Max Holloway y Charles Oliveira. Esto le ha permitido convertirse en el <strong>n\u00famero uno<\/strong> del r\u00e1nking libra por libra de la UFC, y en el <strong>primer doble campe\u00f3n invicto<\/strong> de la compa\u00f1\u00eda.<\/p>\n<blockquote class=\"ue-c-article__blockquote\">\n<p>Ya veremos lo que pasa, no depende solo de nosotros<\/p>\n<p>Javi Climent, entrenador de Ilia Topuria<\/p><\/blockquote>\n<p data-mrf-recirculation=\"Links P\u00e1rrafos\" class=\"ue-c-article__paragraph paragraph\">La <strong>duda<\/strong> est\u00e1 en saber cu\u00e1ndo volver\u00e1 a pelear Ilia, y contra qui\u00e9n, ya que solo hay <strong>dos peleadores <\/strong>disponibles actualmente: Justin Gaethje y Paddy Pimblett. \u00abNos gustar\u00eda volver a pelear <strong>este a\u00f1o.<\/strong> Ya veremos lo que pasa, no depende solo de nosotros. Si es este a\u00f1o bien, y si es a<strong> principios de 2026 <\/strong>bien tambi\u00e9n\u00bb, reconoc\u00eda Climent.<\/p>\n<p><img decoding=\"async\" width=\"1980\" height=\"1320\" class=\"ue-c-article__image lazyload\" alt=\"Ilia Topuria, junto a Javi Climent en un entrenamiento.\" loading=\"lazy\" src=\"https:\/\/www.europesays.com\/es\/wp-content\/uploads\/2025\/10\/6859cd5c8f0ec.jpeg\"\/><\/p>\n<p>Ilia Topuria, junto a Javi Climent en un entrenamiento.INSTAGRAM.<\/p>\n<p>El boxeo, una posibilidad real<\/p>\n<p data-mrf-recirculation=\"Links P\u00e1rrafos\" class=\"ue-c-article__paragraph paragraph\">Otros de los <strong>temas importantes<\/strong> en torno a la figura de &#8216;El Matador&#8217; es su intenci\u00f3n de dar el salto al <strong>boxeo.<\/strong> Durante las \u00faltimas semanas, Topuria ha dejado caer que no le importar\u00eda pelear contra<strong> Terrence Crawford <\/strong>-n\u00famero uno libra por libra del boxeo- en un futuro, e incluso han iniciado una <strong>rivalidad<\/strong> que da pie a pensar que se ver\u00e1n las caras en un futuro.<\/p>\n<blockquote class=\"ue-c-article__blockquote\">\n<p>\u00c9l tiene todas las capacidades boxear, por lo que puede hacer lo que le plazca<\/p>\n<p>Javi Climent, entrenador de Ilia Topuria<\/p><\/blockquote>\n<p data-mrf-recirculation=\"Links P\u00e1rrafos\" class=\"ue-c-article__paragraph paragraph\">Sin embargo, Javi cree que todav\u00eda es <strong>pronto<\/strong> para cambiar de deporte, ya que su pupilo est\u00e1 enfocado en <strong>defender su cintur\u00f3n<\/strong> y en seguir aumentando su<strong> legado<\/strong> en las MMA. \u00abAhora mismo Topuria est\u00e1 centrado en la UFC y en su cintur\u00f3n. Si en un<strong> futuro<\/strong> quiere dar el salto al boxeo, trabajaremos para ello. \u00c9l tiene <strong>todas las capacidades<\/strong>\u00a0para boxear, por lo que puede hacer lo que le plazca\u00bb, finaliz\u00f3.<\/p>\n<p data-mrf-recirculation=\"Links P\u00e1rrafos\" class=\"ue-c-article__paragraph paragraph\">Lo que est\u00e1 claro es que, una vez Aleksandre pelee en Qatar, Ilia quiere <strong>volver cuanto antes<\/strong>. &#8216;El Matador&#8217; sabe que ahora mismo es la mayor <strong>superestrella <\/strong>de la UFC, y tiene que aprovechar el tir\u00f3n medi\u00e1tico. No pelea desde<strong> junio<\/strong>, y si acaba 2025 sin volver a subirse al oct\u00e1gono habr\u00eda aparecido una \u00fanica vez en los \u00faltimos <strong>14 meses<\/strong>. A sus 28 a\u00f1os, Topuria est\u00e1 en su <strong>mejor momento<\/strong>, por lo que quiere aprovecharlo al m\u00e1ximo.<\/p>\n","protected":false},"excerpt":{"rendered":"Durante el pasado WOW 22, MARCA tuvo la oportunidad de entrevistar a Javi Climent, entrenador de striking de&hellip;\n","protected":false},"author":2,"featured_media":154989,"comment_status":"","ping_status":"","sticky":false,"template":"","format":"standard","meta":{"footnotes":""},"categories":[276],"tags":[168,25,24,23,167,343],"class_list":{"0":"post-154988","1":"post","2":"type-post","3":"status-publish","4":"format-standard","5":"has-post-thumbnail","7":"category-ufc","8":"tag-deportes","9":"tag-es","10":"tag-espana","11":"tag-spain","12":"tag-sports","13":"tag-ufc"},"share_on_mastodon":{"url":"","error":""},"_links":{"self":[{"href":"https:\/\/www.europesays.com\/es\/wp-json\/wp\/v2\/posts\/154988","targetHints":{"allow":["GET"]}}],"collection":[{"href":"https:\/\/www.europesays.com\/es\/wp-json\/wp\/v2\/posts"}],"about":[{"href":"https:\/\/www.europesays.com\/es\/wp-json\/wp\/v2\/types\/post"}],"author":[{"embeddable":true,"href":"https:\/\/www.europesays.com\/es\/wp-json\/wp\/v2\/users\/2"}],"replies":[{"embeddable":true,"href":"https:\/\/www.europesays.com\/es\/wp-json\/wp\/v2\/comments?post=154988"}],"version-history":[{"count":0,"href":"https:\/\/www.europesays.com\/es\/wp-json\/wp\/v2\/posts\/154988\/revisions"}],"wp:featuredmedia":[{"embeddable":true,"href":"https:\/\/www.europesays.com\/es\/wp-json\/wp\/v2\/media\/154989"}],"wp:attachment":[{"href":"https:\/\/www.europesays.com\/es\/wp-json\/wp\/v2\/media?parent=154988"}],"wp:term":[{"taxonomy":"category","embeddable":true,"href":"https:\/\/www.europesays.com\/es\/wp-json\/wp\/v2\/categories?post=154988"},{"taxonomy":"post_tag","embeddable":true,"href":"https:\/\/www.europesays.com\/es\/wp-json\/wp\/v2\/tags?post=154988"}],"curies":[{"name":"wp","href":"https:\/\/api.w.org\/{rel}","templated":true}]}}