{"id":154998,"date":"2025-10-03T14:18:20","date_gmt":"2025-10-03T14:18:20","guid":{"rendered":"https:\/\/www.europesays.com\/es\/154998\/"},"modified":"2025-10-03T14:18:20","modified_gmt":"2025-10-03T14:18:20","slug":"novedades-y-parte-medico-j1","status":"publish","type":"post","link":"https:\/\/www.europesays.com\/es\/154998\/","title":{"rendered":"Novedades y parte m\u00e9dico J1"},"content":{"rendered":"<p>\u2022  <strong>Bar\u00e7a:<\/strong> <strong>Juan N\u00fa\u00f1ez<\/strong>, que estar\u00e1 aproximadamente seis meses en el dique seco, es la baja barcelonista. Por otro lado, <strong>Miles Norris<\/strong> no jug\u00f3 en competici\u00f3n europea al ser el descarte en la convocatoria.<\/p>\n<p>\u2022   <strong>Baskonia:<\/strong> M\u00e1s all\u00e1 de la ausencia de <strong>Rodions Kurucs<\/strong>, que sigue recuper\u00e1ndose de su lesi\u00f3n en el tal\u00f3n, la buena noticia puede ser el regreso de <strong>Mamadi Diakat\u00e9<\/strong> (viaj\u00f3 al partido continental baskonista), que puede regresar tras haber estado ingresado por un virus durante pretemporada<\/p>\n<p>\u2022   <strong>B\u00e0squet Girona:<\/strong>  <strong>Maxi Fjellerup<\/strong>, que lleva menos entrenos, es la \u00fanica inc\u00f3gnita. El resto de la plantilla est\u00e1 disponible, incluidos los fichajes temporales <strong>Alexandre Chassang<\/strong> y <strong>Sander Hollanders<\/strong>, por lo que <strong>Moncho Fern\u00e1ndez<\/strong> deber\u00e1 hacer convocatoria. <\/p>\n<p>\u2022   <strong>BAXI Manresa:<\/strong>  <strong>Diego Ocampo<\/strong> no podr\u00e1 contar con <strong>Gustav Knudsen<\/strong>, lesionado en el partido de Eslovenia, por lo que <strong>Max Gasp\u00e0<\/strong> entrar\u00e1 en su lugar. <strong>Louis Olinde<\/strong>, que se perdi\u00f3 una parte de la pretemporada a causa de unas molestias musculares, est\u00e1 ya recuperado.<\/p>\n<p>\u2022   <strong>Casademont Zaragoza:<\/strong>. <strong>Sadik Kabaca<\/strong> es la \u00fanica confirmada, con <strong>Erik Stevenson<\/strong> como \u00fanica duda hasta \u00faltima hora. <strong>DJ Stephens<\/strong>, lesionado en el \u00faltimo amistoso ante Benfica, podr\u00e1 participar en el choque, al igual que <strong>Jaime Fern\u00e1ndez<\/strong>, que se hab\u00eda perdido los dos \u00faltimos encuentros de la preparaci\u00f3n por problemas en el tobillo.<\/p>\n<p>\u2022   <strong>Coviran Granada:<\/strong> <strong>Ram\u00f3n D\u00edaz<\/strong> podr\u00e1 contar con todos sus hombres para el duelo inaugural, incluido un <strong>Micah Speight<\/strong> ya recuperado de la sobrecarga muscular que le impidi\u00f3 entrenar algunos d\u00edas de la semana pasada.<\/p>\n<p>\u2022   <strong>Dreamland Gran Canaria:<\/strong> Al igual que en el \u00faltimo amistoso de pretemporada, <strong>Jaka Lakovic<\/strong> tiene disponible a todo su plantel para la Jornada 1 a excepci\u00f3n de la conocida baja de <strong>Carlos Aloc\u00e9n<\/strong>.<\/p>\n<p>\u2022   <strong>Hiopos Lleida:<\/strong> Estos \u00faltimos d\u00edas sufri\u00f3 ausencias en los entrenamientos de <strong>Cameron Krutwig<\/strong>, <strong>Gyorgy Goloman<\/strong> (ambos por procesos v\u00edricos) y <strong>James Batemon<\/strong> (Molestias f\u00edsicas). La evoluci\u00f3n es buena, aunque hasta \u00faltima hora no se sabr\u00e1 si pueden tomar parte en el choque.<\/p>\n<p>\u2022   <strong>Joventut Badalona:<\/strong> <strong>Michael Ruzic<\/strong>, que sufri\u00f3 un esguince en su tobillo derecho, \u00fanica baja verdinegra.<\/p>\n<p>\u2022   <strong>La Laguna Tenerife:<\/strong> Adem\u00e1s de la duda de <strong>Fran Guerra<\/strong>, tambi\u00e9n ser\u00e1 una inc\u00f3gnita hasta \u00faltimo moento <strong>Wesley Van Beck<\/strong>, que arrastra molestias en la zona lumbar.<\/p>\n<p>\u2022   <strong>MoraBanc Andorra:<\/strong> <strong>Stan Okoye<\/strong> es la \u00fanica baja andorrana. El resto de la plantilla, disponible.<\/p>\n<p>\u2022   <strong>Real Madrid:<\/strong> <strong>Sergio Scariolo<\/strong> podr\u00e1 contar con todos sus efectivos, descartando a <strong>Izan Almansa<\/strong> y <strong>Theo Maledon<\/strong> en el \u00faltimo partido continental. El franc\u00e9s, lesionado en pretemporada, con un problema muscular en los aductores, disput\u00f3 solo 2 minutos y medio en Supercopa Endesa. El t\u00e9cnico italiano se mostr\u00f3 cauto en el torneo que abri\u00f3 el curso: <strong>\u00ab\u201cNo es una cosa muy grave, pero la prudencia recomienda no forzar en absoluto\u201d<\/strong>.<\/p>\n<p>\u2022   <strong>Recoletas Salud San Pablo Burgos:<\/strong> <strong>Juan Rubio<\/strong>, con molestias en el isquio izquierdo, y <strong>Pablo Almaz\u00e1n<\/strong>, con molestias leves en la rodilla derecha, son dudas en un equipo en el que puede debutar el reci\u00e9n fichado, por dos meses, <strong>Sergi Garc\u00eda<\/strong>.<\/p>\n<p>\u2022   <strong>R\u00edo Breog\u00e1n:<\/strong> <strong>Luis Casimiro<\/strong> solo tiene la duda de <strong>Dominik Mavra<\/strong>, lesionado desde la Copa Galicia: <strong>\u00ab\u201cEsta semana ha empezado a entrenar con el grupo, veremos si puede llegar porque todav\u00eda est\u00e1 muy tierno para debutar. Ser\u00e1 dif\u00edcil que pueda jugar, pero no est\u00e1 descartado\u201d<\/strong>. Por otro lado, el refuerzo temporal <strong>Aleksander Cvetkovic<\/strong>, no viajar\u00e1 a Lleida.<\/p>\n<p>\u2022   <strong>Surne Bilbao Basket:<\/strong> <strong>Bassala Bagayoko<\/strong>, con una subluxaci\u00f3n en el hombro derecho, \u00fanica ausencia bilba\u00edna. Por otro lado, <strong>Stefan Lazarevic<\/strong>, que arrastraba molestias, est\u00e1 <strong>\u00abpr\u00e1cticamente al 100%<\/strong>, seg\u00fan <strong>Jaume Ponsarnau<\/strong>.<\/p>\n<p>\u2022   <strong>UCAM Murcia:<\/strong> <strong>Zach Hicks<\/strong> llega para suplir la baja de larga duraci\u00f3n de <strong>Kaiser Gates<\/strong>, mientras que <strong>Rub\u00e9n L\u00f3pez de la Torre<\/strong> tampoco podr\u00e1 saltar a la pista. Con el resto de la plantilla en condiciones, <strong>Sito Alonso<\/strong> deber\u00e1 hacer un descarte.<\/p>\n<p>\u2022   <strong>Unicaja:<\/strong> <strong>James Webb III<\/strong>, baja en la \u00faltima sesi\u00f3n, es inc\u00f3gnita por una lesi\u00f3n muscular y <strong>Kendrick Perry<\/strong> est\u00e1 tocado (<strong>\u00abVolvi\u00f3 a entrenar este jueves, aunque no est\u00e1 al 100%\u00bb<\/strong>, asegura <strong>Ibon Navarro<\/strong>). Por el lado positivo, <strong>Tyson P\u00e9rez<\/strong> vuelve tras perderse la Supercopa Endesa por problemas f\u00edsicos.<\/p>\n<p>\u2022   <strong>Valencia Basket:<\/strong> A\u00fan le queda disputar un partido continental antes de su estreno liguero. Este viernes en Europa sus bajas ser\u00e1n cuatro: <strong>Xabi L\u00f3pez-Arostegui, Jean Montero, Brancou Badio<\/strong> y <strong>Yankuba Sima<\/strong>.<\/p>\n","protected":false},"excerpt":{"rendered":"\u2022 Bar\u00e7a: Juan N\u00fa\u00f1ez, que estar\u00e1 aproximadamente seis meses en el dique seco, es la baja barcelonista. Por&hellip;\n","protected":false},"author":2,"featured_media":154999,"comment_status":"","ping_status":"","sticky":false,"template":"","format":"standard","meta":{"footnotes":""},"categories":[93],"tags":[168,25,24,23,167],"class_list":{"0":"post-154998","1":"post","2":"type-post","3":"status-publish","4":"format-standard","5":"has-post-thumbnail","7":"category-deportes","8":"tag-deportes","9":"tag-es","10":"tag-espana","11":"tag-spain","12":"tag-sports"},"share_on_mastodon":{"url":"","error":""},"_links":{"self":[{"href":"https:\/\/www.europesays.com\/es\/wp-json\/wp\/v2\/posts\/154998","targetHints":{"allow":["GET"]}}],"collection":[{"href":"https:\/\/www.europesays.com\/es\/wp-json\/wp\/v2\/posts"}],"about":[{"href":"https:\/\/www.europesays.com\/es\/wp-json\/wp\/v2\/types\/post"}],"author":[{"embeddable":true,"href":"https:\/\/www.europesays.com\/es\/wp-json\/wp\/v2\/users\/2"}],"replies":[{"embeddable":true,"href":"https:\/\/www.europesays.com\/es\/wp-json\/wp\/v2\/comments?post=154998"}],"version-history":[{"count":0,"href":"https:\/\/www.europesays.com\/es\/wp-json\/wp\/v2\/posts\/154998\/revisions"}],"wp:featuredmedia":[{"embeddable":true,"href":"https:\/\/www.europesays.com\/es\/wp-json\/wp\/v2\/media\/154999"}],"wp:attachment":[{"href":"https:\/\/www.europesays.com\/es\/wp-json\/wp\/v2\/media?parent=154998"}],"wp:term":[{"taxonomy":"category","embeddable":true,"href":"https:\/\/www.europesays.com\/es\/wp-json\/wp\/v2\/categories?post=154998"},{"taxonomy":"post_tag","embeddable":true,"href":"https:\/\/www.europesays.com\/es\/wp-json\/wp\/v2\/tags?post=154998"}],"curies":[{"name":"wp","href":"https:\/\/api.w.org\/{rel}","templated":true}]}}