{"id":155008,"date":"2025-10-03T14:23:09","date_gmt":"2025-10-03T14:23:09","guid":{"rendered":"https:\/\/www.europesays.com\/es\/155008\/"},"modified":"2025-10-03T14:23:09","modified_gmt":"2025-10-03T14:23:09","slug":"una-de-las-victimas-del-atentado-de-la-sinagoga-de-manchester-murio-por-los-disparos-de-la-policia-internacional","status":"publish","type":"post","link":"https:\/\/www.europesays.com\/es\/155008\/","title":{"rendered":"Una de las v\u00edctimas del atentado de la sinagoga de M\u00e1nchester muri\u00f3 por los disparos de la polic\u00eda | Internacional"},"content":{"rendered":"<p class=\"\">La polic\u00eda de M\u00e1nchester ha admitido este viernes que uno de los dos fallecidos en <a href=\"https:\/\/elpais.com\/internacional\/2025-10-02\/un-hombre-apunala-a-varias-personas-en-una-sinagoga-de-manchester-durante-la-celebracion-del-yom-kipur.html\" target=\"_self\" rel=\"nofollow noopener\" title=\"https:\/\/elpais.com\/internacional\/2025-10-02\/un-hombre-apunala-a-varias-personas-en-una-sinagoga-de-manchester-durante-la-celebracion-del-yom-kipur.html\">el atentado terrorista contra la sinagoga de M\u00e1nchester <\/a>muri\u00f3 por los disparos de los agentes. Otro de los heridos tambi\u00e9n fue alcanzado accidentalmente por las balas de las fuerzas de seguridad. <\/p>\n<p class=\"\">\u201cLos forenses de Interior han advertido de manera provisional que una de las v\u00edctimas habr\u00eda sufrido una herida consistente con arma de fuego. El sospechoso abatido, Jihad al Shamie, no estaba en posesi\u00f3n de un arma de ese tipo, y los \u00fanicos disparos procedieron de los agentes, al intentar evitar que el agresor entrara en la sinagoga y provocara da\u00f1os mayores en la comunidad jud\u00eda\u201d, ha relatado el comisario jefe de la polic\u00eda de M\u00e1nchester, Stephen Watson. <\/p>\n<p class=\"\">\u201cTras un examen forense posterior, la herida pudo ser la consecuencia tr\u00e1gica e inesperada de la necesaria actuaci\u00f3n urgente de los oficiales para poder poner fin a un atentado perverso\u201d, ha concluido Watson.<\/p>\n<p class=\"\">El comisario jefe ha se\u00f1alado tambi\u00e9n que uno de las tres v\u00edctimas que resultaron heridas y fueron hospitalizadas \u201ctambi\u00e9n sufri\u00f3 una herida de bala, pero no lo suficientemente grave como para amenazar su vida\u201d.<\/p>\n<p class=\"\"><a href=\"https:\/\/elpais.com\/internacional\/2025-10-02\/un-hombre-apunala-a-varias-personas-en-una-sinagoga-de-manchester-durante-la-celebracion-del-yom-kipur.html\" target=\"_self\" rel=\"nofollow noopener\" title=\"https:\/\/elpais.com\/internacional\/2025-10-02\/un-hombre-apunala-a-varias-personas-en-una-sinagoga-de-manchester-durante-la-celebracion-del-yom-kipur.html\">El primer ministro brit\u00e1nico, Keir Starmer, y su esposa, Victoria Starmer<\/a>, han visitado este viernes a primera hora la sinagoga de Heaton Park en M\u00e1nchester, donde tuvo lugar el atentado este jueves. La zona sigue acordonada y la polic\u00eda sigue adelante con sus pesquisas. Si el jueves las autoridades se decidieron a identificar a Jihad al Shamie, un brit\u00e1nico de 35 a\u00f1os de origen sirio, como el autor de la matanza, este viernes han revelado los nombres de las dos v\u00edctimas mortales. Se trata de Adrian Daulby, de 53 a\u00f1os, y de Melvin Cravitz, de 66. <\/p>\n<p class=\"\">La polic\u00eda brit\u00e1nica y el MI5, el servicio de inteligencia interior, tienen previsto actuar en los pr\u00f3ximos d\u00edas con m\u00e1xima alerta, a medida que se acerca el aniversario de<a href=\"https:\/\/elpais.com\/internacional\/2024-10-06\/la-matanza-del-7-de-octubre-como-hamas-asalto-la-frontera-con-israel-y-asesino-a-1200-personas.html\" target=\"_self\" rel=\"nofollow noopener\" title=\"https:\/\/elpais.com\/internacional\/2024-10-06\/la-matanza-del-7-de-octubre-como-hamas-asalto-la-frontera-con-israel-y-asesino-a-1200-personas.html\"> la matanza llevada a cabo por Ham\u00e1s en Israel, que desencaden\u00f3 la guerra en Gaza.<\/a> El atentado contra la sinagoga de M\u00e1nchester ha forzado ya a elevar la presencia oficial en todos los edificios religiosos y comunales, as\u00ed como en los barrios donde conviven la mayor\u00eda de los jud\u00edos que viven en el Reino Unido.<\/p>\n<p><img decoding=\"auto\" class=\"_re lazyload a_m-h\" height=\"276\"  width=\"414\"  src=\"https:\/\/www.europesays.com\/es\/wp-content\/uploads\/2025\/10\/AWAXQQOCVFAIHAY4BXONJEQYDU.jpg\" loading=\"lazy\"\/>Keir Starmer y su esposa Victoria Starmer visitan este viernes la sinagoga de M\u00e1nchesterChristopher Furlong (Getty Images)<\/p>\n<p class=\"\">Horas despu\u00e9s de que la polic\u00eda revelara la identidad del autor del atentado, Jihad al Shamie, su padre, Faraj al Shamie, ha expresado su \u201cprofunda conmoci\u00f3n\u201d por lo ocurrido y lo ha condenado a trav\u00e9s de la red social Facebook: \u201cLa familia Al Shamie en el Reino Unido y en el exterior condena este acto atroz contra civiles pac\u00edficos e inocentes. Nos desvinculamos completamente de este atentado y expresamos nuestra profunda conmoci\u00f3n y tristeza por lo ocurrido\u201d, ha escrito. A continuaci\u00f3n, ha pedido a los medios de comunicaci\u00f3n que respeten la privacidad de su familia.<\/p>\n<p class=\"\">El atentado ha llevado al Gobierno de Starmer a<a href=\"https:\/\/elpais.com\/internacional\/2025-09-06\/la-mano-dura-de-starmer-contra-el-apoyo-al-grupo-accion-palestina-tensa-el-debate-politico-en-el-reino-unido.html\" target=\"_self\" rel=\"nofollow noopener\" title=\"https:\/\/elpais.com\/internacional\/2025-09-06\/la-mano-dura-de-starmer-contra-el-apoyo-al-grupo-accion-palestina-tensa-el-debate-politico-en-el-reino-unido.html\"> endurecer su tono contra los activistas propalestinos que desde hace dos a\u00f1os protestan en las calles de Londres<\/a>. La ministra del Interior, Shabana Mahmood, ha calificado de \u201cmuy poco brit\u00e1nicas\u201d las protestas del jueves en Londres, por el abordaje de Israel de la flotilla con ayuda a Gaza en aguas internacionales. Cerca de 40 activistas fueron arrestados por la polic\u00eda al expresar su apoyo a la organizaci\u00f3n activista Acci\u00f3n Palestina (PA, en sus siglas en ingl\u00e9s), a la que el Gobierno brit\u00e1nico ha calificado legalmente como grupo terrorista. Desde que tom\u00f3 esa decisi\u00f3n, casi 2.000 personas han sido arrestadas por respaldar los actos de sabotaje de PA, <a href=\"https:\/\/elpais.com\/cultura\/2025-09-04\/paul-laverty-detenido-por-denunciar-el-genocidio-en-gaza-estan-recortando-las-libertades-civiles-ante-nuestros-propios-ojos.html\" target=\"_self\" rel=\"nofollow noopener\" title=\"https:\/\/elpais.com\/cultura\/2025-09-04\/paul-laverty-detenido-por-denunciar-el-genocidio-en-gaza-estan-recortando-las-libertades-civiles-ante-nuestros-propios-ojos.html\">entre ellos, el guionista Paul Laverty<\/a>.<\/p>\n<p class=\"\">La Polic\u00eda Metropolitana de Londres, al l\u00edmite de sus recursos al tener que multiplicar el n\u00famero de agentes destinados a proteger a la comunidad jud\u00eda, ha pedido al grupo Defend Our Juries, que est\u00e1 detr\u00e1s de la organizaci\u00f3n de apoyo a PA, que cancele la manifestaci\u00f3n prevista para este s\u00e1bado en Londres. Unas 1.500 personas ten\u00edan previsto volver a desafiar la legislaci\u00f3n antiterrorista del Gobierno de Starmer con su respaldo p\u00fablico a Acci\u00f3n Palestina.<\/p>\n<p class=\"\">\u201cTras los horrendos y tr\u00e1gicos eventos de M\u00e1nchester, cuyos detalles todav\u00eda siguen surgiendo, la Polic\u00eda Metropolitana ha incrementado su operativo de seguridad en la capital, con especial \u00e9nfasis en las comunidades jud\u00edas y musulmanas\u201d, dice el texto. \u201cOs solicitamos que consider\u00e9is hacer una pausa en vuestra actividad y traslad\u00e9is la protesta a otro fin de semana\u201d, solicita la polic\u00eda.<\/p>\n<p class=\"\">La respuesta de los organizadores no se ha hecho esperar: han dejado claro que seguir\u00e1n adelante con la protesta, han condenado el atentado de M\u00e1nchester y han dado a la polic\u00eda la que para ellos es la soluci\u00f3n ante el dilema planteado: \u201cNo nos arrest\u00e9is\u201d, han dicho en Twitter.<\/p>\n<p class=\"\">\u201cConfiamos en que tom\u00e9is la decisi\u00f3n correcta y no deteng\u00e1is a ninguno de los manifestantes, y desplegu\u00e9is vuestro esfuerzo antiterrorista de modo correcto este fin de semana\u201d, ha dicho Defend Our Juries en su respuesta formal a la polic\u00eda. \u201cOs alentamos a priorizar la protecci\u00f3n de la comunidad [jud\u00eda], en vez de arrestar a aquellos que pac\u00edficamente exhiben carteles contra la prohibici\u00f3n absurda y draconiana de un grupo activista\u201d, a\u00f1aden.<\/p>\n","protected":false},"excerpt":{"rendered":"La polic\u00eda de M\u00e1nchester ha admitido este viernes que uno de los dos fallecidos en el atentado terrorista&hellip;\n","protected":false},"author":2,"featured_media":155009,"comment_status":"","ping_status":"","sticky":false,"template":"","format":"standard","meta":{"footnotes":""},"categories":[42],"tags":[17,18,13,14,11,61,62,63,64,26223,2928,19,20,9985,9,10,15,16,2444,44080,592,12,21,22,65,66,67],"class_list":{"0":"post-155008","1":"post","2":"type-post","3":"status-publish","4":"format-standard","5":"has-post-thumbnail","7":"category-internacional","8":"tag-breaking-news","9":"tag-breakingnews","10":"tag-featured-news","11":"tag-featurednews","12":"tag-headlines","13":"tag-internacional","14":"tag-international","15":"tag-international-news","16":"tag-internationalnews","17":"tag-judaismo","18":"tag-keir-starmer","19":"tag-latest-news","20":"tag-latestnews","21":"tag-manchester","22":"tag-news","23":"tag-noticias","24":"tag-noticias-destacadas","25":"tag-noticiasdestacadas","26":"tag-reino-unido","27":"tag-sinagogas","28":"tag-terrorismo","29":"tag-titulares","30":"tag-ultimas-noticias","31":"tag-ultimasnoticias","32":"tag-world","33":"tag-world-news","34":"tag-worldnews"},"share_on_mastodon":{"url":"","error":""},"_links":{"self":[{"href":"https:\/\/www.europesays.com\/es\/wp-json\/wp\/v2\/posts\/155008","targetHints":{"allow":["GET"]}}],"collection":[{"href":"https:\/\/www.europesays.com\/es\/wp-json\/wp\/v2\/posts"}],"about":[{"href":"https:\/\/www.europesays.com\/es\/wp-json\/wp\/v2\/types\/post"}],"author":[{"embeddable":true,"href":"https:\/\/www.europesays.com\/es\/wp-json\/wp\/v2\/users\/2"}],"replies":[{"embeddable":true,"href":"https:\/\/www.europesays.com\/es\/wp-json\/wp\/v2\/comments?post=155008"}],"version-history":[{"count":0,"href":"https:\/\/www.europesays.com\/es\/wp-json\/wp\/v2\/posts\/155008\/revisions"}],"wp:featuredmedia":[{"embeddable":true,"href":"https:\/\/www.europesays.com\/es\/wp-json\/wp\/v2\/media\/155009"}],"wp:attachment":[{"href":"https:\/\/www.europesays.com\/es\/wp-json\/wp\/v2\/media?parent=155008"}],"wp:term":[{"taxonomy":"category","embeddable":true,"href":"https:\/\/www.europesays.com\/es\/wp-json\/wp\/v2\/categories?post=155008"},{"taxonomy":"post_tag","embeddable":true,"href":"https:\/\/www.europesays.com\/es\/wp-json\/wp\/v2\/tags?post=155008"}],"curies":[{"name":"wp","href":"https:\/\/api.w.org\/{rel}","templated":true}]}}