{"id":155028,"date":"2025-10-03T14:43:16","date_gmt":"2025-10-03T14:43:16","guid":{"rendered":"https:\/\/www.europesays.com\/es\/155028\/"},"modified":"2025-10-03T14:43:16","modified_gmt":"2025-10-03T14:43:16","slug":"el-misterioso-tatuaje-xxl-de-ester-exposito-en-paris-que-ha-provocado-debate","status":"publish","type":"post","link":"https:\/\/www.europesays.com\/es\/155028\/","title":{"rendered":"El misterioso tatuaje XXL de Ester Exp\u00f3sito en Par\u00eds que ha provocado debate"},"content":{"rendered":"<p id=\"elP3M9VhGac\" data-wc=\"56\">El desfile de Schiaparelli en la Semana de la Moda de Par\u00eds reuni\u00f3 a numerosas estrellas que sorprendieron con sus looks m\u00e1s sorprendentes, pero una de las m\u00e1s llamativas fue, sin duda, Ester Exp\u00f3sito. La actriz espa\u00f1ola, de 25 a\u00f1os, <a class=\"hm-link ho-link\" href=\"https:\/\/www.hola.com\/moda\/20251002859367\/chiara-ferragni-kylie-jenner-rosalia-looks-invitadas-desfile-schiaparelli-paris\/\" data-mrf-recirculation=\"article-body-link\" rel=\"nofollow noopener\" target=\"_blank\">acapar\u00f3 todas las miradas<\/a> por su estilismo, destacando el impresionante tatuaje que luci\u00f3 en el escote.<\/p>\n<p> <img src=\"https:\/\/www.europesays.com\/es\/wp-content\/uploads\/2025\/10\/8e3c550c9bdc-dlu592414023-1.jpg\"   width=\"680\" height=\"1024\" loading=\"lazy\" decoding=\"async\" alt=\"Ester Exp\u00f3sito en el desfile de Schiaparelli en la Paris Fashion Week el 2 de octubre de 2025\" fetchpriority=\"auto\" class=\"image ho-image\"\/>\u00a9 GTRES<\/p>\n<p class=\"\" id=\"ejbUwVGxaBb\" data-wc=\"95\">Las im\u00e1genes de la protagonista de Venus, El llanto o Perdidos en la noche gener\u00f3 debate r\u00e1pidamente y muchos se preguntaron si era real. Para acudir al show parisino, la actriz luci\u00f3 una de las propuestas m\u00e1s elegantes y sexys, apostando por este conjunto en marr\u00f3n chocolate (color de supertendencia) con un escote bardot y mangas acampanadas que resaltaba su figura. Se trata de un dise\u00f1o de la colecci\u00f3n ready-to-wear Fall\/Winter 2025-26 que tiene algo especial y es que por debajo lleva un body de tul con efecto trampantojo con una rosa pintada a mano.\u00a0<\/p>\n<p> <img src=\"https:\/\/www.europesays.com\/es\/wp-content\/uploads\/2025\/10\/4b11463f8ed5-gettyimages-2238805738.jpg\"   width=\"717\" height=\"1024\" loading=\"lazy\" decoding=\"async\" alt=\"Ester Exp\u00f3sito en el desfile de Schiaparelli en la Paris Fashion Week el 2 de octubre de 2025\" fetchpriority=\"auto\" class=\"image ho-image\"\/>\u00a9 Getty Images<\/p>\n<p id=\"eUNkl8sHf-O\" data-wc=\"60\">Ester, que <a class=\"hm-link ho-link\" href=\"https:\/\/www.hola.com\/belleza\/20250924857581\/ester-exposito-pelo-castano-cambio-look-rubio-flequillo-pelo-largo\/\" data-mrf-recirculation=\"article-body-link\" rel=\"nofollow noopener\" target=\"_blank\">presumi\u00f3 de belleza<\/a> con un maquillaje impecable en el que destacaba su <strong>piel jugosa y muy luminosa<\/strong>, con los ojos enmarcados en negro y l\u00e1piz de color burdeos en la l\u00ednea inferior, pesta\u00f1as infinitas y su &#8216;lip combo&#8217; favorito, optando por un perfilador m\u00e1s oscuro que el labial para conseguir ese extra de volumen que tanto le gusta.<\/p>\n<p> <img src=\"https:\/\/www.europesays.com\/es\/wp-content\/uploads\/2025\/10\/74ec60b4ee63-dlu592414026-1.jpg\"   width=\"1080\" height=\"1800\" loading=\"lazy\" decoding=\"async\" alt=\"Ester Exp\u00f3sito en el desfile de Schiaparelli en la Paris Fashion Week el 2 de octubre de 2025\" fetchpriority=\"auto\" class=\"image ho-image\"\/>\u00a9 GTRES<\/p>\n<p id=\"e0eJrY8k3x\" data-wc=\"54\">Muchos pensaron que Ester Exp\u00f3sito hab\u00eda roto su \u00abregla\u00bb de hacerse <a class=\"hm-link ho-link\" href=\"https:\/\/www.hola.com\/belleza\/20230601233032\/tatuajes-pequenos-originales\/\" data-mrf-recirculation=\"article-body-link\" rel=\"nofollow noopener\" target=\"_blank\">tatuajes minimalistas<\/a>, pero nada que ver. La que fuera protagonista de la exitosa serie \u00c9lite\u00a0jug\u00f3 al despiste y nadie sab\u00eda si era verdad o no, pero gracias a la magia de la moda, pudo lucir una imagen diferente sin tatuarse la piel.<\/p>\n<p> <img src=\"https:\/\/www.europesays.com\/es\/wp-content\/uploads\/2025\/10\/0187e66c0e0d-dlu592414027-1.jpg\"   width=\"936\" height=\"1024\" loading=\"lazy\" decoding=\"async\" alt=\"Ester Exp\u00f3sito en el desfile de Schiaparelli en la Paris Fashion Week el 2 de octubre de 2025\" fetchpriority=\"auto\" class=\"image ho-image\"\/>\u00a9 GTRES<\/p>\n<p id=\"ecyIejo-9s\" data-wc=\"72\">La actriz, que ha vuelto a sus recogidos pulidos con la frente despejada unas semanas despu\u00e9s de que <a class=\"hm-link ho-link\" href=\"https:\/\/www.hola.com\/fashion\/20250902853347\/ester-exposito-look-cuadros-vichy-brigitte-bardot-madrid\/\" data-mrf-recirculation=\"article-body-link\" rel=\"nofollow noopener\" target=\"_blank\">causara sensaci\u00f3n con su flequillo<\/a>, comparti\u00f3 velada con otras estrellas internacionales como Chiara Ferragni o Kylie Jenner, adem\u00e1s de la mism\u00edsima Rosal\u00eda, que sigue dando que hablar con los \u00faltimos estilismos que est\u00e1 llevando y sus apuestas beauty, sobre todo despu\u00e9s de verla con <a class=\"hm-link ho-link\" href=\"https:\/\/www.hola.com\/belleza\/20251002859041\/rosalia-axilas-blancas-tendencia\/\" data-mrf-recirculation=\"article-body-link\" rel=\"nofollow noopener\" target=\"_blank\">las axilas decoloradas que han dado la vuelta al mundo<\/a>.<\/p>\n","protected":false},"excerpt":{"rendered":"El desfile de Schiaparelli en la Semana de la Moda de Par\u00eds reuni\u00f3 a numerosas estrellas que sorprendieron&hellip;\n","protected":false},"author":2,"featured_media":155029,"comment_status":"","ping_status":"","sticky":false,"template":"","format":"standard","meta":{"footnotes":""},"categories":[91],"tags":[3451,146,147,25,24,5232,23,25829],"class_list":{"0":"post-155028","1":"post","2":"type-post","3":"status-publish","4":"format-standard","5":"has-post-thumbnail","7":"category-entretenimiento","8":"tag-belleza","9":"tag-entertainment","10":"tag-entretenimiento","11":"tag-es","12":"tag-espana","13":"tag-ester-exposito","14":"tag-spain","15":"tag-tatuajes"},"share_on_mastodon":{"url":"","error":""},"_links":{"self":[{"href":"https:\/\/www.europesays.com\/es\/wp-json\/wp\/v2\/posts\/155028","targetHints":{"allow":["GET"]}}],"collection":[{"href":"https:\/\/www.europesays.com\/es\/wp-json\/wp\/v2\/posts"}],"about":[{"href":"https:\/\/www.europesays.com\/es\/wp-json\/wp\/v2\/types\/post"}],"author":[{"embeddable":true,"href":"https:\/\/www.europesays.com\/es\/wp-json\/wp\/v2\/users\/2"}],"replies":[{"embeddable":true,"href":"https:\/\/www.europesays.com\/es\/wp-json\/wp\/v2\/comments?post=155028"}],"version-history":[{"count":0,"href":"https:\/\/www.europesays.com\/es\/wp-json\/wp\/v2\/posts\/155028\/revisions"}],"wp:featuredmedia":[{"embeddable":true,"href":"https:\/\/www.europesays.com\/es\/wp-json\/wp\/v2\/media\/155029"}],"wp:attachment":[{"href":"https:\/\/www.europesays.com\/es\/wp-json\/wp\/v2\/media?parent=155028"}],"wp:term":[{"taxonomy":"category","embeddable":true,"href":"https:\/\/www.europesays.com\/es\/wp-json\/wp\/v2\/categories?post=155028"},{"taxonomy":"post_tag","embeddable":true,"href":"https:\/\/www.europesays.com\/es\/wp-json\/wp\/v2\/tags?post=155028"}],"curies":[{"name":"wp","href":"https:\/\/api.w.org\/{rel}","templated":true}]}}