{"id":155032,"date":"2025-10-03T14:45:07","date_gmt":"2025-10-03T14:45:07","guid":{"rendered":"https:\/\/www.europesays.com\/es\/155032\/"},"modified":"2025-10-03T14:45:07","modified_gmt":"2025-10-03T14:45:07","slug":"salida-masiva-de-accionistas-minoritarios-en-duro-felguera-a-las-puertas-de-un-posible-concurso-de-acreedores","status":"publish","type":"post","link":"https:\/\/www.europesays.com\/es\/155032\/","title":{"rendered":"Salida masiva de accionistas minoritarios en Duro Felguera a las puertas de un posible concurso de acreedores"},"content":{"rendered":"<p style=\"\">Los accionistas minoritarios de Duro Felguera huyen despavoridos de su capital tras la decisi\u00f3n del <strong>Juzgado de lo Mercantil n\u00ba 3 de Gij\u00f3n<\/strong> de no conceder una nueva pr\u00f3rroga del preconcurso de acreedores a la industrial asturiana. Tras conocer la resoluci\u00f3n, los inversores agrupados  &#8230; en la <strong>Sindicatura de Accionistas Minoritarios<\/strong> (SAM) de Duro Felguera<a href=\"https:\/\/www.abc.es\/economia\/minoritarios-oponen-venta-activos-duro-felguera-precio-20250930183943-nt.html\" target=\"_self\" data-voc-vtm-id=\"in-text-traffic\" title=\", que suman alrededor del 8% de la compa\u00f1\u00eda\" rel=\"nofollow noopener\">, que suman alrededor del 8% de la compa\u00f1\u00eda<\/a>, vendieron ayer el 90% de sus t\u00edtulos en una jornada negra en <strong>Bolsa<\/strong> para la empresa en la que sus acciones perdieron m\u00e1s de un 30% de valor (a media ma\u00f1ana del viernes las acciones hab\u00edan recuperado un 20%).<\/p>\n<p class=\"voc-p\" style=\"\">Duro Felguera comunic\u00f3 ayer a la <strong>Comisi\u00f3n Nacional de los Mercados y Valores (CNMV)<\/strong> que todav\u00eda puede evitar la situaci\u00f3n de concurso de acreedores porque la Ley Concursal le da margen hasta el 31 de octubre para presentar la solicitud de homologaci\u00f3n judicial del plan de reestructuraci\u00f3n, \u00absiendo la voluntad de la Sociedad presentarla tan pronto como se obtengan las mayor\u00edas necesarias, con la finalidad de evitar el concurso de acreedores\u00bb. Sin embargo, a los minoritarios de la compa\u00f1\u00eda rescatada por la SEPI se les ha agotado la paciencia y han decidido no esperar m\u00e1s, tras meses solicitando al consejo de administraci\u00f3n que les hiciera part\u00edcipes del plan de reestructuraci\u00f3n. <\/p>\n<p class=\"voc-p\" style=\"\">\u00abTras 4 a\u00f1os de enorme trabajo, no hemos podido lograr unir a los accionistas para evitar todo lo ocurrido\u00bb, ha expresado en la red social X el presidente del SAM Duro Felguera, Eduardo Bre\u00f1a y Bre\u00f1a. \u00abOjal\u00e1 nos equivoquemos, pero no hay futuro sin honestidad al tim\u00f3n\u00bb, ha a\u00f1adido en el mismo mensaje. En el SAM tambi\u00e9n hab\u00eda temor a que los principales accionistas de la empresa, los mexicanos<strong> Grupo Prodi y Mota Engi<\/strong>l, acometieran una ampliaci\u00f3n de capital  y vieran diluida su participaci\u00f3n. \u00abNo aceptaremos que los accionistas de control aporten 10 millones v\u00eda ampliaci\u00f3n priv\u00e1ndonos a los minoritarios que aportamos con ellos los 90 millones. O esa aportaci\u00f3n se produce v\u00eda pr\u00e9stamo de socios sin ampliaci\u00f3n o v\u00eda ampliaci\u00f3n pero con derecho de suscripci\u00f3n, s\u00f3lo faltaba una diluci\u00f3n a quienes suscribimos la ampliaci\u00f3n y aportamos capital junto con los socios de control\u00bb, expresaron el pasado lunes en un comunicado. <\/p>\n<p class=\"voc-p\" style=\"\">La situaci\u00f3n de Duro Felguera es ahora m\u00e1s cr\u00edtica que nunca y acaba de entrar en una cuenta atr\u00e1s que si nada lo evita dejar\u00e1 en la estacada tambi\u00e9n a accionistas y acreedores, entre ellos al Estado que rescat\u00f3 con <strong>120 millones de euros a la empresa durante la pandemia a trav\u00e9s de la SEPI<\/strong>. La asturiana entr\u00f3 en preconcurso de acreedores en el mes de marzo, tras verse obligada la compa\u00f1\u00eda a provisionar 100 millones de euros por un arbitraje en Argelia. Desde entonces la empresa ha activado un plan de viabilidad para tratar de reflotar su situaci\u00f3n patrimonial en el que se han tomado medidas como<strong> la venta de &#8216;El Taller\u00f3n&#8217; a Indra<\/strong> y un ERE para 180 empleados. <\/p>\n","protected":false},"excerpt":{"rendered":"Los accionistas minoritarios de Duro Felguera huyen despavoridos de su capital tras la decisi\u00f3n del Juzgado de lo&hellip;\n","protected":false},"author":2,"featured_media":155033,"comment_status":"","ping_status":"","sticky":false,"template":"","format":"standard","meta":{"footnotes":""},"categories":[80],"tags":[10599,46539,82,4023,2562,95,94,25,24,2563,5671,11887,5748,23],"class_list":{"0":"post-155032","1":"post","2":"type-post","3":"status-publish","4":"format-standard","5":"has-post-thumbnail","7":"category-economia","8":"tag-accionistas","9":"tag-acreedores","10":"tag-business","11":"tag-concurso","12":"tag-duro","13":"tag-economia","14":"tag-economy","15":"tag-es","16":"tag-espana","17":"tag-felguera","18":"tag-fuga","19":"tag-minoritarios","20":"tag-puertas","21":"tag-spain"},"share_on_mastodon":{"url":"","error":""},"_links":{"self":[{"href":"https:\/\/www.europesays.com\/es\/wp-json\/wp\/v2\/posts\/155032","targetHints":{"allow":["GET"]}}],"collection":[{"href":"https:\/\/www.europesays.com\/es\/wp-json\/wp\/v2\/posts"}],"about":[{"href":"https:\/\/www.europesays.com\/es\/wp-json\/wp\/v2\/types\/post"}],"author":[{"embeddable":true,"href":"https:\/\/www.europesays.com\/es\/wp-json\/wp\/v2\/users\/2"}],"replies":[{"embeddable":true,"href":"https:\/\/www.europesays.com\/es\/wp-json\/wp\/v2\/comments?post=155032"}],"version-history":[{"count":0,"href":"https:\/\/www.europesays.com\/es\/wp-json\/wp\/v2\/posts\/155032\/revisions"}],"wp:featuredmedia":[{"embeddable":true,"href":"https:\/\/www.europesays.com\/es\/wp-json\/wp\/v2\/media\/155033"}],"wp:attachment":[{"href":"https:\/\/www.europesays.com\/es\/wp-json\/wp\/v2\/media?parent=155032"}],"wp:term":[{"taxonomy":"category","embeddable":true,"href":"https:\/\/www.europesays.com\/es\/wp-json\/wp\/v2\/categories?post=155032"},{"taxonomy":"post_tag","embeddable":true,"href":"https:\/\/www.europesays.com\/es\/wp-json\/wp\/v2\/tags?post=155032"}],"curies":[{"name":"wp","href":"https:\/\/api.w.org\/{rel}","templated":true}]}}