{"id":155036,"date":"2025-10-03T14:47:14","date_gmt":"2025-10-03T14:47:14","guid":{"rendered":"https:\/\/www.europesays.com\/es\/155036\/"},"modified":"2025-10-03T14:47:14","modified_gmt":"2025-10-03T14:47:14","slug":"fiestas-del-pilar-2025-en-zaragoza-programa-completo-conciertos-gratis-fechas-y-horarios-el-mundo","status":"publish","type":"post","link":"https:\/\/www.europesays.com\/es\/155036\/","title":{"rendered":"Fiestas del Pilar 2025 en Zaragoza: programa completo, conciertos gratis, fechas y horarios &#8211; El Mundo"},"content":{"rendered":"<ol>\n<li><a href=\"https:\/\/news.google.com\/rss\/articles\/CBMid0FVX3lxTE9MMTg5STBCNHJmd3RISnpTeU9fejRzRUhuVjVTaHJQNjZJR2ZTUzJfbzNFX1FYZjlHQ2oyaGRfWWUtd0RVQ0lOZU13eFdabTMwZTRidDQ1emgwX1Qyb2FUaWx2QW11Zng1Vm9HbTNDMmlQVmJfalNn0gF3QVVfeXFMT294Nzlubmc2eFQzdjdyWE01Z3cxUnlEcmVLZVlnV3ptYmVMYXdTT0lSYjNyNjBKX0hfY3VvWldRRnZUS0xkR2RTaEkwclFGWlF1RVVic1pPZUlMWDN1dkRoOGJPM0JGWHBQbnFibXl4amlQeGFSMHc?oc=5\" target=\"_blank\" rel=\"nofollow noopener\">Fiestas del Pilar 2025 en Zaragoza: programa completo, conciertos gratis, fechas y horarios<\/a>&nbsp;&nbsp;El Mundo<\/li>\n<li><a href=\"https:\/\/news.google.com\/rss\/articles\/CBMidkFVX3lxTE9BRm4xSmF2SUVhX3EtZklhbU83aTZCSDJ0UGJoWjNweFJhOVJjNTQ1Si0tcng3UkdkeGJaUG1RYVFWUWs1Y1RJZGM5T1duZmlEWUE3RndDM1EzSVF5YXRtTWJkZi0xZFdQQTNGMDBEdzk0dEVEdVE?oc=5\" target=\"_blank\" rel=\"nofollow noopener\">El Parque de las Marionetas, R\u00edo y Juego, el Tragachicos, la Comparsa y el Le\u00f3n Garganch\u00f3n, grandes protagonistas de las propuestas infantiles de las Fiestas del Pilar<\/a>&nbsp;&nbsp;Ayuntamiento de Zaragoza<\/li>\n<li><a href=\"https:\/\/news.google.com\/rss\/articles\/CBMi3AFBVV95cUxQUzRlSGI5NHlCa044SGxLSWxKT1RvMUhtb1otY3U5ZndvVGxWbHRQOHp6aGtUT1JnRmk5aHBxaDJ4VV9QNWlnenZwQkh2RElCYTdhdDVaWV9RWjlZVlY0Y0R2UFdrYUVtMlNiX20xbjFxNkNQSnI3SS1JR1BTMEJaQlVESWp1Mk5NTTVKa0d6TktRWXNhOTBnU1hqQWtFekRDNHlMajhpUnZaTGc5VF9EQ20zNDJ2b1lpbWZTb2JGNzVvS1JFbnZDVEhXcW03Mzd2ajB2bC1EY1U5Z0k00gHwAUFVX3lxTE9HbWV1aVFoVHV3TTc3ZFpUb2sxNFdQVkQ3elVISmQ2QmJlQWQ1bDk0dXh6SDdZaE1fZy1KdDd6VWRQZzBfOFp1emU5Q0dKZVc4UFY5TTZ2ampfclVDNXF0R0ZwanZrUzJFWl9DUHJ1YzhwTEVLSFBBSEJoS1VzTU40SkMwVXBPSnR5QkFvY3hGOE9NcHhrVUdnTThkVUZaNUx5d2tZN2dXbVNUSnk1eWVTUFpwYWc4NWhKOUNsb0RrYmFaaHQ3UGZpaHlsc1RUYkJSbHRrS0w4dG1uMEs5SmdsaWVDYjdBVlJnMzRXTHV1Wg?oc=5\" target=\"_blank\" rel=\"nofollow noopener\">El Le\u00f3n Garganch\u00f3n, el Ebro y parkour: As\u00ed ser\u00e1 el desfile del preg\u00f3n de las Fiestas del Pilar<\/a>&nbsp;&nbsp;Cadena SER<\/li>\n<li><a href=\"https:\/\/news.google.com\/rss\/articles\/CBMi1gFBVV95cUxPenNIdkVmdUlkMGV4a3BraUo1STFxR3ZFdjR0bk9rZGZDdHZWdlJsdFZwdmZVUzdZREhJaDhiMjV1Q1JSVDhpZWFoNG9vaW1SdFU5OXNUUGR6dXRxREUzTF9jSlZFbnhpT3pSRk9mZjlIWXNRaHF2SjJnMlM2cmNkb1Q0Ykt1eHJQZjdUVnV2Y2ExMDhxVUNvTE15Ukp1S2IybTNMVFVIVldsREE3enZrVXQwVTI0LWhMakxObGN5VnQwQUtsRGRCY29yRlJ1Rk1EeVNWOE9R0gHWAUFVX3lxTFBCd3FvMFVQaHo2eUFJODNwWTNvWURPOER6amRIZXBZeFJFcGRzNWplOHZnZVYzQVhtY3NHNjV0S05nekVsTVNDemp6WXU4RGxIMmRDOWdJTHdsZUhRRlhjcUJpaWhQcTF2ZGhlQjdoS0dST2RBREItUjlrNlJCWk5WSjhaYWtDeTU0czhlSkpyMTUtNjhUSms0X2FNR3pZb216UkdsZ1RJOGROT0FYZ3dlakk5bGlVaUlJSzM5d3VOakZ2SDNmRG5aTERQSGh3eDk2OFVNYnc?oc=5\" target=\"_blank\" rel=\"nofollow noopener\">M\u00e1s de Uno Zaragoza matinal 03\/10\/2025<\/a>&nbsp;&nbsp;Onda Cero<\/li>\n<li><a href=\"https:\/\/news.google.com\/rss\/articles\/CBMiyAFBVV95cUxPWS1LNXg2dEh6SXV1THFBRVRGTjZmQm5nZE9vemNxb2dlSm83emloN1V3TmIxcXZfQWxKcE1uN3NoZlFlSXA4cGIxdXZkeTA1MkIzU3BWRkJfU0JXUnV4VWpDT0JIVlc1OU1yTTllUlQtblJMcWlSNmVOVUowczU5WWtkc0pLWUFLTnRPdnZQWWJjWXBVd1pxVlVNUWdBOGV6dTZYSjhwUVhBdFJyMUd5cXlJTFZCelp6Wk1PUHZfNm04Yms4bUtpRtIBzgFBVV95cUxORUZ6Y3pNbmNTa3l2UVE0ZWFDSnVUYTNEMTlCdjJPdEs4ZWNSYVRjdGtSS0h4MTd1VkJYUWMxWnF3aEh2YUpaZHVxNDRjUnhxZkpQb2llRVp6dWZVMzZSRk9XajJHN3ZpLWhZcUFaYmtwZjlhcnZmWElxbkVMXzBLandpb0dSLWw3ejVhLTFVTEpwV2pwTGFnX1o3TVNOYkRLWUwyc010VWExelBkYWdzRkJ4MFlhelZ6OWJwVnI4OHlrckJ0U2I4RzVMV3ZVUQ?oc=5\" target=\"_blank\" rel=\"nofollow noopener\">Zaragoza prepara el cachirulo para iniciar las Fiestas del Pilar 2025<\/a>&nbsp;&nbsp;La Vanguardia<\/li>\n<\/ol>\n","protected":false},"excerpt":{"rendered":"Fiestas del Pilar 2025 en Zaragoza: programa completo, conciertos gratis, fechas y horarios&nbsp;&nbsp;El Mundo El Parque de las&hellip;\n","protected":false},"author":2,"featured_media":155037,"comment_status":"","ping_status":"","sticky":false,"template":"","format":"standard","meta":{"footnotes":""},"categories":[8],"tags":[17,18,2170,208,729,25,24,13,14,11,19,20,9,10,15,16,23,12,21,22,491],"class_list":{"0":"post-155036","1":"post","2":"type-post","3":"status-publish","4":"format-standard","5":"has-post-thumbnail","7":"category-espana","8":"tag-breaking-news","9":"tag-breakingnews","10":"tag-como","11":"tag-conciertos","12":"tag-dda","13":"tag-es","14":"tag-espana","15":"tag-featured-news","16":"tag-featurednews","17":"tag-headlines","18":"tag-latest-news","19":"tag-latestnews","20":"tag-news","21":"tag-noticias","22":"tag-noticias-destacadas","23":"tag-noticiasdestacadas","24":"tag-spain","25":"tag-titulares","26":"tag-ultimas-noticias","27":"tag-ultimasnoticias","28":"tag-zaragoza"},"share_on_mastodon":{"url":"","error":""},"_links":{"self":[{"href":"https:\/\/www.europesays.com\/es\/wp-json\/wp\/v2\/posts\/155036","targetHints":{"allow":["GET"]}}],"collection":[{"href":"https:\/\/www.europesays.com\/es\/wp-json\/wp\/v2\/posts"}],"about":[{"href":"https:\/\/www.europesays.com\/es\/wp-json\/wp\/v2\/types\/post"}],"author":[{"embeddable":true,"href":"https:\/\/www.europesays.com\/es\/wp-json\/wp\/v2\/users\/2"}],"replies":[{"embeddable":true,"href":"https:\/\/www.europesays.com\/es\/wp-json\/wp\/v2\/comments?post=155036"}],"version-history":[{"count":0,"href":"https:\/\/www.europesays.com\/es\/wp-json\/wp\/v2\/posts\/155036\/revisions"}],"wp:featuredmedia":[{"embeddable":true,"href":"https:\/\/www.europesays.com\/es\/wp-json\/wp\/v2\/media\/155037"}],"wp:attachment":[{"href":"https:\/\/www.europesays.com\/es\/wp-json\/wp\/v2\/media?parent=155036"}],"wp:term":[{"taxonomy":"category","embeddable":true,"href":"https:\/\/www.europesays.com\/es\/wp-json\/wp\/v2\/categories?post=155036"},{"taxonomy":"post_tag","embeddable":true,"href":"https:\/\/www.europesays.com\/es\/wp-json\/wp\/v2\/tags?post=155036"}],"curies":[{"name":"wp","href":"https:\/\/api.w.org\/{rel}","templated":true}]}}