{"id":155038,"date":"2025-10-03T14:48:13","date_gmt":"2025-10-03T14:48:13","guid":{"rendered":"https:\/\/www.europesays.com\/es\/155038\/"},"modified":"2025-10-03T14:48:13","modified_gmt":"2025-10-03T14:48:13","slug":"valladolid-impulsa-170-nuevas-viviendas-colaborativas-en-parque-alameda-en-colaboracion-con-la-junta-de-castilla-y-leon","status":"publish","type":"post","link":"https:\/\/www.europesays.com\/es\/155038\/","title":{"rendered":"Valladolid impulsa 170 nuevas viviendas colaborativas en Parque Alameda en colaboraci\u00f3n con la Junta de Castilla y Le\u00f3n"},"content":{"rendered":"<p>Descripci\u00f3n<\/p>\n<p class=\"cmParagraph\">Esta ma\u00f1ana, el alcalde de Valladolid, Jes\u00fas Julio Carnero, y el consejero de Medio Ambiente, Vivienda y Ordenaci\u00f3n del Territorio de la Junta de Castilla y Le\u00f3n, Juan Carlos Su\u00e1rez-Qui\u00f1ones, han visitado las obras de las nuevas 170 viviendas colaborativas en Parque Alameda, una promoci\u00f3n destinada al alquiler social para j\u00f3venes menores de 36 a\u00f1os.<\/p>\n<p class=\"cmParagraph\">Como ha explicado Carnero, \u00abesta promoci\u00f3n que visitamos hoy de 170 viviendas en Parque Alameda se convierte en un s\u00edmbolo del nuevo modelo residencial de Valladolid, que combina accesibilidad, sostenibilidad e innovaci\u00f3n social. Con m\u00e1s de 650 viviendas de alquiler joven en marcha, la ciudad refuerza su compromiso con las nuevas generaciones y se consolida como un referente en pol\u00edticas p\u00fablicas de vivienda en Castilla y Le\u00f3n\u00bb<\/p>\n<p class=\"cmParagraph\">Con una inversi\u00f3n de 22,5 millones de euros, este proyecto supone la creaci\u00f3n de un conjunto residencial innovador compuesto por nueve edificios (8 de 19 viviendas y 1 de 18), con zonas comunes de coworking, lavander\u00edas, garajes y espacios naturalizados. Todas las viviendas cuentan con 60 m\u00b2 \u00fatiles, dos dormitorios, dos ba\u00f1os y terraza, cumpliendo los est\u00e1ndares del sello de calidad \u2018Tuya Vivienda\u2019 y con calificaci\u00f3n energ\u00e9tica tipo A.<\/p>\n<p class=\"cmParagraph\">El modelo de vivienda colaborativa apuesta por una vida comunitaria en la que se comparten servicios b\u00e1sicos y espacios comunes, reforzando la cohesi\u00f3n social y la sostenibilidad urbana.<\/p>\n<p class=\"cmParagraph\"> <img loading=\"lazy\" decoding=\"async\" src=\"https:\/\/www.europesays.com\/es\/wp-content\/uploads\/2025\/10\/1120055-20251003 Viviendas Alquiler Social J\u00f3venes Parque Alameda - Alcalde 2.jpg\" width=\"1600\" height=\"1066\" alt=\"20251003 Viviendas Alquiler Social J\u00f3venes Parque Alameda - Alcalde 2\"\/><\/p>\n<p class=\"cmParagraph\"><strong>Un parque residencial en expansi\u00f3n: m\u00e1s de 650 viviendas de alquiler joven en Valladolid<\/strong><\/p>\n<p class=\"cmParagraph\">El proyecto de Parque Alameda se enmarca dentro de la estrategia conjunta del Ayuntamiento y la Junta de Castilla y Le\u00f3n para ampliar la oferta de alquiler asequible en Valladolid, especialmente orientada a los j\u00f3venes que desean iniciar su proyecto de vida en la ciudad.<\/p>\n<p class=\"cmParagraph\">En los \u00faltimos dos a\u00f1os, fruto de esta colaboraci\u00f3n, se han puesto en marcha o rehabilitado m\u00e1s de 650 viviendas:<\/p>\n<ul>\n<li>394 viviendas colaborativas en construcci\u00f3n en diferentes zonas:\n<ul>\n<li>Los Viveros (C\/ Jardines de Sabatini)<\/li>\n<li>Parque Alameda (170 viviendas)<\/li>\n<li>Huerta del Rey (C\/ Mieses)<\/li>\n<li>Parquesol (C\/ Julio Senador G\u00f3mez)<\/li>\n<\/ul>\n<\/li>\n<li>63 viviendas rehabilitadas en el edificio Puente Colgante.<\/li>\n<li>100 nuevas viviendas en los antiguos Cuarteles de Artiller\u00eda.<\/li>\n<li>51 viviendas en la antigua Casa Cuartel de Vadillos.<\/li>\n<\/ul>\n<p class=\"cmParagraph\">Adem\u00e1s, se suman otras iniciativas de la sociedad municipal VIVA, como las 47 viviendas protegidas en Puente Jard\u00edn, con trasteros, aparcamientos, huertos urbanos y un dise\u00f1o bioclim\u00e1tico que prioriza sostenibilidad y eficiencia energ\u00e9tica.<\/p>\n<p class=\"cmParagraph\"> <img loading=\"lazy\" decoding=\"async\" src=\"https:\/\/www.europesays.com\/es\/wp-content\/uploads\/2025\/10\/1120056-20251003 Viviendas Alquiler Social J\u00f3venes Parque Alameda - Alcalde 12.jpg\" width=\"1600\" height=\"1066\" alt=\"20251003 Viviendas Alquiler Social J\u00f3venes Parque Alameda - Alcalde 12\"\/><\/p>\n<p class=\"cmParagraph\"><strong>Una alianza estrat\u00e9gica Ayuntamiento \u2013 Junta de Castilla y Le\u00f3n<\/strong><\/p>\n<p class=\"cmParagraph\">En este sentido, como ha explicado el alcalde, \u00abel \u00e9xito de estas promociones se fundamenta en la colaboraci\u00f3n institucional: el Ayuntamiento de Valladolid aporta suelo municipal y la Junta de Castilla y Le\u00f3n, a trav\u00e9s de Somacyl, impulsa la construcci\u00f3n y gesti\u00f3n. Y esa es nuestra mejor l\u00ednea de trabajo, facilitar el acceso a los j\u00f3venes a vivienda asequible en Valladolid es apostar por una ciudad viva, con futuro, con innovaci\u00f3n y con cohesi\u00f3n social, gracias por supuesto, a la apuesta conjunta con la Junta presidida por Alfonso Fern\u00e1ndez Ma\u00f1ueco\u00bb.<\/p>\n<p class=\"cmParagraph\">Se trata de un modelo que no solo atiende a las necesidades de vivienda juvenil, sino que tambi\u00e9n fomenta el desarrollo urbano sostenible y la retenci\u00f3n de talento en la ciudad.<\/p>\n","protected":false},"excerpt":{"rendered":"Descripci\u00f3n Esta ma\u00f1ana, el alcalde de Valladolid, Jes\u00fas Julio Carnero, y el consejero de Medio Ambiente, Vivienda y&hellip;\n","protected":false},"author":2,"featured_media":155039,"comment_status":"","ping_status":"","sticky":false,"template":"","format":"standard","meta":{"footnotes":""},"categories":[5],"tags":[4115,4109,249,1250,17,18,4107,4114,777,4110,25,24,13,14,260,11,19,20,4108,9,4112,10,15,16,4111,4116,4113,23,12,21,22,1607],"class_list":{"0":"post-155038","1":"post","2":"type-post","3":"status-publish","4":"format-standard","5":"has-post-thumbnail","7":"category-titulares","8":"tag-agendas","9":"tag-alcaldia","10":"tag-ayudas","11":"tag-ayuntamiento","12":"tag-breaking-news","13":"tag-breakingnews","14":"tag-castilla","15":"tag-centros","16":"tag-ciudad","17":"tag-corporacion","18":"tag-es","19":"tag-espana","20":"tag-featured-news","21":"tag-featurednews","22":"tag-gente","23":"tag-headlines","24":"tag-latest-news","25":"tag-latestnews","26":"tag-leon","27":"tag-news","28":"tag-normativas","29":"tag-noticias","30":"tag-noticias-destacadas","31":"tag-noticiasdestacadas","32":"tag-presupuestos","33":"tag-publicaciones","34":"tag-servicios","35":"tag-spain","36":"tag-titulares","37":"tag-ultimas-noticias","38":"tag-ultimasnoticias","39":"tag-valladolid"},"share_on_mastodon":{"url":"","error":""},"_links":{"self":[{"href":"https:\/\/www.europesays.com\/es\/wp-json\/wp\/v2\/posts\/155038","targetHints":{"allow":["GET"]}}],"collection":[{"href":"https:\/\/www.europesays.com\/es\/wp-json\/wp\/v2\/posts"}],"about":[{"href":"https:\/\/www.europesays.com\/es\/wp-json\/wp\/v2\/types\/post"}],"author":[{"embeddable":true,"href":"https:\/\/www.europesays.com\/es\/wp-json\/wp\/v2\/users\/2"}],"replies":[{"embeddable":true,"href":"https:\/\/www.europesays.com\/es\/wp-json\/wp\/v2\/comments?post=155038"}],"version-history":[{"count":0,"href":"https:\/\/www.europesays.com\/es\/wp-json\/wp\/v2\/posts\/155038\/revisions"}],"wp:featuredmedia":[{"embeddable":true,"href":"https:\/\/www.europesays.com\/es\/wp-json\/wp\/v2\/media\/155039"}],"wp:attachment":[{"href":"https:\/\/www.europesays.com\/es\/wp-json\/wp\/v2\/media?parent=155038"}],"wp:term":[{"taxonomy":"category","embeddable":true,"href":"https:\/\/www.europesays.com\/es\/wp-json\/wp\/v2\/categories?post=155038"},{"taxonomy":"post_tag","embeddable":true,"href":"https:\/\/www.europesays.com\/es\/wp-json\/wp\/v2\/tags?post=155038"}],"curies":[{"name":"wp","href":"https:\/\/api.w.org\/{rel}","templated":true}]}}